{"id":17169,"date":"2022-05-25T13:21:38","date_gmt":"2022-05-25T16:21:38","guid":{"rendered":"https:\/\/radiorevelacionfm.cl\/?p=17169"},"modified":"2022-05-25T13:21:38","modified_gmt":"2022-05-25T16:21:38","slug":"senadora-ordenes-acerco-la-labor-legislativa-a-colegios-de-coyhaique-gracias-a-senado-en-tu-sala","status":"publish","type":"post","link":"https:\/\/radiorevelacionfm.cl\/?p=17169","title":{"rendered":"Senadora Ordenes acerc\u00f3 la labor legislativa a colegios de Coyhaique gracias a \u201cSenado en tu Sala\u201d"},"content":{"rendered":"<div class=\"flex_column av_one_full  flex_column_div av-zero-column-padding first  avia-builder-el-0  el_before_av_one_full  avia-builder-el-first  \" style='border-radius:0px; '><div  class='avia-image-container  av-styling-    avia-builder-el-1  avia-builder-el-no-sibling  avia-align-center '  itemprop=\"image\" itemscope=\"itemscope\" itemtype=\"https:\/\/schema.org\/ImageObject\"  ><div class='avia-image-container-inner'><div class='avia-image-overlay-wrap'><img decoding=\"async\" class='wp-image-17170 avia-img-lazy-loading-not-17170 avia_image' src=\"https:\/\/radiorevelacionfm.cl\/wp-content\/uploads\/2022\/05\/3-77-2_optimized.jpg\" alt='' title='3-(77)-(2)_optimized' height=\"600\" width=\"800\"  itemprop=\"thumbnailUrl\" srcset=\"https:\/\/radiorevelacionfm.cl\/wp-content\/uploads\/2022\/05\/3-77-2_optimized.jpg 800w, https:\/\/radiorevelacionfm.cl\/wp-content\/uploads\/2022\/05\/3-77-2_optimized-300x225.jpg 300w, https:\/\/radiorevelacionfm.cl\/wp-content\/uploads\/2022\/05\/3-77-2_optimized-768x576.jpg 768w, https:\/\/radiorevelacionfm.cl\/wp-content\/uploads\/2022\/05\/3-77-2_optimized-705x529.jpg 705w, https:\/\/radiorevelacionfm.cl\/wp-content\/uploads\/2022\/05\/3-77-2_optimized-600x450.jpg 600w\" sizes=\"(max-width: 800px) 100vw, 800px\" \/><\/div><\/div><\/div><\/div><div class=\"flex_column av_one_full  flex_column_div av-zero-column-padding first  avia-builder-el-2  el_after_av_one_full  el_before_av_one_full  column-top-margin\" style='border-radius:0px; '><section class=\"av_textblock_section \"  itemscope=\"itemscope\" itemtype=\"https:\/\/schema.org\/BlogPosting\" itemprop=\"blogPost\" ><div class='avia_textblock  '   itemprop=\"text\" ><p style=\"text-align: center;\"><span style=\"font-size: 18pt;\"><b><span lang=\"ES-MX\">Senadora Ordenes acerc\u00f3 la labor legislativa a colegios de Coyhaique gracias a \u201cSenado en tu Sala\u201d<\/span><\/b><\/span><\/p>\n<div id=\"gtx-trans\" style=\"position: absolute; left: -50px; top: 4.31534px;\">\n<div class=\"gtx-trans-icon\"><\/div>\n<\/div>\n<\/div><\/section><\/div><div class=\"flex_column av_one_full  flex_column_div av-zero-column-padding first  avia-builder-el-4  el_after_av_one_full  el_before_av_hr  column-top-margin\" style='border-radius:0px; '><section class=\"av_textblock_section \"  itemscope=\"itemscope\" itemtype=\"https:\/\/schema.org\/BlogPosting\" itemprop=\"blogPost\" ><div class='avia_textblock  '   itemprop=\"text\" ><p style=\"text-align: justify;\">En tres colegios de la capital regional de Ays\u00e9n se realiz\u00f3 la iniciativa \u201cSenado En Tu Sala\u201d, programa de vinculaci\u00f3n territorial implementado en todo Chile por el Senado de la Rep\u00fablica, y que tuvo como principal oradora a la senadora Ximena Ordenes, quien explic\u00f3 detalles sobre la labor legislativa, as\u00ed como tambi\u00e9n respondi\u00f3 las preguntas de las y los estudiantes sobre distintas inquietudes de car\u00e1cter local y nacional.<\/p>\n<p style=\"text-align: justify;\">Los establecimientos educacionales en los que se desarroll\u00f3 \u201cSenado en tu Sala\u201d fueron el Colegio Alianza Austral, el CEIA Josefina M\u00e9ndez y el Liceo San Felipe Benicio, teniendo como protagonistas a alumnos que mostraron un gran inter\u00e9s por la labor parlamentaria que se realiza en el Senado al ser, en palabras de Ximena Ordenes, \u201cun espacio de di\u00e1logo e interacci\u00f3n de senadores y senadoras con estudiantes\u201d<\/p>\n<p style=\"text-align: justify;\">\u201cQuiero agradecer cada una de las inquietudes, propuestas e interrogantes formuladas, no s\u00f3lo porque nos permite dar a conocer el trabajo que realizamos en el \u00e1mbito legislativo, sino que, tambi\u00e9n, nos permite recoger inquietudes, particularmente de j\u00f3venes, porque Chile tiene que construir un futuro, un futuro distinto que est\u00e9 marcado por la esperanza y la transformaci\u00f3n social\u201d, indic\u00f3 la senadora.<\/p>\n<p style=\"text-align: justify;\">A\u00f1adi\u00f3 que ese futuro \u201crequiere que los j\u00f3venes tambi\u00e9n est\u00e9n involucrados en el quehacer de la pol\u00edtica, en las distintas actividades que desarrollamos, en el caso personal, como senadora de la Rep\u00fablica y como senadora de la regi\u00f3n de Ays\u00e9n. Solo agradecer la alta participaci\u00f3n de cada uno de los establecimientos educacionales de la ciudad de Coyhaique y que, espero, sea tambi\u00e9n una instancia que podamos repetir, porque es un tremendo ejercicio de formaci\u00f3n ciudadana y c\u00edvica\u201d<\/p>\n<p style=\"text-align: justify;\">La parlamentaria destac\u00f3 que hubo muchas preguntas respecto al rol y al papel que cumple el poder legislativo, \u00a0\u201cpero tambi\u00e9n hubo muchas inquietudes respecto a desaf\u00edos regionales territoriales, a los desaf\u00edos futuros que tiene el pa\u00eds, en materia de seguridad p\u00fablica y control de la violencia, tem\u00e1ticas que a mi juicio son parte de la agenda nacional y que requieren tambi\u00e9n participaci\u00f3n muy activa de aquellos que estamos en el \u00e1mbito legislativo, pero que est\u00e1 en sinton\u00eda tambi\u00e9n con aquellos que habitan los territorios como es el caso de Ays\u00e9n\u201d.<\/p>\n<p style=\"text-align: justify;\">La senadora Ordenes hizo hincapi\u00e9 en la importancia de los espacios de formaci\u00f3n ciudadana y formaci\u00f3n c\u00edvica, se\u00f1alando que \u201cel ser ciudadano y ciudadana implica un aprendizaje tambi\u00e9n, espacios de di\u00e1logo que van m\u00e1s all\u00e1 de la teor\u00eda, sino que del intercambio de experiencias y de las posibilidades que van a tener otros hombres y mujeres, j\u00f3venes, tambi\u00e9n de participar en espacios de toma de decisiones y la actividad pol\u00edtica\u201d.<\/p>\n<\/div><\/section><\/div><div  style='height:50px' class='hr hr-invisible   avia-builder-el-6  el_after_av_one_full  el_before_av_social_share '><span class='hr-inner ' ><span class='hr-inner-style'><\/span><\/span><\/div><\/p>\n<div  class='av-social-sharing-box  avia-builder-el-7  el_after_av_hr  el_before_av_hr  '><div class='av-share-box'><h5 class='av-share-link-description av-no-toc '>Compartir esta noticia<\/h5><ul class='av-share-box-list noLightbox'><li class='av-share-link av-social-link-facebook' ><a target=\"_blank\" aria-label=\"Compartir en Facebook\" href='https:\/\/www.facebook.com\/sharer.php?u=https:\/\/radiorevelacionfm.cl\/?p=17169&#038;t=Senadora%20Ordenes%20acerc%C3%B3%20la%20labor%20legislativa%20a%20colegios%20de%20Coyhaique%20gracias%20a%20%E2%80%9CSenado%20en%20tu%20Sala%E2%80%9D' aria-hidden='false' data-av_icon='\ue8f3' data-av_iconfont='entypo-fontello' title='' data-avia-related-tooltip='Compartir en Facebook' rel=\"noopener\"><span class='avia_hidden_link_text'>Compartir en Facebook<\/span><\/a><\/li><li class='av-share-link av-social-link-twitter' ><a target=\"_blank\" aria-label=\"Compartir en Twitter\" href='https:\/\/twitter.com\/share?text=Senadora%20Ordenes%20acerc%C3%B3%20la%20labor%20legislativa%20a%20colegios%20de%20Coyhaique%20gracias%20a%20%E2%80%9CSenado%20en%20tu%20Sala%E2%80%9D&#038;url=https:\/\/radiorevelacionfm.cl\/?p=17169' aria-hidden='false' data-av_icon='\ue8f1' data-av_iconfont='entypo-fontello' title='' data-avia-related-tooltip='Compartir en Twitter' rel=\"noopener\"><span class='avia_hidden_link_text'>Compartir en Twitter<\/span><\/a><\/li><li class='av-share-link av-social-link-whatsapp' ><a target=\"_blank\" aria-label=\"Compartir en Whatsapp\" href='https:\/\/api.whatsapp.com\/send?text=https:\/\/radiorevelacionfm.cl\/?p=17169' aria-hidden='false' data-av_icon='\uf232' data-av_iconfont='entypo-fontello' title='' data-avia-related-tooltip='Compartir en Whatsapp' rel=\"noopener\"><span class='avia_hidden_link_text'>Compartir en Whatsapp<\/span><\/a><\/li><li class='av-share-link av-social-link-linkedin' ><a target=\"_blank\" aria-label=\"Compartir en LinkedIn\" href='https:\/\/linkedin.com\/shareArticle?mini=true&#038;title=Senadora%20Ordenes%20acerc%C3%B3%20la%20labor%20legislativa%20a%20colegios%20de%20Coyhaique%20gracias%20a%20%E2%80%9CSenado%20en%20tu%20Sala%E2%80%9D&#038;url=https:\/\/radiorevelacionfm.cl\/?p=17169' aria-hidden='false' data-av_icon='\ue8fc' data-av_iconfont='entypo-fontello' title='' data-avia-related-tooltip='Compartir en LinkedIn' rel=\"noopener\"><span class='avia_hidden_link_text'>Compartir en LinkedIn<\/span><\/a><\/li><li class='av-share-link av-social-link-mail' ><a  aria-label=\"Compartir por correo\" href='mailto:?subject=Senadora%20Ordenes%20acerc%C3%B3%20la%20labor%20legislativa%20a%20colegios%20de%20Coyhaique%20gracias%20a%20%E2%80%9CSenado%20en%20tu%20Sala%E2%80%9D&#038;body=https:\/\/radiorevelacionfm.cl\/?p=17169' aria-hidden='false' data-av_icon='\ue805' data-av_iconfont='entypo-fontello' title='' data-avia-related-tooltip='Compartir por correo'><span class='avia_hidden_link_text'>Compartir por correo<\/span><\/a><\/li><\/ul><\/div><\/div>\n<div  style='height:50px' class='hr hr-invisible   avia-builder-el-8  el_after_av_social_share  el_before_av_comments_list '><span class='hr-inner ' ><span class='hr-inner-style'><\/span><\/span><\/div>\n<div  class='av-buildercomment  av-blog-meta-html-info-disabled av-blog-meta-tag-disabled  '><\/div>\n","protected":false},"excerpt":{"rendered":"","protected":false},"author":1,"featured_media":17170,"comment_status":"open","ping_status":"open","sticky":false,"template":"","format":"standard","meta":{"footnotes":""},"categories":[35],"tags":[],"class_list":["post-17169","post","type-post","status-publish","format-standard","has-post-thumbnail","hentry","category-politica"],"jetpack_featured_media_url":"https:\/\/radiorevelacionfm.cl\/wp-content\/uploads\/2022\/05\/3-77-2_optimized.jpg","_links":{"self":[{"href":"https:\/\/radiorevelacionfm.cl\/index.php?rest_route=\/wp\/v2\/posts\/17169","targetHints":{"allow":["GET"]}}],"collection":[{"href":"https:\/\/radiorevelacionfm.cl\/index.php?rest_route=\/wp\/v2\/posts"}],"about":[{"href":"https:\/\/radiorevelacionfm.cl\/index.php?rest_route=\/wp\/v2\/types\/post"}],"author":[{"embeddable":true,"href":"https:\/\/radiorevelacionfm.cl\/index.php?rest_route=\/wp\/v2\/users\/1"}],"replies":[{"embeddable":true,"href":"https:\/\/radiorevelacionfm.cl\/index.php?rest_route=%2Fwp%2Fv2%2Fcomments&post=17169"}],"version-history":[{"count":2,"href":"https:\/\/radiorevelacionfm.cl\/index.php?rest_route=\/wp\/v2\/posts\/17169\/revisions"}],"predecessor-version":[{"id":17172,"href":"https:\/\/radiorevelacionfm.cl\/index.php?rest_route=\/wp\/v2\/posts\/17169\/revisions\/17172"}],"wp:featuredmedia":[{"embeddable":true,"href":"https:\/\/radiorevelacionfm.cl\/index.php?rest_route=\/wp\/v2\/media\/17170"}],"wp:attachment":[{"href":"https:\/\/radiorevelacionfm.cl\/index.php?rest_route=%2Fwp%2Fv2%2Fmedia&parent=17169"}],"wp:term":[{"taxonomy":"category","embeddable":true,"href":"https:\/\/radiorevelacionfm.cl\/index.php?rest_route=%2Fwp%2Fv2%2Fcategories&post=17169"},{"taxonomy":"post_tag","embeddable":true,"href":"https:\/\/radiorevelacionfm.cl\/index.php?rest_route=%2Fwp%2Fv2%2Ftags&post=17169"}],"curies":[{"name":"wp","href":"https:\/\/api.w.org\/{rel}","templated":true}]}}