{"id":17152,"date":"2022-05-25T11:12:35","date_gmt":"2022-05-25T14:12:35","guid":{"rendered":"https:\/\/radiorevelacionfm.cl\/?p=17152"},"modified":"2022-05-25T11:17:43","modified_gmt":"2022-05-25T14:17:43","slug":"injuv-invita-a-jovenes-de-la-region-a-conocer-programa-de-salud-mental-con-chat-de-ayuda-psicologica-gratuita","status":"publish","type":"post","link":"https:\/\/radiorevelacionfm.cl\/?p=17152","title":{"rendered":"Injuv invita a j\u00f3venes de la regi\u00f3n a conocer programa de salud mental con chat de ayuda psicol\u00f3gica gratuita"},"content":{"rendered":"<div class=\"flex_column av_one_full  flex_column_div av-zero-column-padding first  avia-builder-el-0  el_before_av_one_full  avia-builder-el-first  \" style='border-radius:0px; '><div  class='avia-image-container  av-styling-    avia-builder-el-1  avia-builder-el-no-sibling  avia-align-center '  itemprop=\"image\" itemscope=\"itemscope\" itemtype=\"https:\/\/schema.org\/ImageObject\"  ><div class='avia-image-container-inner'><div class='avia-image-overlay-wrap'><img decoding=\"async\" class='wp-image-17167 avia-img-lazy-loading-not-17167 avia_image' src=\"https:\/\/radiorevelacionfm.cl\/wp-content\/uploads\/2022\/05\/Foto-Referencial-Genesis-Arias-Fuentes-1-1-1-1.jpg\" alt='' title='Foto Referencial G\u00e9nesis Arias Fuentes 1 (1) (1)' height=\"600\" width=\"926\"  itemprop=\"thumbnailUrl\" srcset=\"https:\/\/radiorevelacionfm.cl\/wp-content\/uploads\/2022\/05\/Foto-Referencial-Genesis-Arias-Fuentes-1-1-1-1.jpg 926w, https:\/\/radiorevelacionfm.cl\/wp-content\/uploads\/2022\/05\/Foto-Referencial-Genesis-Arias-Fuentes-1-1-1-1-300x194.jpg 300w, https:\/\/radiorevelacionfm.cl\/wp-content\/uploads\/2022\/05\/Foto-Referencial-Genesis-Arias-Fuentes-1-1-1-1-768x498.jpg 768w, https:\/\/radiorevelacionfm.cl\/wp-content\/uploads\/2022\/05\/Foto-Referencial-Genesis-Arias-Fuentes-1-1-1-1-705x457.jpg 705w, https:\/\/radiorevelacionfm.cl\/wp-content\/uploads\/2022\/05\/Foto-Referencial-Genesis-Arias-Fuentes-1-1-1-1-600x389.jpg 600w\" sizes=\"(max-width: 926px) 100vw, 926px\" \/><\/div><\/div><\/div><\/div><div class=\"flex_column av_one_full  flex_column_div av-zero-column-padding first  avia-builder-el-2  el_after_av_one_full  el_before_av_one_full  column-top-margin\" style='border-radius:0px; '><section class=\"av_textblock_section \"  itemscope=\"itemscope\" itemtype=\"https:\/\/schema.org\/BlogPosting\" itemprop=\"blogPost\" ><div class='avia_textblock  '   itemprop=\"text\" ><p style=\"text-align: center;\"><strong><span style=\"font-size: 18pt;\">Injuv invita a j\u00f3venes de la regi\u00f3n a conocer programa de salud mental con chat de ayuda psicol\u00f3gica gratuita<\/span><\/strong><\/p>\n<div id=\"gtx-trans\" style=\"position: absolute; left: -50px; top: 4.31534px;\">\n<div class=\"gtx-trans-icon\"><\/div>\n<\/div>\n<\/div><\/section><\/div><\/p>\n<div class=\"flex_column av_one_full  flex_column_div av-zero-column-padding first  avia-builder-el-4  el_after_av_one_full  el_before_av_hr  column-top-margin\" style='border-radius:0px; '><section class=\"av_textblock_section \"  itemscope=\"itemscope\" itemtype=\"https:\/\/schema.org\/BlogPosting\" itemprop=\"blogPost\" ><div class='avia_textblock  '   itemprop=\"text\" ><p style=\"text-align: justify;\">El Instituto Nacional de la Juventud realiza invitaci\u00f3n a todos los y las j\u00f3venes de la regi\u00f3n de Ays\u00e9n a conocer el programa Hablemos de Todo,\u00a0 plataforma que tiene por objetivo que j\u00f3venes entre 15 y 29 a\u00f1os cuenten con informaci\u00f3n de forma oportuna a trav\u00e9s de una web informativa, y obtengan asistencia, contenci\u00f3n y orientaci\u00f3n personalizada de car\u00e1cter an\u00f3nimo por especialistas y as\u00ed, tengan apoyo profesional para resolver problem\u00e1ticas que afectan su autocuidado y bienestar.<\/p>\n<p style=\"text-align: justify;\">\u201cSin lugar a dudas estos a\u00f1os de pandemia nos han afectado a todos, de distintas maneras. Sin embargo, la salud mental hoy es una prioridad en el Programa de Gobierno del Presidente Gabriel Boric, por eso esta acci\u00f3n del Instituto Nacional de la Juventud va en esa sinton\u00eda, de conectar y entregar asistencia para quien la necesita y en el momento que lo requiera\u201d, expres\u00f3 la Secretaria Regional Ministerial de Desarrollo Social y Familia Karina Acevedo Auad. \u201cEs importante estar atentos a las se\u00f1ales que pueden dar nuestros seres queridos, frente a casos de violencia en el pololeo, como tambi\u00e9n en el \u00e1mbito escolar, entre otros. Por ello la eficacia de esta plataforma que mediante un chat, es de f\u00e1cil acceso, y\u00a0 que cuenta con profesionales\u00a0 para guiar a los usuarios y, todo ello, de manera gratuita y confidencial\u201d, explic\u00f3 la Seremi.<\/p>\n<p style=\"text-align: justify;\">\u201cInvitamos a toda nuestra comunidad juvenil regional a informarse y conocer este importante programa que est\u00e1 enfocado 100% en la salud mental de nuestros j\u00f3venes. Hablemos de Todo es un espacio de escucha, gratuita y confidencial, que es atendido por psic\u00f3logos y psic\u00f3logas profesionales que cuentan con las herramientas para contener, orientar, intervenir en crisis y dar acogida a todas sus problem\u00e1ticas\u201d, sostuvo la Directora Regional (s), G\u00e9nesis Arias Fuentes.<\/p>\n<p style=\"text-align: justify;\">A trav\u00e9s del sitio <a href=\"http:\/\/hablemosdetodo.injuv.gob.cl\/\">http:\/\/hablemosdetodo.injuv.gob.cl\/<\/a> , se entrega informaci\u00f3n relativa a las tem\u00e1ticas que aborda el programa, as\u00ed como iniciativas p\u00fablicas disponibles, marcos normativos vigentes y derechos en base a las tem\u00e1ticas definidas por la Mesa intersectorial del programa. Este a\u00f1o \u00a02022 es su tercer a\u00f1o de ejecuci\u00f3n, las tem\u00e1ticas del programa son cinco y cada una de ellas tiene subtem\u00e1ticas:<\/p>\n<table>\n<tbody>\n<tr>\n<td width=\"182\"><strong>TEM\u00c1TICA<\/strong><\/td>\n<td width=\"362\"><strong>SUBTEM\u00c1TICA<\/strong><\/td>\n<\/tr>\n<tr>\n<td width=\"182\">Salud Mental<\/td>\n<td width=\"362\">Ansiedad<\/p>\n<p>Depresi\u00f3n<\/p>\n<p>Suicidio<\/p>\n<p>Trastornos de la Conducta Alimentaria<\/p>\n<p>Consumo de Drogas<\/td>\n<\/tr>\n<tr>\n<td width=\"182\">Salud Sexual y Reproductiva<\/td>\n<td width=\"362\">Sexualidades<\/p>\n<p>VIH e ITS<\/p>\n<p>Embarazo Adolescente<\/td>\n<\/tr>\n<tr>\n<td width=\"182\">Diet\u00e9tica<\/td>\n<td width=\"362\">Obesidad y Sobrepeso<\/td>\n<\/tr>\n<tr>\n<td width=\"182\">Violencias hacia las juventudes<\/td>\n<td width=\"362\">Bullying<\/p>\n<p>Ciberbullying<\/p>\n<p>Violencia de g\u00e9nero y en la Pareja<\/p>\n<p>Violencia Institucional<\/td>\n<\/tr>\n<tr>\n<td width=\"182\">H\u00e1bitos de vida saludable<\/td>\n<td width=\"362\">Sedentarismo e Inactividad F\u00edsica<\/td>\n<\/tr>\n<\/tbody>\n<\/table>\n<p style=\"text-align: justify;\">Cabe destacar tambi\u00e9n que el sitio web contempla un servicio de Chat en l\u00ednea, que otorga asistencia, contenci\u00f3n psicosocial y orientaci\u00f3n a j\u00f3venes sobre tem\u00e1ticas asociadas a conductas de riesgo en los \u00e1mbitos de la salud sexual y reproductiva, consumos de alcohol, tabaco y otras drogas, violencias y discriminaci\u00f3n, adem\u00e1s de las subtem\u00e1ticas mencionadas.<\/p>\n<p style=\"text-align: justify;\">El servicio de chat es implementado a trav\u00e9s de un convenio de colaboraci\u00f3n con Fundaci\u00f3n Para la Confianza, donde psic\u00f3logas y psic\u00f3logos atienden las consultas de las y los j\u00f3venes y se encuentran operativos de lunes a viernes entre las 11:00 AM y 20:00 PM. A trav\u00e9s de la entrega de informaci\u00f3n, contenci\u00f3n o derivaci\u00f3n buscan dar respuesta eficaz a problemas o consultas de bienestar y autocuidado, las conversaciones entre los j\u00f3venes y el profesional de la salud mental son totalmente confidenciales.<\/p>\n<p style=\"text-align: justify;\">Las y los j\u00f3venes interesados en obtener informaci\u00f3n referente a los diversos temas mencionados anteriormente pueden acceder a trav\u00e9s del siguiente link: <a href=\"http:\/\/hablemosdetodo.injuv.gob.cl\">http:\/\/hablemosdetodo.injuv.gob.cl<\/a> , escribirnos a nuestras redes sociales,\u00a0 Fan Page, Instagram y Twitter @injuvaysen\u00a0o visitarnos presencialmente en la Direcci\u00f3n Regional de INJUV Ays\u00e9n, ubicada en Manuel Rodr\u00edguez #239, Coyhaique, de lunes a viernes durante las ma\u00f1anas de 08:00 a 13:00 horas y en la tardes de 14:00 a 17:00 horas, viernes hasta las 16:00 horas.<\/p>\n<\/div><\/section><\/div>\n<div  style='height:50px' class='hr hr-invisible   avia-builder-el-6  el_after_av_one_full  el_before_av_social_share '><span class='hr-inner ' ><span class='hr-inner-style'><\/span><\/span><\/div>\n<div  class='av-social-sharing-box  avia-builder-el-7  el_after_av_hr  el_before_av_hr  '><div class='av-share-box'><h5 class='av-share-link-description av-no-toc '>Compartir esta noticia<\/h5><ul class='av-share-box-list noLightbox'><li class='av-share-link av-social-link-facebook' ><a target=\"_blank\" aria-label=\"Compartir en Facebook\" href='https:\/\/www.facebook.com\/sharer.php?u=https:\/\/radiorevelacionfm.cl\/?p=17152&#038;t=Injuv%20invita%20a%20j%C3%B3venes%20de%20la%20regi%C3%B3n%20a%20conocer%20programa%20de%20salud%20mental%20con%20chat%20de%20ayuda%20psicol%C3%B3gica%20gratuita' aria-hidden='false' data-av_icon='\ue8f3' data-av_iconfont='entypo-fontello' title='' data-avia-related-tooltip='Compartir en Facebook' rel=\"noopener\"><span class='avia_hidden_link_text'>Compartir en Facebook<\/span><\/a><\/li><li class='av-share-link av-social-link-twitter' ><a target=\"_blank\" aria-label=\"Compartir en Twitter\" href='https:\/\/twitter.com\/share?text=Injuv%20invita%20a%20j%C3%B3venes%20de%20la%20regi%C3%B3n%20a%20conocer%20programa%20de%20salud%20mental%20con%20chat%20de%20ayuda%20psicol%C3%B3gica%20gratuita&#038;url=https:\/\/radiorevelacionfm.cl\/?p=17152' aria-hidden='false' data-av_icon='\ue8f1' data-av_iconfont='entypo-fontello' title='' data-avia-related-tooltip='Compartir en Twitter' rel=\"noopener\"><span class='avia_hidden_link_text'>Compartir en Twitter<\/span><\/a><\/li><li class='av-share-link av-social-link-whatsapp' ><a target=\"_blank\" aria-label=\"Compartir en Whatsapp\" href='https:\/\/api.whatsapp.com\/send?text=https:\/\/radiorevelacionfm.cl\/?p=17152' aria-hidden='false' data-av_icon='\uf232' data-av_iconfont='entypo-fontello' title='' data-avia-related-tooltip='Compartir en Whatsapp' rel=\"noopener\"><span class='avia_hidden_link_text'>Compartir en Whatsapp<\/span><\/a><\/li><li class='av-share-link av-social-link-linkedin' ><a target=\"_blank\" aria-label=\"Compartir en LinkedIn\" href='https:\/\/linkedin.com\/shareArticle?mini=true&#038;title=Injuv%20invita%20a%20j%C3%B3venes%20de%20la%20regi%C3%B3n%20a%20conocer%20programa%20de%20salud%20mental%20con%20chat%20de%20ayuda%20psicol%C3%B3gica%20gratuita&#038;url=https:\/\/radiorevelacionfm.cl\/?p=17152' aria-hidden='false' data-av_icon='\ue8fc' data-av_iconfont='entypo-fontello' title='' data-avia-related-tooltip='Compartir en LinkedIn' rel=\"noopener\"><span class='avia_hidden_link_text'>Compartir en LinkedIn<\/span><\/a><\/li><li class='av-share-link av-social-link-mail' ><a  aria-label=\"Compartir por correo\" href='mailto:?subject=Injuv%20invita%20a%20j%C3%B3venes%20de%20la%20regi%C3%B3n%20a%20conocer%20programa%20de%20salud%20mental%20con%20chat%20de%20ayuda%20psicol%C3%B3gica%20gratuita&#038;body=https:\/\/radiorevelacionfm.cl\/?p=17152' aria-hidden='false' data-av_icon='\ue805' data-av_iconfont='entypo-fontello' title='' data-avia-related-tooltip='Compartir por correo'><span class='avia_hidden_link_text'>Compartir por correo<\/span><\/a><\/li><\/ul><\/div><\/div>\n<div  style='height:50px' class='hr hr-invisible   avia-builder-el-8  el_after_av_social_share  el_before_av_comments_list '><span class='hr-inner ' ><span class='hr-inner-style'><\/span><\/span><\/div>\n<div  class='av-buildercomment  av-blog-meta-html-info-disabled av-blog-meta-tag-disabled  '><\/div>\n","protected":false},"excerpt":{"rendered":"","protected":false},"author":1,"featured_media":17167,"comment_status":"open","ping_status":"open","sticky":false,"template":"","format":"standard","meta":{"footnotes":""},"categories":[38],"tags":[],"class_list":["post-17152","post","type-post","status-publish","format-standard","has-post-thumbnail","hentry","category-regional"],"jetpack_featured_media_url":"https:\/\/radiorevelacionfm.cl\/wp-content\/uploads\/2022\/05\/Foto-Referencial-Genesis-Arias-Fuentes-1-1-1-1.jpg","_links":{"self":[{"href":"https:\/\/radiorevelacionfm.cl\/index.php?rest_route=\/wp\/v2\/posts\/17152","targetHints":{"allow":["GET"]}}],"collection":[{"href":"https:\/\/radiorevelacionfm.cl\/index.php?rest_route=\/wp\/v2\/posts"}],"about":[{"href":"https:\/\/radiorevelacionfm.cl\/index.php?rest_route=\/wp\/v2\/types\/post"}],"author":[{"embeddable":true,"href":"https:\/\/radiorevelacionfm.cl\/index.php?rest_route=\/wp\/v2\/users\/1"}],"replies":[{"embeddable":true,"href":"https:\/\/radiorevelacionfm.cl\/index.php?rest_route=%2Fwp%2Fv2%2Fcomments&post=17152"}],"version-history":[{"count":3,"href":"https:\/\/radiorevelacionfm.cl\/index.php?rest_route=\/wp\/v2\/posts\/17152\/revisions"}],"predecessor-version":[{"id":17166,"href":"https:\/\/radiorevelacionfm.cl\/index.php?rest_route=\/wp\/v2\/posts\/17152\/revisions\/17166"}],"wp:featuredmedia":[{"embeddable":true,"href":"https:\/\/radiorevelacionfm.cl\/index.php?rest_route=\/wp\/v2\/media\/17167"}],"wp:attachment":[{"href":"https:\/\/radiorevelacionfm.cl\/index.php?rest_route=%2Fwp%2Fv2%2Fmedia&parent=17152"}],"wp:term":[{"taxonomy":"category","embeddable":true,"href":"https:\/\/radiorevelacionfm.cl\/index.php?rest_route=%2Fwp%2Fv2%2Fcategories&post=17152"},{"taxonomy":"post_tag","embeddable":true,"href":"https:\/\/radiorevelacionfm.cl\/index.php?rest_route=%2Fwp%2Fv2%2Ftags&post=17152"}],"curies":[{"name":"wp","href":"https:\/\/api.w.org\/{rel}","templated":true}]}}