{"id":17148,"date":"2022-05-25T10:48:04","date_gmt":"2022-05-25T13:48:04","guid":{"rendered":"https:\/\/radiorevelacionfm.cl\/?p=17148"},"modified":"2022-05-25T10:48:04","modified_gmt":"2022-05-25T13:48:04","slug":"proyecto-sei-la-viajera-de-los-mares-arribo-en-la-escuela-de-puerto-rio-tranquilo","status":"publish","type":"post","link":"https:\/\/radiorevelacionfm.cl\/?p=17148","title":{"rendered":"Proyecto Sei: La Viajera de los Mares arrib\u00f3 en la escuela de Puerto R\u00edo Tranquilo"},"content":{"rendered":"<div class=\"flex_column av_one_full  flex_column_div av-zero-column-padding first  avia-builder-el-0  el_before_av_one_full  avia-builder-el-first  \" style='border-radius:0px; '><div  class='avia-image-container  av-styling-    avia-builder-el-1  avia-builder-el-no-sibling  avia-align-center '  itemprop=\"image\" itemscope=\"itemscope\" itemtype=\"https:\/\/schema.org\/ImageObject\"  ><div class='avia-image-container-inner'><div class='avia-image-overlay-wrap'><img decoding=\"async\" class='wp-image-17149 avia-img-lazy-loading-not-17149 avia_image' src=\"https:\/\/radiorevelacionfm.cl\/wp-content\/uploads\/2022\/05\/mascareno-0120_optimized.jpg\" alt='' title='mascare\u00f1o-0120_optimized' height=\"600\" width=\"1067\"  itemprop=\"thumbnailUrl\" srcset=\"https:\/\/radiorevelacionfm.cl\/wp-content\/uploads\/2022\/05\/mascareno-0120_optimized.jpg 1067w, https:\/\/radiorevelacionfm.cl\/wp-content\/uploads\/2022\/05\/mascareno-0120_optimized-300x169.jpg 300w, https:\/\/radiorevelacionfm.cl\/wp-content\/uploads\/2022\/05\/mascareno-0120_optimized-1030x579.jpg 1030w, https:\/\/radiorevelacionfm.cl\/wp-content\/uploads\/2022\/05\/mascareno-0120_optimized-768x432.jpg 768w, https:\/\/radiorevelacionfm.cl\/wp-content\/uploads\/2022\/05\/mascareno-0120_optimized-705x396.jpg 705w, https:\/\/radiorevelacionfm.cl\/wp-content\/uploads\/2022\/05\/mascareno-0120_optimized-600x337.jpg 600w\" sizes=\"(max-width: 1067px) 100vw, 1067px\" \/><\/div><\/div><\/div><\/div><div class=\"flex_column av_one_full  flex_column_div av-zero-column-padding first  avia-builder-el-2  el_after_av_one_full  el_before_av_one_full  column-top-margin\" style='border-radius:0px; '><section class=\"av_textblock_section \"  itemscope=\"itemscope\" itemtype=\"https:\/\/schema.org\/BlogPosting\" itemprop=\"blogPost\" ><div class='avia_textblock  '   itemprop=\"text\" ><p style=\"text-align: center;\"><span style=\"font-size: 18pt;\"><b>Proyecto Sei: La Viajera de los Mares arrib\u00f3 en la escuela de Puerto R\u00edo Tranquilo<\/b><\/span><\/p>\n<div id=\"gtx-trans\" style=\"position: absolute; left: -50px; top: 4.31534px;\">\n<div class=\"gtx-trans-icon\"><\/div>\n<\/div>\n<\/div><\/section><\/div><div class=\"flex_column av_one_full  flex_column_div av-zero-column-padding first  avia-builder-el-4  el_after_av_one_full  el_before_av_hr  column-top-margin\" style='border-radius:0px; '><section class=\"av_textblock_section \"  itemscope=\"itemscope\" itemtype=\"https:\/\/schema.org\/BlogPosting\" itemprop=\"blogPost\" ><div class='avia_textblock  '   itemprop=\"text\" ><p style=\"font-weight: 400; text-align: justify;\">Despu\u00e9s de m\u00e1s de 4 a\u00f1os de trabajo, este viernes 20 de mayo se inaugur\u00f3 el esqueleto de ballena Sei en la Escuela Gabriela Mistral de Puerto R\u00edo Tranquilo, marcando un hito educacional a nivel nacional, por ser las primeras osamentas de esta naturaleza ubicadas en una escuela p\u00fablica de Chile.<\/p>\n<p style=\"font-weight: 400; text-align: justify;\">\u00bfTe imaginas poder estudiar ciencias, matem\u00e1ticas o arte con un esqueleto de ballena? Desde ahora los alumnos de la Escuela B\u00e1sica Gabriela Mistral, podr\u00e1n hacerlo gracias a una iniciativa que naci\u00f3 desde la misma comunidad local, la cual fue apoyada y ejecutada en su \u00faltima etapa por el proyecto \u201cSei: Viajera de los Mares\u201d de la fundaci\u00f3n Ays\u00e9n Mira al Mar, a trav\u00e9s del fondo del programa Ciencia P\u00fablica del Ministerio de Ciencias, Tecnolog\u00eda y Educaci\u00f3n.<\/p>\n<p style=\"font-weight: 400; text-align: justify;\">La directora del Proyecto Sei, Jaqueline Boldt Corval\u00e1n, explica que el objetivo de esta iniciativa es \u201cponer en valor el esqueleto de la ballena desde la comunidad de Puerto R\u00edo Tranquilo, de esta forma buscamos que se transforme en un objeto patrimonial y sea un recurso pedag\u00f3gico\u201d.<\/p>\n<p style=\"font-weight: 400; text-align: justify;\">En esta \u00faltima fase del proyecto, se realiz\u00f3 un proceso de restauraci\u00f3n y conservaci\u00f3n de las 160 osamentas de la ballena, en donde el Museo de Historia Natural de R\u00edo Seco fue uno de los principales asesores, para que el esqueleto estuviera apto para exhibici\u00f3n.<\/p>\n<p style=\"font-weight: 400; text-align: justify;\">Un trabajo que tuvo car\u00e1cter de \u201cminga\u201d, seg\u00fan palabras de la directora del proyecto, por contar con la colaboraci\u00f3n de muchas organizaciones, vecinos, vecinas y voluntarios de distintas partes de la Regi\u00f3n de Ays\u00e9n.<\/p>\n<p style=\"font-weight: 400; text-align: justify;\">Tras la inauguraci\u00f3n de la ballena, el alcalde de la Ilustre Municipalidad de R\u00edo Ib\u00e1\u00f1ez, Marcelo Santana Vargas, destac\u00f3 a todas las organizaciones que colaboraron en este proyecto que naci\u00f3 desde la comunidad \u201csin duda es un aporte a la conservaci\u00f3n de nuestro patrimonio natural, a la investigaci\u00f3n y educaci\u00f3n. Creemos que se va a transformar en un destino m\u00e1s a visitar en Puerto R\u00edo Tranquilo\u201d.<\/p>\n<p style=\"font-weight: 400; text-align: justify;\">Esta ballena, nombrada por los alumnos como \u201c<em>Inara<\/em>\u201d- protectora de las aguas en mapudung\u00fan-, inici\u00f3 su viaje desde el Seno Escondido del Parque Nacional Laguna San Rafael, hasta llegar a Puerto R\u00edo Tranquilo. Su esqueleto corresponde a una ballena Sei de 2 a\u00f1os de edad aproximadamente y tiene una longitud de 12 metros.<\/p>\n<p style=\"font-weight: 400; text-align: justify;\">Emilia Astorga,\u00a0una de las primeras impulsoras de la iniciativa de trasladar el esqueleto de ballena a Puerto R\u00edo Tranquilo, afirm\u00f3 que \u201cla relevancia del proyecto siempre fue pensado para generar un mayor v\u00ednculo de la comunidad con el mar, a trav\u00e9s de la ballena que tambi\u00e9n es un s\u00edmbolo del mar a nivel mundial\u201d.<\/p>\n<p style=\"font-weight: 400; text-align: justify;\">Para llevar a cabo este proyecto se cont\u00f3 con la colaboraci\u00f3n del Ministerio de Ciencias, Tecnolog\u00eda y Educaci\u00f3n, la Ilustre Municipalidad de R\u00edo Ib\u00e1\u00f1ez, Asociaci\u00f3n Gremial Hielo Norte, Destino Patagonia, Parque Exploradores, Museo de Historia Natural de R\u00edo Seco, Museo Regional del Ays\u00e9n, Museo de Puerto R\u00edo Tranquilo, Universidad Austral de Chile y fundamentalmente, la Escuela Gabriela Mistral y su equipo docente.<\/p>\n<\/div><\/section><\/div><div  style='height:50px' class='hr hr-invisible   avia-builder-el-6  el_after_av_one_full  el_before_av_social_share '><span class='hr-inner ' ><span class='hr-inner-style'><\/span><\/span><\/div><\/p>\n<div  class='av-social-sharing-box  avia-builder-el-7  el_after_av_hr  el_before_av_hr  '><div class='av-share-box'><h5 class='av-share-link-description av-no-toc '>Compartir esta noticia<\/h5><ul class='av-share-box-list noLightbox'><li class='av-share-link av-social-link-facebook' ><a target=\"_blank\" aria-label=\"Compartir en Facebook\" href='https:\/\/www.facebook.com\/sharer.php?u=https:\/\/radiorevelacionfm.cl\/?p=17148&#038;t=Proyecto%20Sei%3A%20La%20Viajera%20de%20los%20Mares%20arrib%C3%B3%20en%20la%20escuela%20de%20Puerto%20R%C3%ADo%20Tranquilo' aria-hidden='false' data-av_icon='\ue8f3' data-av_iconfont='entypo-fontello' title='' data-avia-related-tooltip='Compartir en Facebook' rel=\"noopener\"><span class='avia_hidden_link_text'>Compartir en Facebook<\/span><\/a><\/li><li class='av-share-link av-social-link-twitter' ><a target=\"_blank\" aria-label=\"Compartir en Twitter\" href='https:\/\/twitter.com\/share?text=Proyecto%20Sei%3A%20La%20Viajera%20de%20los%20Mares%20arrib%C3%B3%20en%20la%20escuela%20de%20Puerto%20R%C3%ADo%20Tranquilo&#038;url=https:\/\/radiorevelacionfm.cl\/?p=17148' aria-hidden='false' data-av_icon='\ue8f1' data-av_iconfont='entypo-fontello' title='' data-avia-related-tooltip='Compartir en Twitter' rel=\"noopener\"><span class='avia_hidden_link_text'>Compartir en Twitter<\/span><\/a><\/li><li class='av-share-link av-social-link-whatsapp' ><a target=\"_blank\" aria-label=\"Compartir en Whatsapp\" href='https:\/\/api.whatsapp.com\/send?text=https:\/\/radiorevelacionfm.cl\/?p=17148' aria-hidden='false' data-av_icon='\uf232' data-av_iconfont='entypo-fontello' title='' data-avia-related-tooltip='Compartir en Whatsapp' rel=\"noopener\"><span class='avia_hidden_link_text'>Compartir en Whatsapp<\/span><\/a><\/li><li class='av-share-link av-social-link-linkedin' ><a target=\"_blank\" aria-label=\"Compartir en LinkedIn\" href='https:\/\/linkedin.com\/shareArticle?mini=true&#038;title=Proyecto%20Sei%3A%20La%20Viajera%20de%20los%20Mares%20arrib%C3%B3%20en%20la%20escuela%20de%20Puerto%20R%C3%ADo%20Tranquilo&#038;url=https:\/\/radiorevelacionfm.cl\/?p=17148' aria-hidden='false' data-av_icon='\ue8fc' data-av_iconfont='entypo-fontello' title='' data-avia-related-tooltip='Compartir en LinkedIn' rel=\"noopener\"><span class='avia_hidden_link_text'>Compartir en LinkedIn<\/span><\/a><\/li><li class='av-share-link av-social-link-mail' ><a  aria-label=\"Compartir por correo\" href='mailto:?subject=Proyecto%20Sei%3A%20La%20Viajera%20de%20los%20Mares%20arrib%C3%B3%20en%20la%20escuela%20de%20Puerto%20R%C3%ADo%20Tranquilo&#038;body=https:\/\/radiorevelacionfm.cl\/?p=17148' aria-hidden='false' data-av_icon='\ue805' data-av_iconfont='entypo-fontello' title='' data-avia-related-tooltip='Compartir por correo'><span class='avia_hidden_link_text'>Compartir por correo<\/span><\/a><\/li><\/ul><\/div><\/div>\n<div  style='height:50px' class='hr hr-invisible   avia-builder-el-8  el_after_av_social_share  el_before_av_comments_list '><span class='hr-inner ' ><span class='hr-inner-style'><\/span><\/span><\/div>\n<div  class='av-buildercomment  av-blog-meta-html-info-disabled av-blog-meta-tag-disabled  '><\/div>\n","protected":false},"excerpt":{"rendered":"","protected":false},"author":1,"featured_media":17149,"comment_status":"open","ping_status":"open","sticky":false,"template":"","format":"standard","meta":{"footnotes":""},"categories":[38],"tags":[],"class_list":["post-17148","post","type-post","status-publish","format-standard","has-post-thumbnail","hentry","category-regional"],"jetpack_featured_media_url":"https:\/\/radiorevelacionfm.cl\/wp-content\/uploads\/2022\/05\/mascareno-0120_optimized.jpg","_links":{"self":[{"href":"https:\/\/radiorevelacionfm.cl\/index.php?rest_route=\/wp\/v2\/posts\/17148","targetHints":{"allow":["GET"]}}],"collection":[{"href":"https:\/\/radiorevelacionfm.cl\/index.php?rest_route=\/wp\/v2\/posts"}],"about":[{"href":"https:\/\/radiorevelacionfm.cl\/index.php?rest_route=\/wp\/v2\/types\/post"}],"author":[{"embeddable":true,"href":"https:\/\/radiorevelacionfm.cl\/index.php?rest_route=\/wp\/v2\/users\/1"}],"replies":[{"embeddable":true,"href":"https:\/\/radiorevelacionfm.cl\/index.php?rest_route=%2Fwp%2Fv2%2Fcomments&post=17148"}],"version-history":[{"count":2,"href":"https:\/\/radiorevelacionfm.cl\/index.php?rest_route=\/wp\/v2\/posts\/17148\/revisions"}],"predecessor-version":[{"id":17165,"href":"https:\/\/radiorevelacionfm.cl\/index.php?rest_route=\/wp\/v2\/posts\/17148\/revisions\/17165"}],"wp:featuredmedia":[{"embeddable":true,"href":"https:\/\/radiorevelacionfm.cl\/index.php?rest_route=\/wp\/v2\/media\/17149"}],"wp:attachment":[{"href":"https:\/\/radiorevelacionfm.cl\/index.php?rest_route=%2Fwp%2Fv2%2Fmedia&parent=17148"}],"wp:term":[{"taxonomy":"category","embeddable":true,"href":"https:\/\/radiorevelacionfm.cl\/index.php?rest_route=%2Fwp%2Fv2%2Fcategories&post=17148"},{"taxonomy":"post_tag","embeddable":true,"href":"https:\/\/radiorevelacionfm.cl\/index.php?rest_route=%2Fwp%2Fv2%2Ftags&post=17148"}],"curies":[{"name":"wp","href":"https:\/\/api.w.org\/{rel}","templated":true}]}}