{"id":17140,"date":"2022-05-25T10:15:28","date_gmt":"2022-05-25T13:15:28","guid":{"rendered":"https:\/\/radiorevelacionfm.cl\/?p=17140"},"modified":"2022-05-25T10:15:28","modified_gmt":"2022-05-25T13:15:28","slug":"servicios-ligados-al-patrimonio-y-la-cultura-buscan-rescatar-archivos-historicos-de-la-seremi-de-bienes-nacionales","status":"publish","type":"post","link":"https:\/\/radiorevelacionfm.cl\/?p=17140","title":{"rendered":"Servicios ligados al patrimonio y la cultura buscan rescatar archivos hist\u00f3ricos de la Seremi de Bienes Nacionales"},"content":{"rendered":"<div class=\"flex_column av_one_full  flex_column_div av-zero-column-padding first  avia-builder-el-0  el_before_av_one_full  avia-builder-el-first  \" style='border-radius:0px; '><div  class='avia-image-container  av-styling-    avia-builder-el-1  avia-builder-el-no-sibling  avia-align-center '  itemprop=\"image\" itemscope=\"itemscope\" itemtype=\"https:\/\/schema.org\/ImageObject\"  ><div class='avia-image-container-inner'><div class='avia-image-overlay-wrap'><img decoding=\"async\" class='wp-image-17141 avia-img-lazy-loading-not-17141 avia_image' src=\"https:\/\/radiorevelacionfm.cl\/wp-content\/uploads\/2022\/05\/2-83-1-1.jpg\" alt='' title='2 (83) (1) (1)' height=\"600\" width=\"800\"  itemprop=\"thumbnailUrl\" srcset=\"https:\/\/radiorevelacionfm.cl\/wp-content\/uploads\/2022\/05\/2-83-1-1.jpg 800w, https:\/\/radiorevelacionfm.cl\/wp-content\/uploads\/2022\/05\/2-83-1-1-300x225.jpg 300w, https:\/\/radiorevelacionfm.cl\/wp-content\/uploads\/2022\/05\/2-83-1-1-768x576.jpg 768w, https:\/\/radiorevelacionfm.cl\/wp-content\/uploads\/2022\/05\/2-83-1-1-705x529.jpg 705w, https:\/\/radiorevelacionfm.cl\/wp-content\/uploads\/2022\/05\/2-83-1-1-600x450.jpg 600w\" sizes=\"(max-width: 800px) 100vw, 800px\" \/><\/div><\/div><\/div><\/div><div class=\"flex_column av_one_full  flex_column_div av-zero-column-padding first  avia-builder-el-2  el_after_av_one_full  el_before_av_one_full  column-top-margin\" style='border-radius:0px; '><section class=\"av_textblock_section \"  itemscope=\"itemscope\" itemtype=\"https:\/\/schema.org\/BlogPosting\" itemprop=\"blogPost\" ><div class='avia_textblock  '   itemprop=\"text\" ><p style=\"text-align: center;\"><span style=\"font-size: 18pt;\"><strong>Servicios ligados al patrimonio y la cultura buscan rescatar archivos hist\u00f3ricos de la Seremi de Bienes Nacionales<\/strong><\/span><\/p>\n<div id=\"gtx-trans\" style=\"position: absolute; left: -50px; top: 4.31534px;\">\n<div class=\"gtx-trans-icon\"><\/div>\n<\/div>\n<\/div><\/section><\/div><div class=\"flex_column av_one_full  flex_column_div av-zero-column-padding first  avia-builder-el-4  el_after_av_one_full  el_before_av_hr  column-top-margin\" style='border-radius:0px; '><section class=\"av_textblock_section \"  itemscope=\"itemscope\" itemtype=\"https:\/\/schema.org\/BlogPosting\" itemprop=\"blogPost\" ><div class='avia_textblock  '   itemprop=\"text\" ><p style=\"text-align: justify;\">La Seremi de Bienes Nacionales Ays\u00e9n, convoc\u00f3 a la Seremi de las Culturas las Artes y el Patrimonio Ays\u00e9n, al director Regional del Servicio Nacional del Patrimonio Cultural, al director del Museo Regional de Ays\u00e9n y a funcionarios del Archivo Nacional de Chile, para analizar en conjunto, cu\u00e1les son los procedimientos que permitan cumplir con el objetivo de poner en valor una variedad de archivos hist\u00f3ricos, que grafican una parte importante de la colonizaci\u00f3n de la regi\u00f3n de Ays\u00e9n.<\/p>\n<p style=\"text-align: justify;\">La documentaci\u00f3n es el producto del trabajo desarrollado por la oficina de Bienes Nacionales Ays\u00e9n, desde principios del siglo XX, y sus antecesores -\u00adMinisterio de Propiedad Austral y Ministerio de Tierras y Colonizaci\u00f3n- que tuvieron un rol protag\u00f3nico en la colonizaci\u00f3n de la regi\u00f3n de Ays\u00e9n y los primeros asentamientos urbanos, archivos que comprenden: decretos de t\u00edtulos de propiedad, planos, libretas de apuntes de los top\u00f3grafos, libros de partes, entre otros.<\/p>\n<p style=\"text-align: justify;\">Destacar que, la historia de colonizaci\u00f3n de la regi\u00f3n de Ays\u00e9n se dio en un contexto administrativo de Estado, que se inicia con la exploraci\u00f3n, el reconocimiento del territorio y su objetivaci\u00f3n, para luego dar paso a la entrega de grandes extensiones de tierra, principalmente para las primeras compa\u00f1\u00edas ganaderas: la Sociedad Industrial de Ays\u00e9n, Anglo-Chilean Pastoral Corporation y la Sociedad Explotadora del Baker.<\/p>\n<p style=\"text-align: justify;\">\u201cEstamos impulsando esta iniciativa desde nuestra administraci\u00f3n, porque el patrimonio y la cultura tienen una gran relevancia para nuestra regi\u00f3n, materia que adem\u00e1s forma parte de nuestros lineamientos regionales como Ministerio. Contamos con un registro hist\u00f3rico de la ocupaci\u00f3n y consolidaci\u00f3n territorial, que va desde la \u00e9poca de la colonizaci\u00f3n. Y en esta primera reuni\u00f3n, constatamos que son recursos de alto valor, que debemos rescatar, resguardar y disponer como bien p\u00fablico. Contamos principalmente con planos, registros de los primeros t\u00edtulos, y datos levantados por los profesionales y t\u00e9cnicos de terreno, material que en definitiva nos ilustra c\u00f3mo se configur\u00f3 la ocupaci\u00f3n de los territorios en la regi\u00f3n de Ays\u00e9n\u201d, explic\u00f3 la Seremi de Bienes Nacionales Ays\u00e9n, Irina Morend Valdebenito.<\/p>\n<p style=\"text-align: justify;\">En esa l\u00ednea, el director del Museo Regional de Ays\u00e9n, Gustavo Saldivia, destac\u00f3 el compromiso de trabajar en conjunto para el rescate de este patrimonio regional. \u201cPara nosotros como Museo Regional es muy motivante, que siendo parte de un servicio p\u00fablico, como lo es el Servicio Nacional del Patrimonio Cultural y de nuestro Ministerio, ver a autoridades locales que est\u00e1n comprometidas con el rescate de lo que representa un valor para la historia de Ays\u00e9n, como en este caso, los valiosos archivos que tiene la Seremi de Bienes Nacionales, que al revisarlos pudimos darnos cuenta de lo significativos que pueden llegar a ser, tanto para la investigaci\u00f3n, como para la memoria\u201d.<\/p>\n<p style=\"text-align: justify;\">Esta mesa de trabajo tambi\u00e9n cont\u00f3 con la participaci\u00f3n del Seremi de las Culturas las Artes y el Patrimonio Ays\u00e9n, Felipe Quiroz, el director Regional del Servicio Nacional del Patrimonio Cultural, Jos\u00e9 Mansilla, y de forma virtual, estuvieron presentes dos funcionarios del Archivo Nacional de Chile.<\/p>\n<\/div><\/section><\/div><div  style='height:50px' class='hr hr-invisible   avia-builder-el-6  el_after_av_one_full  el_before_av_social_share '><span class='hr-inner ' ><span class='hr-inner-style'><\/span><\/span><\/div><\/p>\n<div  class='av-social-sharing-box  avia-builder-el-7  el_after_av_hr  el_before_av_hr  '><div class='av-share-box'><h5 class='av-share-link-description av-no-toc '>Compartir esta noticia<\/h5><ul class='av-share-box-list noLightbox'><li class='av-share-link av-social-link-facebook' ><a target=\"_blank\" aria-label=\"Compartir en Facebook\" href='https:\/\/www.facebook.com\/sharer.php?u=https:\/\/radiorevelacionfm.cl\/?p=17140&#038;t=Servicios%20ligados%20al%20patrimonio%20y%20la%20cultura%20buscan%20rescatar%20archivos%20hist%C3%B3ricos%20de%20la%20Seremi%20de%20Bienes%20Nacionales' aria-hidden='false' data-av_icon='\ue8f3' data-av_iconfont='entypo-fontello' title='' data-avia-related-tooltip='Compartir en Facebook' rel=\"noopener\"><span class='avia_hidden_link_text'>Compartir en Facebook<\/span><\/a><\/li><li class='av-share-link av-social-link-twitter' ><a target=\"_blank\" aria-label=\"Compartir en Twitter\" href='https:\/\/twitter.com\/share?text=Servicios%20ligados%20al%20patrimonio%20y%20la%20cultura%20buscan%20rescatar%20archivos%20hist%C3%B3ricos%20de%20la%20Seremi%20de%20Bienes%20Nacionales&#038;url=https:\/\/radiorevelacionfm.cl\/?p=17140' aria-hidden='false' data-av_icon='\ue8f1' data-av_iconfont='entypo-fontello' title='' data-avia-related-tooltip='Compartir en Twitter' rel=\"noopener\"><span class='avia_hidden_link_text'>Compartir en Twitter<\/span><\/a><\/li><li class='av-share-link av-social-link-whatsapp' ><a target=\"_blank\" aria-label=\"Compartir en Whatsapp\" href='https:\/\/api.whatsapp.com\/send?text=https:\/\/radiorevelacionfm.cl\/?p=17140' aria-hidden='false' data-av_icon='\uf232' data-av_iconfont='entypo-fontello' title='' data-avia-related-tooltip='Compartir en Whatsapp' rel=\"noopener\"><span class='avia_hidden_link_text'>Compartir en Whatsapp<\/span><\/a><\/li><li class='av-share-link av-social-link-linkedin' ><a target=\"_blank\" aria-label=\"Compartir en LinkedIn\" href='https:\/\/linkedin.com\/shareArticle?mini=true&#038;title=Servicios%20ligados%20al%20patrimonio%20y%20la%20cultura%20buscan%20rescatar%20archivos%20hist%C3%B3ricos%20de%20la%20Seremi%20de%20Bienes%20Nacionales&#038;url=https:\/\/radiorevelacionfm.cl\/?p=17140' aria-hidden='false' data-av_icon='\ue8fc' data-av_iconfont='entypo-fontello' title='' data-avia-related-tooltip='Compartir en LinkedIn' rel=\"noopener\"><span class='avia_hidden_link_text'>Compartir en LinkedIn<\/span><\/a><\/li><li class='av-share-link av-social-link-mail' ><a  aria-label=\"Compartir por correo\" href='mailto:?subject=Servicios%20ligados%20al%20patrimonio%20y%20la%20cultura%20buscan%20rescatar%20archivos%20hist%C3%B3ricos%20de%20la%20Seremi%20de%20Bienes%20Nacionales&#038;body=https:\/\/radiorevelacionfm.cl\/?p=17140' aria-hidden='false' data-av_icon='\ue805' data-av_iconfont='entypo-fontello' title='' data-avia-related-tooltip='Compartir por correo'><span class='avia_hidden_link_text'>Compartir por correo<\/span><\/a><\/li><\/ul><\/div><\/div>\n<div  style='height:50px' class='hr hr-invisible   avia-builder-el-8  el_after_av_social_share  el_before_av_comments_list '><span class='hr-inner ' ><span class='hr-inner-style'><\/span><\/span><\/div>\n<div  class='av-buildercomment  av-blog-meta-html-info-disabled av-blog-meta-tag-disabled  '><\/div>\n","protected":false},"excerpt":{"rendered":"","protected":false},"author":1,"featured_media":17141,"comment_status":"open","ping_status":"open","sticky":false,"template":"","format":"standard","meta":{"footnotes":""},"categories":[38],"tags":[],"class_list":["post-17140","post","type-post","status-publish","format-standard","has-post-thumbnail","hentry","category-regional"],"jetpack_featured_media_url":"https:\/\/radiorevelacionfm.cl\/wp-content\/uploads\/2022\/05\/2-83-1-1.jpg","_links":{"self":[{"href":"https:\/\/radiorevelacionfm.cl\/index.php?rest_route=\/wp\/v2\/posts\/17140","targetHints":{"allow":["GET"]}}],"collection":[{"href":"https:\/\/radiorevelacionfm.cl\/index.php?rest_route=\/wp\/v2\/posts"}],"about":[{"href":"https:\/\/radiorevelacionfm.cl\/index.php?rest_route=\/wp\/v2\/types\/post"}],"author":[{"embeddable":true,"href":"https:\/\/radiorevelacionfm.cl\/index.php?rest_route=\/wp\/v2\/users\/1"}],"replies":[{"embeddable":true,"href":"https:\/\/radiorevelacionfm.cl\/index.php?rest_route=%2Fwp%2Fv2%2Fcomments&post=17140"}],"version-history":[{"count":2,"href":"https:\/\/radiorevelacionfm.cl\/index.php?rest_route=\/wp\/v2\/posts\/17140\/revisions"}],"predecessor-version":[{"id":17163,"href":"https:\/\/radiorevelacionfm.cl\/index.php?rest_route=\/wp\/v2\/posts\/17140\/revisions\/17163"}],"wp:featuredmedia":[{"embeddable":true,"href":"https:\/\/radiorevelacionfm.cl\/index.php?rest_route=\/wp\/v2\/media\/17141"}],"wp:attachment":[{"href":"https:\/\/radiorevelacionfm.cl\/index.php?rest_route=%2Fwp%2Fv2%2Fmedia&parent=17140"}],"wp:term":[{"taxonomy":"category","embeddable":true,"href":"https:\/\/radiorevelacionfm.cl\/index.php?rest_route=%2Fwp%2Fv2%2Fcategories&post=17140"},{"taxonomy":"post_tag","embeddable":true,"href":"https:\/\/radiorevelacionfm.cl\/index.php?rest_route=%2Fwp%2Fv2%2Ftags&post=17140"}],"curies":[{"name":"wp","href":"https:\/\/api.w.org\/{rel}","templated":true}]}}