{"id":17137,"date":"2022-05-24T20:47:24","date_gmt":"2022-05-24T23:47:24","guid":{"rendered":"https:\/\/radiorevelacionfm.cl\/?p=17137"},"modified":"2022-05-24T22:00:47","modified_gmt":"2022-05-25T01:00:47","slug":"bancada-del-gas-piden-al-ministro-de-energia-agilizar-presentacion-de-medidas-que-permitan-disminuir-su-precio","status":"publish","type":"post","link":"https:\/\/radiorevelacionfm.cl\/?p=17137","title":{"rendered":"Bancada del Gas pide al Ministro de Energ\u00eda agilizar presentaci\u00f3n de medidas que permitan disminuir su precio"},"content":{"rendered":"<div class=\"flex_column av_one_full  flex_column_div av-zero-column-padding first  avia-builder-el-0  el_before_av_one_full  avia-builder-el-first  \" style='border-radius:0px; '><div  class='avia-image-container  av-styling-    avia-builder-el-1  avia-builder-el-no-sibling  avia-align-center '  itemprop=\"image\" itemscope=\"itemscope\" itemtype=\"https:\/\/schema.org\/ImageObject\"  ><div class='avia-image-container-inner'><div class='avia-image-overlay-wrap'><img decoding=\"async\" class='wp-image-17138 avia-img-lazy-loading-not-17138 avia_image' src=\"https:\/\/radiorevelacionfm.cl\/wp-content\/uploads\/2022\/05\/BANCADA-DEL-GAS-Y-MINISTRO-1-1.jpeg\" alt='' title='BANCADA DEL GAS Y MINISTRO (1) (1)' height=\"600\" width=\"905\"  itemprop=\"thumbnailUrl\" srcset=\"https:\/\/radiorevelacionfm.cl\/wp-content\/uploads\/2022\/05\/BANCADA-DEL-GAS-Y-MINISTRO-1-1.jpeg 905w, https:\/\/radiorevelacionfm.cl\/wp-content\/uploads\/2022\/05\/BANCADA-DEL-GAS-Y-MINISTRO-1-1-300x199.jpeg 300w, https:\/\/radiorevelacionfm.cl\/wp-content\/uploads\/2022\/05\/BANCADA-DEL-GAS-Y-MINISTRO-1-1-768x509.jpeg 768w, https:\/\/radiorevelacionfm.cl\/wp-content\/uploads\/2022\/05\/BANCADA-DEL-GAS-Y-MINISTRO-1-1-705x467.jpeg 705w, https:\/\/radiorevelacionfm.cl\/wp-content\/uploads\/2022\/05\/BANCADA-DEL-GAS-Y-MINISTRO-1-1-600x398.jpeg 600w\" sizes=\"(max-width: 905px) 100vw, 905px\" \/><\/div><\/div><\/div><\/div>\n<div class=\"flex_column av_one_full  flex_column_div av-zero-column-padding first  avia-builder-el-2  el_after_av_one_full  el_before_av_one_full  column-top-margin\" style='border-radius:0px; '><section class=\"av_textblock_section \"  itemscope=\"itemscope\" itemtype=\"https:\/\/schema.org\/BlogPosting\" itemprop=\"blogPost\" ><div class='avia_textblock  '   itemprop=\"text\" ><p style=\"text-align: center;\"><strong><span style=\"font-size: 18pt;\">Bancada del Gas pide al Ministro de Energ\u00eda agilizar presentaci\u00f3n de medidas que permitan disminuir su precio<\/span><\/strong><\/p>\n<div id=\"gtx-trans\" style=\"position: absolute; left: -50px; top: 4.31534px;\">\n<div class=\"gtx-trans-icon\"><\/div>\n<\/div>\n<\/div><\/section><\/div><div class=\"flex_column av_one_full  flex_column_div av-zero-column-padding first  avia-builder-el-4  el_after_av_one_full  el_before_av_hr  column-top-margin\" style='border-radius:0px; '><section class=\"av_textblock_section \"  itemscope=\"itemscope\" itemtype=\"https:\/\/schema.org\/BlogPosting\" itemprop=\"blogPost\" ><div class='avia_textblock  '   itemprop=\"text\" ><p style=\"font-weight: 400; text-align: justify;\">Conscientes de la urgente necesidad de bajar los precios del gas en Chile, el diputado Miguel \u00c1ngel Calisto y los legisladores de la denominada Bancada del Gas, se reunieron con el Ministro de Energ\u00eda, Claudio Huepe, a quien le pidieron que se agilice la presentaci\u00f3n de un proyecto que regule el mercado, adem\u00e1s de otras medidas que permitan generar una disminuci\u00f3n en el precio de este productor.<\/p>\n<p style=\"font-weight: 400; text-align: justify;\">El diputado Miguel \u00c1ngel Calisto, quien presidi\u00f3 la Comisi\u00f3n Investigadora del gas en la C\u00e1mara, asegur\u00f3 que \u201ceste es un tema que afecta a todas las familias de nuestro pa\u00eds, por eso es fundamental que el Gobierno agilice las medidas para disminuir el precio del gas. Ya estamos llegando al invierno y a\u00fan no tenemos claridad. Todo esto se lo planteamos al ministro de Energ\u00eda en la reuni\u00f3n que sostuvimos, quien manifest\u00f3 una buena disposici\u00f3n ante nuestras demandas\u201d.<\/p>\n<p style=\"font-weight: 400; text-align: justify;\">\u201cEstamos entrando en el invierno, las familias necesitan calefaccionar sus hogares. Es muy necesario que esto se agilice. El Ministro recogi\u00f3 nuestra preocupaci\u00f3n y manifest\u00f3 mucha disposici\u00f3n para que dialoguemos y trabajemos juntos este tema\u201d, argument\u00f3 Calisto.<\/p>\n<p style=\"font-weight: 400; text-align: justify;\">El legislador agreg\u00f3 que \u201ctambi\u00e9n hay muchas Pymes que dependen enormemente del valor del gas para sacar adelante sus emprendimientos. Ac\u00e1 tenemos por ejemplo los restaurantes y todo el rubro gastron\u00f3mico. Se tiene que actuar de forma r\u00e1pida y decidida para poder sacar adelante un nuevo proyecto que permita regular el mercado y disminuir los precios\u201d.<\/p>\n<p style=\"font-weight: 400; text-align: justify;\">El diputado Miguel \u00c1ngel Calisto indic\u00f3 que \u201cle plantee al Ministro que en Ays\u00e9n hay algunas localidades m\u00e1s alejadas, como en Las Guaitecas, Huichas o Villa O\u00b4Higgins, donde el gas de 15 kilos puede superar los 35 mil pesos. Esto tiene que cambiar, por lo que esperamos medidas que permitan bajar los precios en todo Chile\u201d.<\/p>\n<p style=\"font-weight: 400; text-align: justify;\">Finalmente, el jefe de la cartera de Energ\u00eda, ministro Claudio Huepe, se\u00f1al\u00f3 que \u201cestoy muy agradecido de esta invitaci\u00f3n y de haber podido conversar con todos ustedes. Es importante poder escuchar sus visiones y opiniones sobre el tema para contar con un mejor proyecto\u201d.<\/p>\n<\/div><\/section><\/div><\/p>\n<div  style='height:50px' class='hr hr-invisible   avia-builder-el-6  el_after_av_one_full  el_before_av_social_share '><span class='hr-inner ' ><span class='hr-inner-style'><\/span><\/span><\/div>\n<div  class='av-social-sharing-box  avia-builder-el-7  el_after_av_hr  el_before_av_hr  '><div class='av-share-box'><h5 class='av-share-link-description av-no-toc '>Compartir esta noticia<\/h5><ul class='av-share-box-list noLightbox'><li class='av-share-link av-social-link-facebook' ><a target=\"_blank\" aria-label=\"Compartir en Facebook\" href='https:\/\/www.facebook.com\/sharer.php?u=https:\/\/radiorevelacionfm.cl\/?p=17137&#038;t=Bancada%20del%20Gas%20pide%20al%20Ministro%20de%20Energ%C3%ADa%20agilizar%20presentaci%C3%B3n%20de%20medidas%20que%20permitan%20disminuir%20su%20precio' aria-hidden='false' data-av_icon='\ue8f3' data-av_iconfont='entypo-fontello' title='' data-avia-related-tooltip='Compartir en Facebook' rel=\"noopener\"><span class='avia_hidden_link_text'>Compartir en Facebook<\/span><\/a><\/li><li class='av-share-link av-social-link-twitter' ><a target=\"_blank\" aria-label=\"Compartir en Twitter\" href='https:\/\/twitter.com\/share?text=Bancada%20del%20Gas%20pide%20al%20Ministro%20de%20Energ%C3%ADa%20agilizar%20presentaci%C3%B3n%20de%20medidas%20que%20permitan%20disminuir%20su%20precio&#038;url=https:\/\/radiorevelacionfm.cl\/?p=17137' aria-hidden='false' data-av_icon='\ue8f1' data-av_iconfont='entypo-fontello' title='' data-avia-related-tooltip='Compartir en Twitter' rel=\"noopener\"><span class='avia_hidden_link_text'>Compartir en Twitter<\/span><\/a><\/li><li class='av-share-link av-social-link-whatsapp' ><a target=\"_blank\" aria-label=\"Compartir en Whatsapp\" href='https:\/\/api.whatsapp.com\/send?text=https:\/\/radiorevelacionfm.cl\/?p=17137' aria-hidden='false' data-av_icon='\uf232' data-av_iconfont='entypo-fontello' title='' data-avia-related-tooltip='Compartir en Whatsapp' rel=\"noopener\"><span class='avia_hidden_link_text'>Compartir en Whatsapp<\/span><\/a><\/li><li class='av-share-link av-social-link-linkedin' ><a target=\"_blank\" aria-label=\"Compartir en LinkedIn\" href='https:\/\/linkedin.com\/shareArticle?mini=true&#038;title=Bancada%20del%20Gas%20pide%20al%20Ministro%20de%20Energ%C3%ADa%20agilizar%20presentaci%C3%B3n%20de%20medidas%20que%20permitan%20disminuir%20su%20precio&#038;url=https:\/\/radiorevelacionfm.cl\/?p=17137' aria-hidden='false' data-av_icon='\ue8fc' data-av_iconfont='entypo-fontello' title='' data-avia-related-tooltip='Compartir en LinkedIn' rel=\"noopener\"><span class='avia_hidden_link_text'>Compartir en LinkedIn<\/span><\/a><\/li><li class='av-share-link av-social-link-mail' ><a  aria-label=\"Compartir por correo\" href='mailto:?subject=Bancada%20del%20Gas%20pide%20al%20Ministro%20de%20Energ%C3%ADa%20agilizar%20presentaci%C3%B3n%20de%20medidas%20que%20permitan%20disminuir%20su%20precio&#038;body=https:\/\/radiorevelacionfm.cl\/?p=17137' aria-hidden='false' data-av_icon='\ue805' data-av_iconfont='entypo-fontello' title='' data-avia-related-tooltip='Compartir por correo'><span class='avia_hidden_link_text'>Compartir por correo<\/span><\/a><\/li><\/ul><\/div><\/div>\n<div  style='height:50px' class='hr hr-invisible   avia-builder-el-8  el_after_av_social_share  el_before_av_comments_list '><span class='hr-inner ' ><span class='hr-inner-style'><\/span><\/span><\/div>\n<div  class='av-buildercomment  av-blog-meta-html-info-disabled av-blog-meta-tag-disabled  '><\/div>\n","protected":false},"excerpt":{"rendered":"","protected":false},"author":1,"featured_media":17138,"comment_status":"open","ping_status":"open","sticky":false,"template":"","format":"standard","meta":{"footnotes":""},"categories":[35],"tags":[],"class_list":["post-17137","post","type-post","status-publish","format-standard","has-post-thumbnail","hentry","category-politica"],"jetpack_featured_media_url":"https:\/\/radiorevelacionfm.cl\/wp-content\/uploads\/2022\/05\/BANCADA-DEL-GAS-Y-MINISTRO-1-1.jpeg","_links":{"self":[{"href":"https:\/\/radiorevelacionfm.cl\/index.php?rest_route=\/wp\/v2\/posts\/17137","targetHints":{"allow":["GET"]}}],"collection":[{"href":"https:\/\/radiorevelacionfm.cl\/index.php?rest_route=\/wp\/v2\/posts"}],"about":[{"href":"https:\/\/radiorevelacionfm.cl\/index.php?rest_route=\/wp\/v2\/types\/post"}],"author":[{"embeddable":true,"href":"https:\/\/radiorevelacionfm.cl\/index.php?rest_route=\/wp\/v2\/users\/1"}],"replies":[{"embeddable":true,"href":"https:\/\/radiorevelacionfm.cl\/index.php?rest_route=%2Fwp%2Fv2%2Fcomments&post=17137"}],"version-history":[{"count":3,"href":"https:\/\/radiorevelacionfm.cl\/index.php?rest_route=\/wp\/v2\/posts\/17137\/revisions"}],"predecessor-version":[{"id":17164,"href":"https:\/\/radiorevelacionfm.cl\/index.php?rest_route=\/wp\/v2\/posts\/17137\/revisions\/17164"}],"wp:featuredmedia":[{"embeddable":true,"href":"https:\/\/radiorevelacionfm.cl\/index.php?rest_route=\/wp\/v2\/media\/17138"}],"wp:attachment":[{"href":"https:\/\/radiorevelacionfm.cl\/index.php?rest_route=%2Fwp%2Fv2%2Fmedia&parent=17137"}],"wp:term":[{"taxonomy":"category","embeddable":true,"href":"https:\/\/radiorevelacionfm.cl\/index.php?rest_route=%2Fwp%2Fv2%2Fcategories&post=17137"},{"taxonomy":"post_tag","embeddable":true,"href":"https:\/\/radiorevelacionfm.cl\/index.php?rest_route=%2Fwp%2Fv2%2Ftags&post=17137"}],"curies":[{"name":"wp","href":"https:\/\/api.w.org\/{rel}","templated":true}]}}