{"id":17133,"date":"2022-05-24T18:03:44","date_gmt":"2022-05-24T21:03:44","guid":{"rendered":"https:\/\/radiorevelacionfm.cl\/?p=17133"},"modified":"2022-05-24T18:03:44","modified_gmt":"2022-05-24T21:03:44","slug":"infor-destaca-programa-silvicola-en-fiesta-del-maderero-realizado-en-tortel","status":"publish","type":"post","link":"https:\/\/radiorevelacionfm.cl\/?p=17133","title":{"rendered":"Infor destaca programa silv\u00edcola en Fiesta del Maderero realizado en Tortel"},"content":{"rendered":"<div class=\"flex_column av_one_full  flex_column_div av-zero-column-padding first  avia-builder-el-0  el_before_av_one_full  avia-builder-el-first  \" style='border-radius:0px; '><div  class='avia-image-container  av-styling-    avia-builder-el-1  avia-builder-el-no-sibling  avia-align-center '  itemprop=\"image\" itemscope=\"itemscope\" itemtype=\"https:\/\/schema.org\/ImageObject\"  ><div class='avia-image-container-inner'><div class='avia-image-overlay-wrap'><img decoding=\"async\" class='wp-image-17134 avia-img-lazy-loading-not-17134 avia_image' src=\"https:\/\/radiorevelacionfm.cl\/wp-content\/uploads\/2022\/05\/11-5-1_optimized.jpg\" alt='' title='11-(5)-(1)_optimized' height=\"600\" width=\"1067\"  itemprop=\"thumbnailUrl\" srcset=\"https:\/\/radiorevelacionfm.cl\/wp-content\/uploads\/2022\/05\/11-5-1_optimized.jpg 1067w, https:\/\/radiorevelacionfm.cl\/wp-content\/uploads\/2022\/05\/11-5-1_optimized-300x169.jpg 300w, https:\/\/radiorevelacionfm.cl\/wp-content\/uploads\/2022\/05\/11-5-1_optimized-1030x579.jpg 1030w, https:\/\/radiorevelacionfm.cl\/wp-content\/uploads\/2022\/05\/11-5-1_optimized-768x432.jpg 768w, https:\/\/radiorevelacionfm.cl\/wp-content\/uploads\/2022\/05\/11-5-1_optimized-705x396.jpg 705w, https:\/\/radiorevelacionfm.cl\/wp-content\/uploads\/2022\/05\/11-5-1_optimized-600x337.jpg 600w\" sizes=\"(max-width: 1067px) 100vw, 1067px\" \/><\/div><\/div><\/div><\/div><div class=\"flex_column av_one_full  flex_column_div av-zero-column-padding first  avia-builder-el-2  el_after_av_one_full  el_before_av_one_full  column-top-margin\" style='border-radius:0px; '><section class=\"av_textblock_section \"  itemscope=\"itemscope\" itemtype=\"https:\/\/schema.org\/BlogPosting\" itemprop=\"blogPost\" ><div class='avia_textblock  '   itemprop=\"text\" ><p style=\"text-align: center;\"><span style=\"font-size: 18pt;\"><b>Infor destaca programa silv\u00edcola en Fiesta del Maderero realizado en Tortel<\/b><\/span><\/p>\n<div id=\"gtx-trans\" style=\"position: absolute; left: -50px; top: 4.31534px;\">\n<div class=\"gtx-trans-icon\"><\/div>\n<\/div>\n<\/div><\/section><\/div><div class=\"flex_column av_one_full  flex_column_div av-zero-column-padding first  avia-builder-el-4  el_after_av_one_full  el_before_av_hr  column-top-margin\" style='border-radius:0px; '><section class=\"av_textblock_section \"  itemscope=\"itemscope\" itemtype=\"https:\/\/schema.org\/BlogPosting\" itemprop=\"blogPost\" ><div class='avia_textblock  '   itemprop=\"text\" ><p style=\"font-weight: 400; text-align: justify;\">La VII versi\u00f3n de la Fiesta del Maderero desarrollado en Tortel, fue la instancia en donde el Instituto Forestal (Infor) Sede Patagonia, dio a conocer los avances del programa; Transferencia de Desarrollo Productivo para el Sector Silv\u00edcola de La Provincia de Capit\u00e1n Prat, impulsado por la instituci\u00f3n dependiente del Ministerio de Agricultura y financiada por el Gobierno Regional de Ays\u00e9n.<\/p>\n<p style=\"font-weight: 400; text-align: justify;\">Con stand, conversatorio y un \u00a0taller dirigido a los asistentes del festival, Infor busc\u00f3 difundir e informar a la comunidad de Caleta Tortel sobre los alcances del programa el cual busca contribuir a aumentar la productividad e ingresos de los productores del sector silv\u00edcola de la Provincia Capit\u00e1n Prat, a trav\u00e9s del fortalecimiento de encadenamientos productivos, modernizar de procesos y el desarrollo de una estrategia de comercializaci\u00f3n y marketing de los productos del sector.<\/p>\n<p style=\"font-weight: 400; text-align: justify;\">Es as\u00ed que en el tradicional evento impulsado por la Municipalidad de Tortel la entidad\u00a0 pudo entregar antecedentes sobre el manejo sustentable de los bosques nativos de la comuna, beneficios del uso de le\u00f1a de calidad, estandarizaci\u00f3n de productos, normativa vigente, entre otros.<\/p>\n<p style=\"font-weight: 400; text-align: justify;\">\u201cEste tipo de acciones en el territorio vinculados con la municipalidad son de gran relevancia, porque nos permiten que la comunidad conozca y valore nuestro trabajo. El compromiso es seguir colaborando con los productores y organizaciones ligadas al sector silv\u00edcola, por ello el instituto posee una oficina con asiento en Cochrane, compuesta por un equipo de profesionales que atienden los requerimientos de la Provincia de Capit\u00e1n Prat\u201d, resalt\u00f3 el gerente Jaime Salinas.<\/p>\n<p style=\"font-weight: 400; text-align: justify;\">Trabajo que como sintetiz\u00f3 Salinas apunta a mejorar la competitividad en base a la innovaci\u00f3n, desarrollo y transferencia tecnol\u00f3gica. \u201cLo anterior, permite generar productos con mayor valor, dinamizar la econom\u00eda local y generar encadenamientos productivos. Como Infor seguiremos manteniendo las vinculaciones con los servicios y autoridades locales, para aportar desde nuestro quehacer institucional a mejorar la calidad de vida de las personas del territorio sur de la regi\u00f3n de Ays\u00e9n\u201d, subray\u00f3 el Gerente de la entidad quien recalc\u00f3 que la idea es profundizar el trabajo en torno manejo del bosque nativo, restauraci\u00f3n agroforestal, Productos Forestales No Madereros y otros temas que demande el territorio.<\/p>\n<\/div><\/section><\/div><div  style='height:50px' class='hr hr-invisible   avia-builder-el-6  el_after_av_one_full  el_before_av_social_share '><span class='hr-inner ' ><span class='hr-inner-style'><\/span><\/span><\/div><\/p>\n<div  class='av-social-sharing-box  avia-builder-el-7  el_after_av_hr  el_before_av_hr  '><div class='av-share-box'><h5 class='av-share-link-description av-no-toc '>Compartir esta noticia<\/h5><ul class='av-share-box-list noLightbox'><li class='av-share-link av-social-link-facebook' ><a target=\"_blank\" aria-label=\"Compartir en Facebook\" href='https:\/\/www.facebook.com\/sharer.php?u=https:\/\/radiorevelacionfm.cl\/?p=17133&#038;t=Infor%20destaca%20programa%20silv%C3%ADcola%20en%20Fiesta%20del%20Maderero%20realizado%20en%20Tortel' aria-hidden='false' data-av_icon='\ue8f3' data-av_iconfont='entypo-fontello' title='' data-avia-related-tooltip='Compartir en Facebook' rel=\"noopener\"><span class='avia_hidden_link_text'>Compartir en Facebook<\/span><\/a><\/li><li class='av-share-link av-social-link-twitter' ><a target=\"_blank\" aria-label=\"Compartir en Twitter\" href='https:\/\/twitter.com\/share?text=Infor%20destaca%20programa%20silv%C3%ADcola%20en%20Fiesta%20del%20Maderero%20realizado%20en%20Tortel&#038;url=https:\/\/radiorevelacionfm.cl\/?p=17133' aria-hidden='false' data-av_icon='\ue8f1' data-av_iconfont='entypo-fontello' title='' data-avia-related-tooltip='Compartir en Twitter' rel=\"noopener\"><span class='avia_hidden_link_text'>Compartir en Twitter<\/span><\/a><\/li><li class='av-share-link av-social-link-whatsapp' ><a target=\"_blank\" aria-label=\"Compartir en Whatsapp\" href='https:\/\/api.whatsapp.com\/send?text=https:\/\/radiorevelacionfm.cl\/?p=17133' aria-hidden='false' data-av_icon='\uf232' data-av_iconfont='entypo-fontello' title='' data-avia-related-tooltip='Compartir en Whatsapp' rel=\"noopener\"><span class='avia_hidden_link_text'>Compartir en Whatsapp<\/span><\/a><\/li><li class='av-share-link av-social-link-linkedin' ><a target=\"_blank\" aria-label=\"Compartir en LinkedIn\" href='https:\/\/linkedin.com\/shareArticle?mini=true&#038;title=Infor%20destaca%20programa%20silv%C3%ADcola%20en%20Fiesta%20del%20Maderero%20realizado%20en%20Tortel&#038;url=https:\/\/radiorevelacionfm.cl\/?p=17133' aria-hidden='false' data-av_icon='\ue8fc' data-av_iconfont='entypo-fontello' title='' data-avia-related-tooltip='Compartir en LinkedIn' rel=\"noopener\"><span class='avia_hidden_link_text'>Compartir en LinkedIn<\/span><\/a><\/li><li class='av-share-link av-social-link-mail' ><a  aria-label=\"Compartir por correo\" href='mailto:?subject=Infor%20destaca%20programa%20silv%C3%ADcola%20en%20Fiesta%20del%20Maderero%20realizado%20en%20Tortel&#038;body=https:\/\/radiorevelacionfm.cl\/?p=17133' aria-hidden='false' data-av_icon='\ue805' data-av_iconfont='entypo-fontello' title='' data-avia-related-tooltip='Compartir por correo'><span class='avia_hidden_link_text'>Compartir por correo<\/span><\/a><\/li><\/ul><\/div><\/div>\n<div  style='height:50px' class='hr hr-invisible   avia-builder-el-8  el_after_av_social_share  el_before_av_comments_list '><span class='hr-inner ' ><span class='hr-inner-style'><\/span><\/span><\/div>\n<div  class='av-buildercomment  av-blog-meta-html-info-disabled av-blog-meta-tag-disabled  '><\/div>\n","protected":false},"excerpt":{"rendered":"","protected":false},"author":1,"featured_media":17134,"comment_status":"open","ping_status":"open","sticky":false,"template":"","format":"standard","meta":{"footnotes":""},"categories":[38],"tags":[],"class_list":["post-17133","post","type-post","status-publish","format-standard","has-post-thumbnail","hentry","category-regional"],"jetpack_featured_media_url":"https:\/\/radiorevelacionfm.cl\/wp-content\/uploads\/2022\/05\/11-5-1_optimized.jpg","_links":{"self":[{"href":"https:\/\/radiorevelacionfm.cl\/index.php?rest_route=\/wp\/v2\/posts\/17133","targetHints":{"allow":["GET"]}}],"collection":[{"href":"https:\/\/radiorevelacionfm.cl\/index.php?rest_route=\/wp\/v2\/posts"}],"about":[{"href":"https:\/\/radiorevelacionfm.cl\/index.php?rest_route=\/wp\/v2\/types\/post"}],"author":[{"embeddable":true,"href":"https:\/\/radiorevelacionfm.cl\/index.php?rest_route=\/wp\/v2\/users\/1"}],"replies":[{"embeddable":true,"href":"https:\/\/radiorevelacionfm.cl\/index.php?rest_route=%2Fwp%2Fv2%2Fcomments&post=17133"}],"version-history":[{"count":2,"href":"https:\/\/radiorevelacionfm.cl\/index.php?rest_route=\/wp\/v2\/posts\/17133\/revisions"}],"predecessor-version":[{"id":17136,"href":"https:\/\/radiorevelacionfm.cl\/index.php?rest_route=\/wp\/v2\/posts\/17133\/revisions\/17136"}],"wp:featuredmedia":[{"embeddable":true,"href":"https:\/\/radiorevelacionfm.cl\/index.php?rest_route=\/wp\/v2\/media\/17134"}],"wp:attachment":[{"href":"https:\/\/radiorevelacionfm.cl\/index.php?rest_route=%2Fwp%2Fv2%2Fmedia&parent=17133"}],"wp:term":[{"taxonomy":"category","embeddable":true,"href":"https:\/\/radiorevelacionfm.cl\/index.php?rest_route=%2Fwp%2Fv2%2Fcategories&post=17133"},{"taxonomy":"post_tag","embeddable":true,"href":"https:\/\/radiorevelacionfm.cl\/index.php?rest_route=%2Fwp%2Fv2%2Ftags&post=17133"}],"curies":[{"name":"wp","href":"https:\/\/api.w.org\/{rel}","templated":true}]}}