{"id":17129,"date":"2022-05-25T09:56:48","date_gmt":"2022-05-25T12:56:48","guid":{"rendered":"https:\/\/radiorevelacionfm.cl\/?p=17129"},"modified":"2022-05-25T09:56:48","modified_gmt":"2022-05-25T12:56:48","slug":"chile-avanza-en-certificacion-de-dos-parques-nacionales-en-estandar-de-lista-verde","status":"publish","type":"post","link":"https:\/\/radiorevelacionfm.cl\/?p=17129","title":{"rendered":"Chile avanza en certificaci\u00f3n de dos parques nacionales en est\u00e1ndar de Lista Verde"},"content":{"rendered":"<div class=\"flex_column av_one_full  flex_column_div av-zero-column-padding first  avia-builder-el-0  el_before_av_one_full  avia-builder-el-first  \" style='border-radius:0px; '><div  class='avia-image-container  av-styling-    avia-builder-el-1  avia-builder-el-no-sibling  avia-align-center '  itemprop=\"image\" itemscope=\"itemscope\" itemtype=\"https:\/\/schema.org\/ImageObject\"  ><div class='avia-image-container-inner'><div class='avia-image-overlay-wrap'><img decoding=\"async\" class='wp-image-17130 avia-img-lazy-loading-not-17130 avia_image' src=\"https:\/\/radiorevelacionfm.cl\/wp-content\/uploads\/2022\/05\/52094074816_df0116c0f3_h-1_optimized.jpg\" alt='' title='52094074816_df0116c0f3_h-(1)_optimized' height=\"600\" width=\"800\"  itemprop=\"thumbnailUrl\" srcset=\"https:\/\/radiorevelacionfm.cl\/wp-content\/uploads\/2022\/05\/52094074816_df0116c0f3_h-1_optimized.jpg 800w, https:\/\/radiorevelacionfm.cl\/wp-content\/uploads\/2022\/05\/52094074816_df0116c0f3_h-1_optimized-300x225.jpg 300w, https:\/\/radiorevelacionfm.cl\/wp-content\/uploads\/2022\/05\/52094074816_df0116c0f3_h-1_optimized-768x576.jpg 768w, https:\/\/radiorevelacionfm.cl\/wp-content\/uploads\/2022\/05\/52094074816_df0116c0f3_h-1_optimized-705x529.jpg 705w, https:\/\/radiorevelacionfm.cl\/wp-content\/uploads\/2022\/05\/52094074816_df0116c0f3_h-1_optimized-600x450.jpg 600w\" sizes=\"(max-width: 800px) 100vw, 800px\" \/><\/div><\/div><\/div><\/div><div class=\"flex_column av_one_full  flex_column_div av-zero-column-padding first  avia-builder-el-2  el_after_av_one_full  el_before_av_one_full  column-top-margin\" style='border-radius:0px; '><section class=\"av_textblock_section \"  itemscope=\"itemscope\" itemtype=\"https:\/\/schema.org\/BlogPosting\" itemprop=\"blogPost\" ><div class='avia_textblock  '   itemprop=\"text\" ><p style=\"text-align: center;\"><strong><span style=\"font-size: 18pt;\">Chile avanza en certificaci\u00f3n de dos parques nacionales en est\u00e1ndar de Lista Verde<\/span><\/strong><\/p>\n<div id=\"gtx-trans\" style=\"position: absolute; left: -50px; top: 4.31534px;\">\n<div class=\"gtx-trans-icon\"><\/div>\n<\/div>\n<\/div><\/section><\/div><div class=\"flex_column av_one_full  flex_column_div av-zero-column-padding first  avia-builder-el-4  el_after_av_one_full  el_before_av_hr  column-top-margin\" style='border-radius:0px; '><section class=\"av_textblock_section \"  itemscope=\"itemscope\" itemtype=\"https:\/\/schema.org\/BlogPosting\" itemprop=\"blogPost\" ><div class='avia_textblock  '   itemprop=\"text\" ><p style=\"text-align: justify;\">El poder constatar en terreno el avance y compromiso de los equipos de trabajo de los dos parques nacionales, Vicente P\u00e9rez Rosales y Cerro Castillo, en el proceso de certificaci\u00f3n bajo el est\u00e1ndar de Lista Verde, fue uno de los ejes de la visita de la delegaci\u00f3n de la Uni\u00f3n Internacional de la Conservaci\u00f3n de la Naturaleza (UICN), la cual estuvo encabezada por el director regional para Sudam\u00e9rica, Gabriel Quijandr\u00eda.<\/p>\n<p style=\"text-align: justify;\">En el recorrido que realizaron por ambas unidades, tanto en la Regi\u00f3n de Ays\u00e9n, Parque Nacional Cerro Castillo, como de Los Lagos, Parque Nacional Vicente P\u00e9rez Rosales, se pudo apreciar el trabajo que realizan los equipos profesionales y de guardaparques de la Corporaci\u00f3n Nacional Forestal (CONAF), con el apoyo del Programa Austral Patagonia de la Universidad Austral de Chile y The Pew Charitable Trusts.<\/p>\n<p style=\"text-align: justify;\">El proceso de postulaci\u00f3n chileno se inici\u00f3 en 2021, y se espera que ya a fines de este a\u00f1o puedan estar certificados o muy avanzado para lograrlo, ya que justamente esta misma semana se dio a conocer la configuraci\u00f3n del panel experto EAGL (Expert Assessment group for the Green List), que analizar\u00e1 el est\u00e1ndar internacional de Lista Verde para adaptarlo a la realidad nacional y as\u00ed, en un tiempo m\u00e1s, poder contar con nuestro propio est\u00e1ndar de gesti\u00f3n de \u00e1reas protegidas, validado por la UICN.<\/p>\n<p style=\"text-align: justify;\">Adem\u00e1s, durante esta visita y reuniones de trabajo, se confirm\u00f3 que se est\u00e1 pensando integrar una nueva \u00e1rea protegida a este est\u00e1ndar, y ser\u00eda el Parque Nacional Laguna San Rafael, tambi\u00e9n de la Regi\u00f3n de Ays\u00e9n.<\/p>\n<p style=\"text-align: justify;\">Cabe destacar que en el \u00a02012 la Uni\u00f3n Internacional para la Conservaci\u00f3n de la Naturaleza y de los Recursos Naturales (UICN) comenz\u00f3 a desarrollar su programa de certificaci\u00f3n Lista Verde de \u00c1reas Protegidas y Conservadas: el cual es un mecanismo de apoyo para que gobiernos nacionales y actores interesados pudiesen cumplir con las metas mundiales de conservaci\u00f3n de la biodiversidad, a trav\u00e9s del mejoramiento de la gesti\u00f3n de sus \u00e1reas protegidas. Lista Verde, por lo tanto, es un programa de certificaci\u00f3n que entrega una distinci\u00f3n a aquellas \u00e1reas protegidas que alcanzan una gesti\u00f3n exitosa, demostrada a trav\u00e9s del cumplimiento de un est\u00e1ndar cuyos indicadores han sido desarrollados y aprobados por los miembros de la UICN. Los beneficios de esta herramienta, finalmente, se traducen en la conservaci\u00f3n de la naturaleza y sus diversos beneficios ecol\u00f3gicos, socioecon\u00f3micos, culturales y espirituales.<\/p>\n<p style=\"text-align: justify;\">\u201cHabitualmente se habla de Lista Roja para evidenciar problemas de conservaci\u00f3n, pero aqu\u00ed, con la Lista Verde, la l\u00f3gica es la inversa: mostrar o premiar la buena gesti\u00f3n, y poder determinarla a partir de una evaluaci\u00f3n independiente que se hace a partir de unos indicadores que demuestran qu\u00e9 tan bien se est\u00e1 gestionando un \u00e1rea protegida\u201d, se\u00f1al\u00f3 Gabriel Quijandr\u00eda, director regional para Sudam\u00e9rica de UICN.<\/p>\n<p style=\"text-align: justify;\">Actualmente la Lista Verde est\u00e1 integrada por 61 \u00e1reas protegidas de 16 pa\u00edses del mundo; ninguna de ellas en Chile. Sin embargo, se est\u00e1 trabajando para cambiar esa situaci\u00f3n: los pasados 23 y 28 de diciembre de 2021, la Corporaci\u00f3n Nacional Forestal (CONAF) -entidad a cargo de la administraci\u00f3n de las \u00e1reas protegidas del Estado- postul\u00f3 los Parques Nacionales Vicente P\u00e9rez Rosales y Cerro Castillo, respectivamente, para ser candidatos a integrar la Lista Verde, una vez que subsanen diversas brechas y mejoren su gesti\u00f3n. En todo este ese proceso CONAF ha contado con el apoyo del UICN Sur, del Programa Austral Patagonia de la Universidad Austral de Chile y The Pew Charitable Trusts.<\/p>\n<p style=\"text-align: justify;\">\u201cEsta certificaci\u00f3n ser\u00e1 un tremendo aporte a toda la ciudadan\u00eda, porque nos llevar\u00e1 a alcanzar y mantener un est\u00e1ndar de gesti\u00f3n que no s\u00f3lo beneficiar\u00e1 a la conservaci\u00f3n de la biodiversidad, sino que los visitantes y comunidades cercanas, sobre todo porque estos parques podr\u00edan transformarse en un importante polo de desarrollo para las regiones en las que est\u00e1n insertos\u201d, dijo al respecto Christian Little, director ejecutivo de CONAF.<\/p>\n<p style=\"text-align: justify;\">Sin embargo, un paso previo fundamental para la certificaci\u00f3n de estos dos parques -y de otros en el futuro- es que Chile desarrolle su propio est\u00e1ndar de Lista Verde: si bien existe un est\u00e1ndar internacional, cada pa\u00eds puede adaptarlo a su realidad y generar uno propio, validado -obviamente- por UICN. En este trabajo confluyen los gobiernos y los distintos organismos interesados llamados \u201csocios implementadores\u201d, es decir, aquellos que prestan asistencia t\u00e9cnica y financian el trabajo de adaptaci\u00f3n de est\u00e1ndares y su posterior implementaci\u00f3n. Para el caso de Chile, estos socios son CONAF, The Pew Charitable Trusts y el Programa Austral Patagonia (ProAP).<\/p>\n<p style=\"text-align: justify;\">Si bien a\u00fan deben darse muchos pasos para avanzar hacia la implementaci\u00f3n de la Lista Verde en Chile, esta semana ocurrieron varios hitos que dejan al pa\u00eds bien encaminado para ello. Y es que, en el marco de la visita de Gabriel Quijandr\u00eda, director regional para Sudam\u00e9rica de UICN, y Stephanie Arellano, oficial del Programa de Gesti\u00f3n para la Biodiversidad de la misma oficina, junto al Comit\u00e9 Nacional de UICN Chile se sostuvieron reuniones con la Ministra de Medio Ambiente y otros servicios p\u00fablicos, para enfatizar la importancia del mecanismo Lista Verde en la conservaci\u00f3n de las \u00e1reas protegidas, y dar cuenta de los avances que hay en Chile al respecto. Quijandr\u00eda y Arellano, adem\u00e1s, viajaron al sur del pa\u00eds para conocer in situ los dos parques que Chile postul\u00f3 el a\u00f1o pasado para ser candidatos a certificarse bajo la Lista Verde, y sostener reuniones de trabajo con el equipo de CONAF en las regiones de Ays\u00e9n y Los Lagos, donde se ubican los parques Cerro Castillo y Vicente P\u00e9rez Rosales, respectivamente.<\/p>\n<p style=\"text-align: justify;\">Durante el paso del equipo por Coyhaique, adem\u00e1s, se llev\u00f3 a cabo la firma de un importante convenio de colaboraci\u00f3n entre UICN y la Universidad Austral de Chile (UACH), en el que ambas instituciones se comprometieron a iniciar formalmente -junto a CONAF- el proceso de certificaci\u00f3n de estos dos parques bajo los est\u00e1ndares de Lista Verde. Para ello pondr\u00e1n a disposici\u00f3n los apoyos y recursos necesarios para mejorar la gesti\u00f3n de estas \u00e1reas protegidas, y desarrollar\u00e1n \u2013 a trav\u00e9s del Programa Austral Patagonia- investigaciones dirigidas a ese fin.<\/p>\n<\/div><\/section><\/div><div  style='height:50px' class='hr hr-invisible   avia-builder-el-6  el_after_av_one_full  el_before_av_social_share '><span class='hr-inner ' ><span class='hr-inner-style'><\/span><\/span><\/div><\/p>\n<div  class='av-social-sharing-box  avia-builder-el-7  el_after_av_hr  el_before_av_hr  '><div class='av-share-box'><h5 class='av-share-link-description av-no-toc '>Compartir esta noticia<\/h5><ul class='av-share-box-list noLightbox'><li class='av-share-link av-social-link-facebook' ><a target=\"_blank\" aria-label=\"Compartir en Facebook\" href='https:\/\/www.facebook.com\/sharer.php?u=https:\/\/radiorevelacionfm.cl\/?p=17129&#038;t=Chile%20avanza%20en%20certificaci%C3%B3n%20de%20dos%20parques%20nacionales%20en%20est%C3%A1ndar%20de%20Lista%20Verde' aria-hidden='false' data-av_icon='\ue8f3' data-av_iconfont='entypo-fontello' title='' data-avia-related-tooltip='Compartir en Facebook' rel=\"noopener\"><span class='avia_hidden_link_text'>Compartir en Facebook<\/span><\/a><\/li><li class='av-share-link av-social-link-twitter' ><a target=\"_blank\" aria-label=\"Compartir en Twitter\" href='https:\/\/twitter.com\/share?text=Chile%20avanza%20en%20certificaci%C3%B3n%20de%20dos%20parques%20nacionales%20en%20est%C3%A1ndar%20de%20Lista%20Verde&#038;url=https:\/\/radiorevelacionfm.cl\/?p=17129' aria-hidden='false' data-av_icon='\ue8f1' data-av_iconfont='entypo-fontello' title='' data-avia-related-tooltip='Compartir en Twitter' rel=\"noopener\"><span class='avia_hidden_link_text'>Compartir en Twitter<\/span><\/a><\/li><li class='av-share-link av-social-link-whatsapp' ><a target=\"_blank\" aria-label=\"Compartir en Whatsapp\" href='https:\/\/api.whatsapp.com\/send?text=https:\/\/radiorevelacionfm.cl\/?p=17129' aria-hidden='false' data-av_icon='\uf232' data-av_iconfont='entypo-fontello' title='' data-avia-related-tooltip='Compartir en Whatsapp' rel=\"noopener\"><span class='avia_hidden_link_text'>Compartir en Whatsapp<\/span><\/a><\/li><li class='av-share-link av-social-link-linkedin' ><a target=\"_blank\" aria-label=\"Compartir en LinkedIn\" href='https:\/\/linkedin.com\/shareArticle?mini=true&#038;title=Chile%20avanza%20en%20certificaci%C3%B3n%20de%20dos%20parques%20nacionales%20en%20est%C3%A1ndar%20de%20Lista%20Verde&#038;url=https:\/\/radiorevelacionfm.cl\/?p=17129' aria-hidden='false' data-av_icon='\ue8fc' data-av_iconfont='entypo-fontello' title='' data-avia-related-tooltip='Compartir en LinkedIn' rel=\"noopener\"><span class='avia_hidden_link_text'>Compartir en LinkedIn<\/span><\/a><\/li><li class='av-share-link av-social-link-mail' ><a  aria-label=\"Compartir por correo\" href='mailto:?subject=Chile%20avanza%20en%20certificaci%C3%B3n%20de%20dos%20parques%20nacionales%20en%20est%C3%A1ndar%20de%20Lista%20Verde&#038;body=https:\/\/radiorevelacionfm.cl\/?p=17129' aria-hidden='false' data-av_icon='\ue805' data-av_iconfont='entypo-fontello' title='' data-avia-related-tooltip='Compartir por correo'><span class='avia_hidden_link_text'>Compartir por correo<\/span><\/a><\/li><\/ul><\/div><\/div>\n<div  style='height:50px' class='hr hr-invisible   avia-builder-el-8  el_after_av_social_share  el_before_av_comments_list '><span class='hr-inner ' ><span class='hr-inner-style'><\/span><\/span><\/div>\n<div  class='av-buildercomment  av-blog-meta-html-info-disabled av-blog-meta-tag-disabled  '><\/div>\n","protected":false},"excerpt":{"rendered":"","protected":false},"author":1,"featured_media":17130,"comment_status":"open","ping_status":"open","sticky":false,"template":"","format":"standard","meta":{"footnotes":""},"categories":[54],"tags":[],"class_list":["post-17129","post","type-post","status-publish","format-standard","has-post-thumbnail","hentry","category-turismo"],"jetpack_featured_media_url":"https:\/\/radiorevelacionfm.cl\/wp-content\/uploads\/2022\/05\/52094074816_df0116c0f3_h-1_optimized.jpg","_links":{"self":[{"href":"https:\/\/radiorevelacionfm.cl\/index.php?rest_route=\/wp\/v2\/posts\/17129","targetHints":{"allow":["GET"]}}],"collection":[{"href":"https:\/\/radiorevelacionfm.cl\/index.php?rest_route=\/wp\/v2\/posts"}],"about":[{"href":"https:\/\/radiorevelacionfm.cl\/index.php?rest_route=\/wp\/v2\/types\/post"}],"author":[{"embeddable":true,"href":"https:\/\/radiorevelacionfm.cl\/index.php?rest_route=\/wp\/v2\/users\/1"}],"replies":[{"embeddable":true,"href":"https:\/\/radiorevelacionfm.cl\/index.php?rest_route=%2Fwp%2Fv2%2Fcomments&post=17129"}],"version-history":[{"count":2,"href":"https:\/\/radiorevelacionfm.cl\/index.php?rest_route=\/wp\/v2\/posts\/17129\/revisions"}],"predecessor-version":[{"id":17162,"href":"https:\/\/radiorevelacionfm.cl\/index.php?rest_route=\/wp\/v2\/posts\/17129\/revisions\/17162"}],"wp:featuredmedia":[{"embeddable":true,"href":"https:\/\/radiorevelacionfm.cl\/index.php?rest_route=\/wp\/v2\/media\/17130"}],"wp:attachment":[{"href":"https:\/\/radiorevelacionfm.cl\/index.php?rest_route=%2Fwp%2Fv2%2Fmedia&parent=17129"}],"wp:term":[{"taxonomy":"category","embeddable":true,"href":"https:\/\/radiorevelacionfm.cl\/index.php?rest_route=%2Fwp%2Fv2%2Fcategories&post=17129"},{"taxonomy":"post_tag","embeddable":true,"href":"https:\/\/radiorevelacionfm.cl\/index.php?rest_route=%2Fwp%2Fv2%2Ftags&post=17129"}],"curies":[{"name":"wp","href":"https:\/\/api.w.org\/{rel}","templated":true}]}}