{"id":17115,"date":"2022-05-24T17:08:46","date_gmt":"2022-05-24T20:08:46","guid":{"rendered":"https:\/\/radiorevelacionfm.cl\/?p=17115"},"modified":"2022-05-24T17:08:46","modified_gmt":"2022-05-24T20:08:46","slug":"seremi-de-vivienda-se-reunio-con-comites-de-la-chacra-g-para-informar-avances-y-ratificar-trabajo-conjunto","status":"publish","type":"post","link":"https:\/\/radiorevelacionfm.cl\/?p=17115","title":{"rendered":"Seremi de Vivienda se reuni\u00f3 con Comit\u00e9s de la \u201cChacra G\u201d para informar avances y ratificar trabajo conjunto"},"content":{"rendered":"<div class=\"flex_column av_one_full  flex_column_div av-zero-column-padding first  avia-builder-el-0  el_before_av_one_full  avia-builder-el-first  \" style='border-radius:0px; '><div  class='avia-image-container  av-styling-    avia-builder-el-1  avia-builder-el-no-sibling  avia-align-center '  itemprop=\"image\" itemscope=\"itemscope\" itemtype=\"https:\/\/schema.org\/ImageObject\"  ><div class='avia-image-container-inner'><div class='avia-image-overlay-wrap'><img decoding=\"async\" class='wp-image-17117 avia-img-lazy-loading-not-17117 avia_image' src=\"https:\/\/radiorevelacionfm.cl\/wp-content\/uploads\/2022\/05\/Foto-Reunion-Chacra-G-1-1.jpeg\" alt='' title='Foto Reuni\u00f3n Chacra G (1) (1)' height=\"600\" width=\"1333\"  itemprop=\"thumbnailUrl\" srcset=\"https:\/\/radiorevelacionfm.cl\/wp-content\/uploads\/2022\/05\/Foto-Reunion-Chacra-G-1-1.jpeg 1333w, https:\/\/radiorevelacionfm.cl\/wp-content\/uploads\/2022\/05\/Foto-Reunion-Chacra-G-1-1-300x135.jpeg 300w, https:\/\/radiorevelacionfm.cl\/wp-content\/uploads\/2022\/05\/Foto-Reunion-Chacra-G-1-1-1030x464.jpeg 1030w, https:\/\/radiorevelacionfm.cl\/wp-content\/uploads\/2022\/05\/Foto-Reunion-Chacra-G-1-1-768x346.jpeg 768w, https:\/\/radiorevelacionfm.cl\/wp-content\/uploads\/2022\/05\/Foto-Reunion-Chacra-G-1-1-705x317.jpeg 705w, https:\/\/radiorevelacionfm.cl\/wp-content\/uploads\/2022\/05\/Foto-Reunion-Chacra-G-1-1-600x270.jpeg 600w\" sizes=\"(max-width: 1333px) 100vw, 1333px\" \/><\/div><\/div><\/div><\/div><div class=\"flex_column av_one_full  flex_column_div av-zero-column-padding first  avia-builder-el-2  el_after_av_one_full  el_before_av_one_full  column-top-margin\" style='border-radius:0px; '><section class=\"av_textblock_section \"  itemscope=\"itemscope\" itemtype=\"https:\/\/schema.org\/BlogPosting\" itemprop=\"blogPost\" ><div class='avia_textblock  '   itemprop=\"text\" ><p style=\"text-align: center;\"><strong><span style=\"font-size: 18pt;\">Seremi de Vivienda se reuni\u00f3 con Comit\u00e9s de la \u201cChacra G\u201d para informar avances y ratificar trabajo conjunto<\/span><\/strong><\/p>\n<div id=\"gtx-trans\" style=\"position: absolute; left: -50px; top: 4.31534px;\">\n<div class=\"gtx-trans-icon\"><\/div>\n<\/div>\n<\/div><\/section><\/div><div class=\"flex_column av_one_full  flex_column_div av-zero-column-padding first  avia-builder-el-4  el_after_av_one_full  el_before_av_hr  column-top-margin\" style='border-radius:0px; '><section class=\"av_textblock_section \"  itemscope=\"itemscope\" itemtype=\"https:\/\/schema.org\/BlogPosting\" itemprop=\"blogPost\" ><div class='avia_textblock  '   itemprop=\"text\" ><p style=\"text-align: justify;\">Continuando con una serie de encuentros con autoridades y organizaciones comunitarias, la Seremi de Vivienda y Urbanismo, Paulina Ruz Delf\u00edn, sostuvo el pasado viernes una positiva reuni\u00f3n informativa con dirigentes de algunos de los comit\u00e9s que proyectan la construcci\u00f3n de sus soluciones habitacionales en el sector conocido como la \u201cChacra G\u201d de Coyhaique, terreno hacia donde se proyecta el crecimiento urbano de la ciudad con la construcci\u00f3n de m\u00e1s de mil viviendas en los pr\u00f3ximos a\u00f1os.<\/p>\n<p style=\"text-align: justify;\">Cabe recordar que la denominada \u201cChacra G 1\u201d comprende 37.5 hect\u00e1reas y forma parte del Plan Urbano Habitacional Sector Escuela Agr\u00edcola de Coyhaique, iniciativa que planifica el desarrollo urbano y habitacional del sector oriente de la capital regional, respondiendo as\u00ed a la necesidad que tiene el Ministerio de Vivienda de disponer de suelos aptos para el desarrollo de proyectos habitacionales.<\/p>\n<p style=\"text-align: justify;\">La Seremi de Vivienda, Paulina Ruz, valor\u00f3 la instancia en que los equipos t\u00e9cnicos de la Seremi y del Serviu se reunieron con dirigentes de cuatro comit\u00e9s que est\u00e1n trabajando con la Entidad Patrocinante AES Consultores, y tambi\u00e9n con otros cuatro comit\u00e9s que son asesorados por la Entidad Patrocinante Xinta, a quienes se le entreg\u00f3 informaci\u00f3n actualizada del estado de avance que ha logrado el plan en el \u00faltimo a\u00f1o. En ese sentido la autoridad destac\u00f3 el desarrollo del dise\u00f1o de las distintas especialidades que intervienen en el proceso, como pavimentaci\u00f3n, evacuaci\u00f3n de aguas lluvias, redes de alumbrado p\u00fablico, agua potable, alcantarillado, parques y \u00e1reas verdes, entre otros.<\/p>\n<p style=\"text-align: justify;\">\u201cFue una reuni\u00f3n muy productiva, donde dimos cuenta de los avances logrados respecto de este gran objetivo que nos hemos trazado junto a los comit\u00e9s y los cientos de familias que sue\u00f1an con su casa propia. Reiteramos que para este Gobierno el tema no es solo es un desaf\u00edo sino una prioridad que nos motiva a reforzar nuestra postura de trabajo colaborativo con todos los entes que est\u00e1n involucrados. En ese contexto uno de los acuerdos de la reuni\u00f3n es que vamos a elaborar una hoja de ruta para lo que queda, con informaci\u00f3n clara y oportuna que iremos entregando en reuniones mensuales que se agendar\u00e1n desde junio en adelante\u201d indic\u00f3.<\/p>\n<p style=\"text-align: justify;\">Consign\u00f3 tambi\u00e9n la Seremi que la falta de lugares aptos para construir viviendas sociales es una de las mayores problem\u00e1ticas a nivel pa\u00eds, por lo que contar con estos terrenos y con la planificaci\u00f3n seria y responsable que aporta este Plan Urbano Habitacional en Coyhaique es un gran paso y una garant\u00eda de que vamos bien encaminados para seguir afrontando la actual demanda habitacional en la regi\u00f3n.<\/p>\n<p style=\"text-align: justify;\">\u201cSi bien este es un trabajo con grandes expectativas para la comunidad y para nosotros, ya que en esta etapa el plan contempla la construcci\u00f3n de m\u00e1s de mil viviendas, con equipamientos y parques, adem\u00e1s de la urbanizaci\u00f3n, hay que entender que debemos ir cumpliendo las etapas como corresponde, avanzando en los dise\u00f1os, la construcci\u00f3n de la macroinfraestructura, trabajando en forma paralela con los grupos, con las entidades patrocinantes, para obtener los mejores resultados e ir construyendo y entregando lo antes posible \u00a0las soluciones habitacionales que las familias necesitan\u201d, precis\u00f3.<\/p>\n<p style=\"text-align: justify;\">En el encuentro se inform\u00f3 a los comit\u00e9s sobre las autorizaciones y permisos que ya se encuentran aprobados, los que constituyen un gran adelanto para la tramitaci\u00f3n propia de cada comit\u00e9. Entre estos documentos se cuentan el anteproyecto de loteo con construcci\u00f3n simult\u00e1nea, el proyecto de agua potable y alcantarillado, el proyecto de pavimentaci\u00f3n y aguas lluvias, el proyecto de accesibilidad universal en espacio p\u00fablico, el de desv\u00edos de tr\u00e1nsito, el de desarrollo urbano, el de alumbrado p\u00fablico, el de se\u00f1alizaci\u00f3n y demarcaci\u00f3n y el estudio de impacto en el sistema de transporte urbano, entre otros.<\/p>\n<p style=\"text-align: justify;\">Finalmente se inform\u00f3 tambi\u00e9n que en forma paralela se sigue trabajando en los procesos de la ejecuci\u00f3n de la macro infraestructura de la Chacra G, lo que contempla recepciones parciales para ir entregando los terrenos urbanizados a los comit\u00e9s de acuerdo a las etapas consensuadas en forma previa para la ejecuci\u00f3n de las futuras viviendas.<\/p>\n<\/div><\/section><\/div><div  style='height:50px' class='hr hr-invisible   avia-builder-el-6  el_after_av_one_full  el_before_av_social_share '><span class='hr-inner ' ><span class='hr-inner-style'><\/span><\/span><\/div><\/p>\n<div  class='av-social-sharing-box  avia-builder-el-7  el_after_av_hr  el_before_av_hr  '><div class='av-share-box'><h5 class='av-share-link-description av-no-toc '>Compartir esta noticia<\/h5><ul class='av-share-box-list noLightbox'><li class='av-share-link av-social-link-facebook' ><a target=\"_blank\" aria-label=\"Compartir en Facebook\" href='https:\/\/www.facebook.com\/sharer.php?u=https:\/\/radiorevelacionfm.cl\/?p=17115&#038;t=Seremi%20de%20Vivienda%20se%20reuni%C3%B3%20con%20Comit%C3%A9s%20de%20la%20%E2%80%9CChacra%20G%E2%80%9D%20para%20informar%20avances%20y%20ratificar%20trabajo%20conjunto' aria-hidden='false' data-av_icon='\ue8f3' data-av_iconfont='entypo-fontello' title='' data-avia-related-tooltip='Compartir en Facebook' rel=\"noopener\"><span class='avia_hidden_link_text'>Compartir en Facebook<\/span><\/a><\/li><li class='av-share-link av-social-link-twitter' ><a target=\"_blank\" aria-label=\"Compartir en Twitter\" href='https:\/\/twitter.com\/share?text=Seremi%20de%20Vivienda%20se%20reuni%C3%B3%20con%20Comit%C3%A9s%20de%20la%20%E2%80%9CChacra%20G%E2%80%9D%20para%20informar%20avances%20y%20ratificar%20trabajo%20conjunto&#038;url=https:\/\/radiorevelacionfm.cl\/?p=17115' aria-hidden='false' data-av_icon='\ue8f1' data-av_iconfont='entypo-fontello' title='' data-avia-related-tooltip='Compartir en Twitter' rel=\"noopener\"><span class='avia_hidden_link_text'>Compartir en Twitter<\/span><\/a><\/li><li class='av-share-link av-social-link-whatsapp' ><a target=\"_blank\" aria-label=\"Compartir en Whatsapp\" href='https:\/\/api.whatsapp.com\/send?text=https:\/\/radiorevelacionfm.cl\/?p=17115' aria-hidden='false' data-av_icon='\uf232' data-av_iconfont='entypo-fontello' title='' data-avia-related-tooltip='Compartir en Whatsapp' rel=\"noopener\"><span class='avia_hidden_link_text'>Compartir en Whatsapp<\/span><\/a><\/li><li class='av-share-link av-social-link-linkedin' ><a target=\"_blank\" aria-label=\"Compartir en LinkedIn\" href='https:\/\/linkedin.com\/shareArticle?mini=true&#038;title=Seremi%20de%20Vivienda%20se%20reuni%C3%B3%20con%20Comit%C3%A9s%20de%20la%20%E2%80%9CChacra%20G%E2%80%9D%20para%20informar%20avances%20y%20ratificar%20trabajo%20conjunto&#038;url=https:\/\/radiorevelacionfm.cl\/?p=17115' aria-hidden='false' data-av_icon='\ue8fc' data-av_iconfont='entypo-fontello' title='' data-avia-related-tooltip='Compartir en LinkedIn' rel=\"noopener\"><span class='avia_hidden_link_text'>Compartir en LinkedIn<\/span><\/a><\/li><li class='av-share-link av-social-link-mail' ><a  aria-label=\"Compartir por correo\" href='mailto:?subject=Seremi%20de%20Vivienda%20se%20reuni%C3%B3%20con%20Comit%C3%A9s%20de%20la%20%E2%80%9CChacra%20G%E2%80%9D%20para%20informar%20avances%20y%20ratificar%20trabajo%20conjunto&#038;body=https:\/\/radiorevelacionfm.cl\/?p=17115' aria-hidden='false' data-av_icon='\ue805' data-av_iconfont='entypo-fontello' title='' data-avia-related-tooltip='Compartir por correo'><span class='avia_hidden_link_text'>Compartir por correo<\/span><\/a><\/li><\/ul><\/div><\/div>\n<div  style='height:50px' class='hr hr-invisible   avia-builder-el-8  el_after_av_social_share  el_before_av_comments_list '><span class='hr-inner ' ><span class='hr-inner-style'><\/span><\/span><\/div>\n<div  class='av-buildercomment  av-blog-meta-html-info-disabled av-blog-meta-tag-disabled  '><\/div>\n","protected":false},"excerpt":{"rendered":"","protected":false},"author":1,"featured_media":17117,"comment_status":"open","ping_status":"open","sticky":false,"template":"","format":"standard","meta":{"footnotes":""},"categories":[57],"tags":[],"class_list":["post-17115","post","type-post","status-publish","format-standard","has-post-thumbnail","hentry","category-vivienda"],"jetpack_featured_media_url":"https:\/\/radiorevelacionfm.cl\/wp-content\/uploads\/2022\/05\/Foto-Reunion-Chacra-G-1-1.jpeg","_links":{"self":[{"href":"https:\/\/radiorevelacionfm.cl\/index.php?rest_route=\/wp\/v2\/posts\/17115","targetHints":{"allow":["GET"]}}],"collection":[{"href":"https:\/\/radiorevelacionfm.cl\/index.php?rest_route=\/wp\/v2\/posts"}],"about":[{"href":"https:\/\/radiorevelacionfm.cl\/index.php?rest_route=\/wp\/v2\/types\/post"}],"author":[{"embeddable":true,"href":"https:\/\/radiorevelacionfm.cl\/index.php?rest_route=\/wp\/v2\/users\/1"}],"replies":[{"embeddable":true,"href":"https:\/\/radiorevelacionfm.cl\/index.php?rest_route=%2Fwp%2Fv2%2Fcomments&post=17115"}],"version-history":[{"count":2,"href":"https:\/\/radiorevelacionfm.cl\/index.php?rest_route=\/wp\/v2\/posts\/17115\/revisions"}],"predecessor-version":[{"id":17132,"href":"https:\/\/radiorevelacionfm.cl\/index.php?rest_route=\/wp\/v2\/posts\/17115\/revisions\/17132"}],"wp:featuredmedia":[{"embeddable":true,"href":"https:\/\/radiorevelacionfm.cl\/index.php?rest_route=\/wp\/v2\/media\/17117"}],"wp:attachment":[{"href":"https:\/\/radiorevelacionfm.cl\/index.php?rest_route=%2Fwp%2Fv2%2Fmedia&parent=17115"}],"wp:term":[{"taxonomy":"category","embeddable":true,"href":"https:\/\/radiorevelacionfm.cl\/index.php?rest_route=%2Fwp%2Fv2%2Fcategories&post=17115"},{"taxonomy":"post_tag","embeddable":true,"href":"https:\/\/radiorevelacionfm.cl\/index.php?rest_route=%2Fwp%2Fv2%2Ftags&post=17115"}],"curies":[{"name":"wp","href":"https:\/\/api.w.org\/{rel}","templated":true}]}}