{"id":17111,"date":"2022-05-24T14:09:01","date_gmt":"2022-05-24T17:09:01","guid":{"rendered":"https:\/\/radiorevelacionfm.cl\/?p=17111"},"modified":"2022-05-24T14:09:01","modified_gmt":"2022-05-24T17:09:01","slug":"gobernadora-regional-sobre-situacion-de-desempleo-en-coyhaique-a-mas-de-20-anos-de-esta-problematica-queremos-avanzar-en-una-solucion-definitiva","status":"publish","type":"post","link":"https:\/\/radiorevelacionfm.cl\/?p=17111","title":{"rendered":"Gobernadora Regional sobre situaci\u00f3n de desempleo en Coyhaique: \u00abA m\u00e1s de 20 a\u00f1os de esta problem\u00e1tica, queremos avanzar en una soluci\u00f3n definitiva\u00bb"},"content":{"rendered":"<div class=\"flex_column av_one_full  flex_column_div av-zero-column-padding first  avia-builder-el-0  el_before_av_one_full  avia-builder-el-first  \" style='border-radius:0px; '><div  class='avia-image-container  av-styling-    avia-builder-el-1  avia-builder-el-no-sibling  avia-align-center '  itemprop=\"image\" itemscope=\"itemscope\" itemtype=\"https:\/\/schema.org\/ImageObject\"  ><div class='avia-image-container-inner'><div class='avia-image-overlay-wrap'><img decoding=\"async\" class='wp-image-17112 avia-img-lazy-loading-not-17112 avia_image' src=\"https:\/\/radiorevelacionfm.cl\/wp-content\/uploads\/2022\/05\/PMU-lunes24.05-1-1.jpg\" alt='' title='PMU-lunes24.05 (1) (1)' height=\"600\" width=\"1036\"  itemprop=\"thumbnailUrl\" srcset=\"https:\/\/radiorevelacionfm.cl\/wp-content\/uploads\/2022\/05\/PMU-lunes24.05-1-1.jpg 1036w, https:\/\/radiorevelacionfm.cl\/wp-content\/uploads\/2022\/05\/PMU-lunes24.05-1-1-300x174.jpg 300w, https:\/\/radiorevelacionfm.cl\/wp-content\/uploads\/2022\/05\/PMU-lunes24.05-1-1-1030x597.jpg 1030w, https:\/\/radiorevelacionfm.cl\/wp-content\/uploads\/2022\/05\/PMU-lunes24.05-1-1-768x445.jpg 768w, https:\/\/radiorevelacionfm.cl\/wp-content\/uploads\/2022\/05\/PMU-lunes24.05-1-1-705x408.jpg 705w, https:\/\/radiorevelacionfm.cl\/wp-content\/uploads\/2022\/05\/PMU-lunes24.05-1-1-600x347.jpg 600w\" sizes=\"(max-width: 1036px) 100vw, 1036px\" \/><\/div><\/div><\/div><\/div><div class=\"flex_column av_one_full  flex_column_div av-zero-column-padding first  avia-builder-el-2  el_after_av_one_full  el_before_av_one_full  column-top-margin\" style='border-radius:0px; '><section class=\"av_textblock_section \"  itemscope=\"itemscope\" itemtype=\"https:\/\/schema.org\/BlogPosting\" itemprop=\"blogPost\" ><div class='avia_textblock  '   itemprop=\"text\" ><p style=\"text-align: center;\"><span style=\"font-size: 18pt;\"><b>Gobernadora Regional sobre situaci\u00f3n de desempleo en Coyhaique: \u00abA m\u00e1s de 20 a\u00f1os de esta problem\u00e1tica, queremos avanzar en una soluci\u00f3n definitiva\u00bb<\/b><\/span><\/p>\n<div id=\"gtx-trans\" style=\"position: absolute; left: -50px; top: 4.31534px;\">\n<div class=\"gtx-trans-icon\"><\/div>\n<\/div>\n<\/div><\/section><\/div><div class=\"flex_column av_one_full  flex_column_div av-zero-column-padding first  avia-builder-el-4  el_after_av_one_full  el_before_av_hr  column-top-margin\" style='border-radius:0px; '><section class=\"av_textblock_section \"  itemscope=\"itemscope\" itemtype=\"https:\/\/schema.org\/BlogPosting\" itemprop=\"blogPost\" ><div class='avia_textblock  '   itemprop=\"text\" ><p style=\"text-align: justify;\">Las autoridades de la regi\u00f3n y de la ciudad de Coyhaique se manifestaron por la situaci\u00f3n que est\u00e1n demandando las vecinas de los Programas de Mejoramiento Urbano (PMU) durante los \u00faltimos d\u00edas.<\/p>\n<p style=\"text-align: justify;\">Para la Gobernadora Andrea Mac\u00edas Palma, las puertas del di\u00e1logo estar\u00e1n abiertas siempre para abordar, de una vez por todas, la soluci\u00f3n definitiva a la desocupaci\u00f3n y desempleo.<\/p>\n<p style=\"text-align: justify;\">\u00abLo primero es recordar que nos encontramos frente a un problema hist\u00f3rico que se arrastra por m\u00e1s de 20 a\u00f1os, lo que ha sido abordado por distintas administraciones y gestiones pol\u00edticas que no han podido dar una soluci\u00f3n de fondo. Es importante se\u00f1alar que administrativamente existe por parte del Municipio de Coyhaique, la falta de rendici\u00f3n de m\u00e1s de 1.500 millones de pesos que ten\u00edan que ver con estos programas y qu\u00e9 hoy d\u00eda hacen inviable poder seguir transfiriendo recursos. Es por eso que, en ese contexto, y buscando distintas alternativas y se vio en los subsidios de \u00e1reas verdes es una posibilidad de poder absorber mano de obra y generar puestos de trabajo. Esto fue aprobado cierto con un marco presupuestario de 600 millones de pesos y hoy queremos hacer una modificaci\u00f3n presupuestaria que esperamos que el Consejo Regional, los\u00a0consejeras y consejeros, puedan aprobar para permitir aumentar desde los 600\u00a0millones de pesos iniciales a 1.200 millones y as\u00ed aumentar a 200 cupos laborales para cubrir para la comuna de Coyhaique, tanto en el sector urbano como rural\u00bb, afirm\u00f3 la m\u00e1xima autoridad regional.<\/p>\n<p style=\"text-align: justify;\">\u00abEntendemos que existe la necesidad real, que es una situaci\u00f3n compleja y, por lo mismo, no hemos cortado el di\u00e1logo con ninguna organizaci\u00f3n. Queremos resolver, junto a la administraci\u00f3n municipal en el mediano plazo y de manera definitiva esta problem\u00e1tica, ya que el trabajo de este grupo de personas no puede depender de la situaci\u00f3n presupuestaria o administrativa de una u otra instituci\u00f3n, finaliz\u00f3 Mac\u00edas.<\/p>\n<p style=\"text-align: justify;\">Por su parte, el alcalde de Coyhaique, Carlos Gatica, sostuvo el inter\u00e9s del Municipio en desarrollar soluciones para la reactivaci\u00f3n de los empleos. \u00abDesde junio del a\u00f1o pasado y en un trabajo mancomunado con el Gobierno Regional, pudimos conseguir m\u00e1s de 600 millones de pesos, que dieron empleo y plazas 140 a mujeres de la comuna. Ahora estamos desarrollando otra soluci\u00f3n en d\u00f3nde llevamos m\u00e1s de 200 trabajos, tanto en el sector urbano como en el rural, es una soluci\u00f3n que claramente no alcanza para todas, pero significativamente estamos aumentando, entendiendo que hoy en d\u00eda el empleo es primordial\u00bb, sostuvo.<\/p>\n<p style=\"text-align: justify;\">\u00abEstamos avanzando con soluciones concretas y esperamos que en el corto tiempo se pueda aumentar m\u00e1s ofertas que van a depender de fondos de presupuestos, de las voluntades pol\u00edticas a nivel regional, comunal y nacional, porque tenemos un gran problema en la ley de presupuesto del a\u00f1o 2022 \u00a0y esperamos que en el 2023 se tenga otras consideraciones\u00bb, expres\u00f3 el alcalde Carlos Gatica.<\/p>\n<\/div><\/section><\/div><div  style='height:50px' class='hr hr-invisible   avia-builder-el-6  el_after_av_one_full  el_before_av_social_share '><span class='hr-inner ' ><span class='hr-inner-style'><\/span><\/span><\/div><\/p>\n<div  class='av-social-sharing-box  avia-builder-el-7  el_after_av_hr  el_before_av_hr  '><div class='av-share-box'><h5 class='av-share-link-description av-no-toc '>Compartir esta noticia<\/h5><ul class='av-share-box-list noLightbox'><li class='av-share-link av-social-link-facebook' ><a target=\"_blank\" aria-label=\"Compartir en Facebook\" href='https:\/\/www.facebook.com\/sharer.php?u=https:\/\/radiorevelacionfm.cl\/?p=17111&#038;t=Gobernadora%20Regional%20sobre%20situaci%C3%B3n%20de%20desempleo%20en%20Coyhaique%3A%20%C2%ABA%20m%C3%A1s%20de%2020%20a%C3%B1os%20de%20esta%20problem%C3%A1tica%2C%20queremos%20avanzar%20en%20una%20soluci%C3%B3n%20definitiva%C2%BB' aria-hidden='false' data-av_icon='\ue8f3' data-av_iconfont='entypo-fontello' title='' data-avia-related-tooltip='Compartir en Facebook' rel=\"noopener\"><span class='avia_hidden_link_text'>Compartir en Facebook<\/span><\/a><\/li><li class='av-share-link av-social-link-twitter' ><a target=\"_blank\" aria-label=\"Compartir en Twitter\" href='https:\/\/twitter.com\/share?text=Gobernadora%20Regional%20sobre%20situaci%C3%B3n%20de%20desempleo%20en%20Coyhaique%3A%20%C2%ABA%20m%C3%A1s%20de%2020%20a%C3%B1os%20de%20esta%20problem%C3%A1tica%2C%20queremos%20avanzar%20en%20una%20soluci%C3%B3n%20definitiva%C2%BB&#038;url=https:\/\/radiorevelacionfm.cl\/?p=17111' aria-hidden='false' data-av_icon='\ue8f1' data-av_iconfont='entypo-fontello' title='' data-avia-related-tooltip='Compartir en Twitter' rel=\"noopener\"><span class='avia_hidden_link_text'>Compartir en Twitter<\/span><\/a><\/li><li class='av-share-link av-social-link-whatsapp' ><a target=\"_blank\" aria-label=\"Compartir en Whatsapp\" href='https:\/\/api.whatsapp.com\/send?text=https:\/\/radiorevelacionfm.cl\/?p=17111' aria-hidden='false' data-av_icon='\uf232' data-av_iconfont='entypo-fontello' title='' data-avia-related-tooltip='Compartir en Whatsapp' rel=\"noopener\"><span class='avia_hidden_link_text'>Compartir en Whatsapp<\/span><\/a><\/li><li class='av-share-link av-social-link-linkedin' ><a target=\"_blank\" aria-label=\"Compartir en LinkedIn\" href='https:\/\/linkedin.com\/shareArticle?mini=true&#038;title=Gobernadora%20Regional%20sobre%20situaci%C3%B3n%20de%20desempleo%20en%20Coyhaique%3A%20%C2%ABA%20m%C3%A1s%20de%2020%20a%C3%B1os%20de%20esta%20problem%C3%A1tica%2C%20queremos%20avanzar%20en%20una%20soluci%C3%B3n%20definitiva%C2%BB&#038;url=https:\/\/radiorevelacionfm.cl\/?p=17111' aria-hidden='false' data-av_icon='\ue8fc' data-av_iconfont='entypo-fontello' title='' data-avia-related-tooltip='Compartir en LinkedIn' rel=\"noopener\"><span class='avia_hidden_link_text'>Compartir en LinkedIn<\/span><\/a><\/li><li class='av-share-link av-social-link-mail' ><a  aria-label=\"Compartir por correo\" href='mailto:?subject=Gobernadora%20Regional%20sobre%20situaci%C3%B3n%20de%20desempleo%20en%20Coyhaique%3A%20%C2%ABA%20m%C3%A1s%20de%2020%20a%C3%B1os%20de%20esta%20problem%C3%A1tica%2C%20queremos%20avanzar%20en%20una%20soluci%C3%B3n%20definitiva%C2%BB&#038;body=https:\/\/radiorevelacionfm.cl\/?p=17111' aria-hidden='false' data-av_icon='\ue805' data-av_iconfont='entypo-fontello' title='' data-avia-related-tooltip='Compartir por correo'><span class='avia_hidden_link_text'>Compartir por correo<\/span><\/a><\/li><\/ul><\/div><\/div>\n<div  style='height:50px' class='hr hr-invisible   avia-builder-el-8  el_after_av_social_share  el_before_av_comments_list '><span class='hr-inner ' ><span class='hr-inner-style'><\/span><\/span><\/div>\n<div  class='av-buildercomment  av-blog-meta-html-info-disabled av-blog-meta-tag-disabled  '><\/div>\n","protected":false},"excerpt":{"rendered":"","protected":false},"author":1,"featured_media":17112,"comment_status":"open","ping_status":"open","sticky":false,"template":"","format":"standard","meta":{"footnotes":""},"categories":[38],"tags":[],"class_list":["post-17111","post","type-post","status-publish","format-standard","has-post-thumbnail","hentry","category-regional"],"jetpack_featured_media_url":"https:\/\/radiorevelacionfm.cl\/wp-content\/uploads\/2022\/05\/PMU-lunes24.05-1-1.jpg","_links":{"self":[{"href":"https:\/\/radiorevelacionfm.cl\/index.php?rest_route=\/wp\/v2\/posts\/17111","targetHints":{"allow":["GET"]}}],"collection":[{"href":"https:\/\/radiorevelacionfm.cl\/index.php?rest_route=\/wp\/v2\/posts"}],"about":[{"href":"https:\/\/radiorevelacionfm.cl\/index.php?rest_route=\/wp\/v2\/types\/post"}],"author":[{"embeddable":true,"href":"https:\/\/radiorevelacionfm.cl\/index.php?rest_route=\/wp\/v2\/users\/1"}],"replies":[{"embeddable":true,"href":"https:\/\/radiorevelacionfm.cl\/index.php?rest_route=%2Fwp%2Fv2%2Fcomments&post=17111"}],"version-history":[{"count":2,"href":"https:\/\/radiorevelacionfm.cl\/index.php?rest_route=\/wp\/v2\/posts\/17111\/revisions"}],"predecessor-version":[{"id":17114,"href":"https:\/\/radiorevelacionfm.cl\/index.php?rest_route=\/wp\/v2\/posts\/17111\/revisions\/17114"}],"wp:featuredmedia":[{"embeddable":true,"href":"https:\/\/radiorevelacionfm.cl\/index.php?rest_route=\/wp\/v2\/media\/17112"}],"wp:attachment":[{"href":"https:\/\/radiorevelacionfm.cl\/index.php?rest_route=%2Fwp%2Fv2%2Fmedia&parent=17111"}],"wp:term":[{"taxonomy":"category","embeddable":true,"href":"https:\/\/radiorevelacionfm.cl\/index.php?rest_route=%2Fwp%2Fv2%2Fcategories&post=17111"},{"taxonomy":"post_tag","embeddable":true,"href":"https:\/\/radiorevelacionfm.cl\/index.php?rest_route=%2Fwp%2Fv2%2Ftags&post=17111"}],"curies":[{"name":"wp","href":"https:\/\/api.w.org\/{rel}","templated":true}]}}