{"id":17107,"date":"2022-05-24T12:42:18","date_gmt":"2022-05-24T15:42:18","guid":{"rendered":"https:\/\/radiorevelacionfm.cl\/?p=17107"},"modified":"2022-05-24T12:42:18","modified_gmt":"2022-05-24T15:42:18","slug":"mineduc-entrego-1-421-beneficios-estudiantiles-para-la-educacion-superior-en-la-region-de-aysen","status":"publish","type":"post","link":"https:\/\/radiorevelacionfm.cl\/?p=17107","title":{"rendered":"Mineduc entreg\u00f3 1.421 beneficios estudiantiles para la Educaci\u00f3n Superior en la Regi\u00f3n de Ays\u00e9n"},"content":{"rendered":"<div class=\"flex_column av_one_full  flex_column_div av-zero-column-padding first  avia-builder-el-0  el_before_av_one_full  avia-builder-el-first  \" style='border-radius:0px; '><div  class='avia-image-container  av-styling-    avia-builder-el-1  avia-builder-el-no-sibling  avia-align-center '  itemprop=\"image\" itemscope=\"itemscope\" itemtype=\"https:\/\/schema.org\/ImageObject\"  ><div class='avia-image-container-inner'><div class='avia-image-overlay-wrap'><img decoding=\"async\" class='wp-image-17108 avia-img-lazy-loading-not-17108 avia_image' src=\"https:\/\/radiorevelacionfm.cl\/wp-content\/uploads\/2022\/05\/beneficios-estudiantiles1-1_optimized.jpg\" alt='' title='beneficios-estudiantiles1-(1)_optimized' height=\"600\" width=\"900\"  itemprop=\"thumbnailUrl\" srcset=\"https:\/\/radiorevelacionfm.cl\/wp-content\/uploads\/2022\/05\/beneficios-estudiantiles1-1_optimized.jpg 900w, https:\/\/radiorevelacionfm.cl\/wp-content\/uploads\/2022\/05\/beneficios-estudiantiles1-1_optimized-300x200.jpg 300w, https:\/\/radiorevelacionfm.cl\/wp-content\/uploads\/2022\/05\/beneficios-estudiantiles1-1_optimized-768x512.jpg 768w, https:\/\/radiorevelacionfm.cl\/wp-content\/uploads\/2022\/05\/beneficios-estudiantiles1-1_optimized-705x470.jpg 705w, https:\/\/radiorevelacionfm.cl\/wp-content\/uploads\/2022\/05\/beneficios-estudiantiles1-1_optimized-600x400.jpg 600w\" sizes=\"(max-width: 900px) 100vw, 900px\" \/><\/div><\/div><\/div><\/div><div class=\"flex_column av_one_full  flex_column_div av-zero-column-padding first  avia-builder-el-2  el_after_av_one_full  el_before_av_one_full  column-top-margin\" style='border-radius:0px; '><section class=\"av_textblock_section \"  itemscope=\"itemscope\" itemtype=\"https:\/\/schema.org\/BlogPosting\" itemprop=\"blogPost\" ><div class='avia_textblock  '   itemprop=\"text\" ><p style=\"text-align: center;\"><span style=\"font-size: 18pt;\"><b>Mineduc entreg\u00f3\u00a01.421 beneficios estudiantiles para la Educaci\u00f3n Superior en la Regi\u00f3n de Ays\u00e9n<\/b><\/span><\/p>\n<div id=\"gtx-trans\" style=\"position: absolute; left: -50px; top: 4.31534px;\">\n<div class=\"gtx-trans-icon\"><\/div>\n<\/div>\n<\/div><\/section><\/div><div class=\"flex_column av_one_full  flex_column_div av-zero-column-padding first  avia-builder-el-4  el_after_av_one_full  el_before_av_hr  column-top-margin\" style='border-radius:0px; '><section class=\"av_textblock_section \"  itemscope=\"itemscope\" itemtype=\"https:\/\/schema.org\/BlogPosting\" itemprop=\"blogPost\" ><div class='avia_textblock  '   itemprop=\"text\" ><p class=\"v1MsoNormal\" style=\"text-align: justify;\"><span lang=\"es-419\">La Subsecretar\u00eda de Educaci\u00f3n Superior entreg\u00f3 -a trav\u00e9s del portal\u00a0<\/span><span lang=\"ES\"><a href=\"http:\/\/www.beneficiosestudiantiles.cl\/\" target=\"_blank\" rel=\"noopener noreferrer\"><span lang=\"es-419\">www.beneficiosestudiantiles.cl<\/span><\/a><\/span><span lang=\"es-419\">\u00a0&#8211; los resultados de la segunda asignaci\u00f3n de beneficios estudiantiles 2022, los resultados de renovaci\u00f3n de beneficios para estudiantes antiguos y los resultados actualizados a las y los j\u00f3venes que apelaron luego de recibir su primera asignaci\u00f3n en abril. Tras este proceso, se han asignado ya un total de 600 mil beneficios estudiantiles.<\/span><\/p>\n<p class=\"v1MsoNormal\" style=\"text-align: justify;\"><span lang=\"es-419\">Del total de beneficios entregados,\u00a0<b>el 76% corresponde a gratuidad<\/b>, ya que el n\u00famero de estudiantes con este beneficio pas\u00f3 de\u00a0<b>395 mil en 2021 a 457 mil en esta \u00faltima asignaci\u00f3n,\u00a0<\/b>lo que implica un aumento de cerca de 15% de beneficiarios respecto al a\u00f1o anterior. En tanto, se han entregado m\u00e1s de 118 mil becas y 25 mil cr\u00e9ditos del Fondo Solidario. En tanto, los resultados del Cr\u00e9dito con Garant\u00eda Estatal ser\u00e1n entregados por Comisi\u00f3n Ingresa en el portal\u00a0<\/span><span lang=\"ES\"><a href=\"http:\/\/www.ingresa.cl\/\" target=\"_blank\" rel=\"noopener noreferrer\"><span lang=\"es-419\">www.ingresa.cl<\/span><\/a><\/span><span lang=\"es-419\">.<\/span><\/p>\n<p class=\"v1MsoNormal\" style=\"text-align: justify;\"><span lang=\"es-419\">La Seremi de Educaci\u00f3n de Ays\u00e9n Isabel Garrido Casassa inform\u00f3 que en la Regi\u00f3n de Ays\u00e9n se entregaron 1.421 beneficios estudiantiles. De ellos, 1.292 corresponden a Gratuidad, 82 a Becas y 47 a Cr\u00e9dito del Fondo Solidario.<\/span><\/p>\n<p class=\"v1MsoNormal\" style=\"text-align: justify;\"><span lang=\"es-419\">\u201cM\u00e1s de la mitad de las y los estudiantes del sistema de educaci\u00f3n superior cuenta con alg\u00fan beneficio del Ministerio de Educaci\u00f3n, y la gran mayor\u00eda de ellos est\u00e1 cursando sus estudios con gratuidad. Como Gobierno estamos comprometidos con ampliar las oportunidades para que todas las y los j\u00f3venes puedan ejercer adecuadamente su derecho a la educaci\u00f3n, y por eso trabajaremos en un sistema de financiamiento que responda a esos anhelos y esperanzas\u201d, destac\u00f3 Isabel Garrido.<\/span><\/p>\n<p class=\"v1MsoNormal\" style=\"text-align: justify;\"><b><span lang=\"es-419\">Apelaci\u00f3n online<\/span><\/b><\/p>\n<p class=\"v1MsoNormal\" style=\"text-align: justify;\"><span lang=\"es-419\">En paralelo a esta segunda entrega de resultados, la Subsecretar\u00eda de Educaci\u00f3n Superior abri\u00f3 hoy un nuevo proceso de apelaci\u00f3n online para quienes obtuvieron un resultado con el cual no est\u00e1n conformes, el cual se extender\u00e1 hasta el 1 de junio. Para esto, las y los estudiantes deben ingresar al portal de resultados en\u00a0<\/span><span lang=\"ES\"><a href=\"http:\/\/www.beneficiosestudiantiles.cl\/\" target=\"_blank\" rel=\"noopener noreferrer\"><span lang=\"es-419\">www.beneficiosestudiantiles.cl<\/span><\/a><\/span><span lang=\"es-419\">\u00a0y apelar en la misma plataforma en la que postularon con su RUT y contrase\u00f1a. En este proceso podr\u00e1n apelar tanto quienes postularon en octubre y noviembre de 2021, y no apelaron en abril, como quienes postularon entre febrero y marzo de este a\u00f1o y hoy tienen su primer resultado. Para apelar, hay 14 causales distintas, entre ellas, los cambios en los ingresos de las familias o la cesant\u00eda de alguno de sus integrantes.<\/span><\/p>\n<p class=\"v1MsoNormal\" style=\"text-align: justify;\"><span lang=\"es-419\">\u201cLlamamos a las y los j\u00f3venes que hoy est\u00e1n en una situaci\u00f3n que requiere una nueva revisi\u00f3n a que puedan apelar para actualizar su informaci\u00f3n y de esta manera podamos asignarles el beneficio que les corresponda en su nueva realidad\u201d, enfatiz\u00f3 la seremi, quien detall\u00f3 adem\u00e1s que la gu\u00eda paso a paso para apelar se puede encontrar en el\u00a0<\/span><span lang=\"ES\"><a href=\"https:\/\/portal.beneficiosestudiantiles.cl\/guia-paso-paso-inscripcion\" target=\"_blank\" rel=\"noopener noreferrer\"><span lang=\"es-419\">mismo portal<\/span><\/a><\/span><u>\u00ad<\/u>.<\/p>\n<\/div><\/section><\/div><div  style='height:50px' class='hr hr-invisible   avia-builder-el-6  el_after_av_one_full  el_before_av_social_share '><span class='hr-inner ' ><span class='hr-inner-style'><\/span><\/span><\/div><\/p>\n<div  class='av-social-sharing-box  avia-builder-el-7  el_after_av_hr  el_before_av_hr  '><div class='av-share-box'><h5 class='av-share-link-description av-no-toc '>Compartir esta noticia<\/h5><ul class='av-share-box-list noLightbox'><li class='av-share-link av-social-link-facebook' ><a target=\"_blank\" aria-label=\"Compartir en Facebook\" href='https:\/\/www.facebook.com\/sharer.php?u=https:\/\/radiorevelacionfm.cl\/?p=17107&#038;t=Mineduc%20entreg%C3%B3%201.421%20beneficios%20estudiantiles%20para%20la%20Educaci%C3%B3n%20Superior%20en%20la%20Regi%C3%B3n%20de%20Ays%C3%A9n' aria-hidden='false' data-av_icon='\ue8f3' data-av_iconfont='entypo-fontello' title='' data-avia-related-tooltip='Compartir en Facebook' rel=\"noopener\"><span class='avia_hidden_link_text'>Compartir en Facebook<\/span><\/a><\/li><li class='av-share-link av-social-link-twitter' ><a target=\"_blank\" aria-label=\"Compartir en Twitter\" href='https:\/\/twitter.com\/share?text=Mineduc%20entreg%C3%B3%201.421%20beneficios%20estudiantiles%20para%20la%20Educaci%C3%B3n%20Superior%20en%20la%20Regi%C3%B3n%20de%20Ays%C3%A9n&#038;url=https:\/\/radiorevelacionfm.cl\/?p=17107' aria-hidden='false' data-av_icon='\ue8f1' data-av_iconfont='entypo-fontello' title='' data-avia-related-tooltip='Compartir en Twitter' rel=\"noopener\"><span class='avia_hidden_link_text'>Compartir en Twitter<\/span><\/a><\/li><li class='av-share-link av-social-link-whatsapp' ><a target=\"_blank\" aria-label=\"Compartir en Whatsapp\" href='https:\/\/api.whatsapp.com\/send?text=https:\/\/radiorevelacionfm.cl\/?p=17107' aria-hidden='false' data-av_icon='\uf232' data-av_iconfont='entypo-fontello' title='' data-avia-related-tooltip='Compartir en Whatsapp' rel=\"noopener\"><span class='avia_hidden_link_text'>Compartir en Whatsapp<\/span><\/a><\/li><li class='av-share-link av-social-link-linkedin' ><a target=\"_blank\" aria-label=\"Compartir en LinkedIn\" href='https:\/\/linkedin.com\/shareArticle?mini=true&#038;title=Mineduc%20entreg%C3%B3%201.421%20beneficios%20estudiantiles%20para%20la%20Educaci%C3%B3n%20Superior%20en%20la%20Regi%C3%B3n%20de%20Ays%C3%A9n&#038;url=https:\/\/radiorevelacionfm.cl\/?p=17107' aria-hidden='false' data-av_icon='\ue8fc' data-av_iconfont='entypo-fontello' title='' data-avia-related-tooltip='Compartir en LinkedIn' rel=\"noopener\"><span class='avia_hidden_link_text'>Compartir en LinkedIn<\/span><\/a><\/li><li class='av-share-link av-social-link-mail' ><a  aria-label=\"Compartir por correo\" href='mailto:?subject=Mineduc%20entreg%C3%B3%201.421%20beneficios%20estudiantiles%20para%20la%20Educaci%C3%B3n%20Superior%20en%20la%20Regi%C3%B3n%20de%20Ays%C3%A9n&#038;body=https:\/\/radiorevelacionfm.cl\/?p=17107' aria-hidden='false' data-av_icon='\ue805' data-av_iconfont='entypo-fontello' title='' data-avia-related-tooltip='Compartir por correo'><span class='avia_hidden_link_text'>Compartir por correo<\/span><\/a><\/li><\/ul><\/div><\/div>\n<div  style='height:50px' class='hr hr-invisible   avia-builder-el-8  el_after_av_social_share  el_before_av_comments_list '><span class='hr-inner ' ><span class='hr-inner-style'><\/span><\/span><\/div>\n<div  class='av-buildercomment  av-blog-meta-html-info-disabled av-blog-meta-tag-disabled  '><\/div>\n","protected":false},"excerpt":{"rendered":"","protected":false},"author":1,"featured_media":17108,"comment_status":"open","ping_status":"open","sticky":false,"template":"","format":"standard","meta":{"footnotes":""},"categories":[49],"tags":[],"class_list":["post-17107","post","type-post","status-publish","format-standard","has-post-thumbnail","hentry","category-educacion"],"jetpack_featured_media_url":"https:\/\/radiorevelacionfm.cl\/wp-content\/uploads\/2022\/05\/beneficios-estudiantiles1-1_optimized.jpg","_links":{"self":[{"href":"https:\/\/radiorevelacionfm.cl\/index.php?rest_route=\/wp\/v2\/posts\/17107","targetHints":{"allow":["GET"]}}],"collection":[{"href":"https:\/\/radiorevelacionfm.cl\/index.php?rest_route=\/wp\/v2\/posts"}],"about":[{"href":"https:\/\/radiorevelacionfm.cl\/index.php?rest_route=\/wp\/v2\/types\/post"}],"author":[{"embeddable":true,"href":"https:\/\/radiorevelacionfm.cl\/index.php?rest_route=\/wp\/v2\/users\/1"}],"replies":[{"embeddable":true,"href":"https:\/\/radiorevelacionfm.cl\/index.php?rest_route=%2Fwp%2Fv2%2Fcomments&post=17107"}],"version-history":[{"count":2,"href":"https:\/\/radiorevelacionfm.cl\/index.php?rest_route=\/wp\/v2\/posts\/17107\/revisions"}],"predecessor-version":[{"id":17110,"href":"https:\/\/radiorevelacionfm.cl\/index.php?rest_route=\/wp\/v2\/posts\/17107\/revisions\/17110"}],"wp:featuredmedia":[{"embeddable":true,"href":"https:\/\/radiorevelacionfm.cl\/index.php?rest_route=\/wp\/v2\/media\/17108"}],"wp:attachment":[{"href":"https:\/\/radiorevelacionfm.cl\/index.php?rest_route=%2Fwp%2Fv2%2Fmedia&parent=17107"}],"wp:term":[{"taxonomy":"category","embeddable":true,"href":"https:\/\/radiorevelacionfm.cl\/index.php?rest_route=%2Fwp%2Fv2%2Fcategories&post=17107"},{"taxonomy":"post_tag","embeddable":true,"href":"https:\/\/radiorevelacionfm.cl\/index.php?rest_route=%2Fwp%2Fv2%2Ftags&post=17107"}],"curies":[{"name":"wp","href":"https:\/\/api.w.org\/{rel}","templated":true}]}}