{"id":17102,"date":"2022-05-24T10:46:50","date_gmt":"2022-05-24T13:46:50","guid":{"rendered":"https:\/\/radiorevelacionfm.cl\/?p=17102"},"modified":"2022-05-24T10:46:50","modified_gmt":"2022-05-24T13:46:50","slug":"corporacion-del-deporte-y-cesfam-aysenino-se-unen-para-rescatar-tradicional-fiesta-deportiva-bajando-pa-puerto-aysen","status":"publish","type":"post","link":"https:\/\/radiorevelacionfm.cl\/?p=17102","title":{"rendered":"Corporaci\u00f3n del Deporte y Cesfam aysenino se unen para rescatar tradicional fiesta deportiva: \u00abBajando Pa&#8217; Puerto Ays\u00e9n\u00bb"},"content":{"rendered":"<div class=\"flex_column av_one_full  flex_column_div av-zero-column-padding first  avia-builder-el-0  el_before_av_one_full  avia-builder-el-first  \" style='border-radius:0px; '><div  class='avia-image-container  av-styling-    avia-builder-el-1  avia-builder-el-no-sibling  avia-align-center '  itemprop=\"image\" itemscope=\"itemscope\" itemtype=\"https:\/\/schema.org\/ImageObject\"  ><div class='avia-image-container-inner'><div class='avia-image-overlay-wrap'><img decoding=\"async\" class='wp-image-17103 avia-img-lazy-loading-not-17103 avia_image' src=\"https:\/\/radiorevelacionfm.cl\/wp-content\/uploads\/2022\/05\/gob-reg-posta-historica-4-1-1.jpg\" alt='' title='gob reg posta historica-4 (1) (1)' height=\"600\" width=\"900\"  itemprop=\"thumbnailUrl\" srcset=\"https:\/\/radiorevelacionfm.cl\/wp-content\/uploads\/2022\/05\/gob-reg-posta-historica-4-1-1.jpg 900w, https:\/\/radiorevelacionfm.cl\/wp-content\/uploads\/2022\/05\/gob-reg-posta-historica-4-1-1-300x200.jpg 300w, https:\/\/radiorevelacionfm.cl\/wp-content\/uploads\/2022\/05\/gob-reg-posta-historica-4-1-1-768x512.jpg 768w, https:\/\/radiorevelacionfm.cl\/wp-content\/uploads\/2022\/05\/gob-reg-posta-historica-4-1-1-705x470.jpg 705w, https:\/\/radiorevelacionfm.cl\/wp-content\/uploads\/2022\/05\/gob-reg-posta-historica-4-1-1-600x400.jpg 600w\" sizes=\"(max-width: 900px) 100vw, 900px\" \/><\/div><\/div><\/div><\/div><div class=\"flex_column av_one_full  flex_column_div av-zero-column-padding first  avia-builder-el-2  el_after_av_one_full  el_before_av_one_full  column-top-margin\" style='border-radius:0px; '><section class=\"av_textblock_section \"  itemscope=\"itemscope\" itemtype=\"https:\/\/schema.org\/BlogPosting\" itemprop=\"blogPost\" ><div class='avia_textblock  '   itemprop=\"text\" ><p style=\"text-align: center;\"><span style=\"font-size: 18pt;\"><strong>Corporaci\u00f3n del Deporte y Cesfam aysenino se unen para rescatar tradicional fiesta deportiva<\/strong><strong>: \u00abBajando Pa&#8217; Puerto Ays\u00e9n\u00bb<\/strong><\/span><\/p>\n<div id=\"gtx-trans\" style=\"position: absolute; left: -50px; top: 4.31534px;\">\n<div class=\"gtx-trans-icon\"><\/div>\n<\/div>\n<\/div><\/section><\/div><div class=\"flex_column av_one_full  flex_column_div av-zero-column-padding first  avia-builder-el-4  el_after_av_one_full  el_before_av_hr  column-top-margin\" style='border-radius:0px; '><section class=\"av_textblock_section \"  itemscope=\"itemscope\" itemtype=\"https:\/\/schema.org\/BlogPosting\" itemprop=\"blogPost\" ><div class='avia_textblock  '   itemprop=\"text\" ><p style=\"text-align: justify;\">Rescatar nuestras tradiciones, a trav\u00e9s de una actividad que amalgama actividad f\u00edsica, de la mano de la alegr\u00eda y la cultura es el objetivo de las gestiones que actualmente se encuentran realizando la Ilustre Municipalidad de Ays\u00e9n, por intermedio de su Corporaci\u00f3n del Deporte, y el Centro de Salud Familiar aysenino, que pretende concretar la puesta en marcha de la Posta Hist\u00f3rica Regional: \u00abBajando Pa&#8217; Puerto Ays\u00e9n\u00bb.<\/p>\n<p style=\"text-align: justify;\">Esta instancia deportiva -que se llev\u00f3 a cabo de forma ininterrumpida desde 1978 a 1985, y que congreg\u00f3 a grandes y peque\u00f1os alrededor del atletismo-, es hoy por hoy uno de los principales retos del Polideportivo 21 de Abril, quienes se han puesto como objetivo aunar voluntades y de esta forma recuperar la tradicional competencia.<\/p>\n<p style=\"text-align: justify;\">Es por ello que hasta el Gobierno Regional se traslad\u00f3 el director ejecutivo de la entidad deportiva municipal, Carlos C\u00e1rcamo, conjuntamente al director del CESFAM local, Doctor C\u00e9sar Reguero. Quienes se reunieron con la gobernadora regional, Andrea Mac\u00edas para exponer el requerimiento de rescatar este evento deportivo, social y cultural.<\/p>\n<p style=\"text-align: justify;\">Al respecto, la gobernadora regional fue enf\u00e1tica al se\u00f1alar que \u201ccomo gobierno regional hemos escuchado cu\u00e1l es el objetivo de esta iniciativa y estamos comprometidos de poder apoyar. En esto creo representar tambi\u00e9n al Consejo Regional. Sin duda, la pr\u00e1ctica de la actividad f\u00edsica hoy d\u00eda se vuelve absolutamente necesaria. No s\u00f3lo por la actividad en s\u00ed misma, sino por los efectos que esta tiene en la salud mental. Por lo que genera en t\u00e9rminos de v\u00ednculos, con la familia, entre equipos, competidores\u201d.<\/p>\n<p style=\"text-align: justify;\">Indic\u00f3 agregando que \u201cactividades como \u00e9stas tambi\u00e9n permiten tener, por ejemplo, ocupaci\u00f3n de nuestra capacidad hotelera en periodos en que el turismo no est\u00e1 muy en alza, como en este caso ser\u00eda el mes de agosto. As\u00ed que felicitar el trabajo y esperar que efectivamente esta iniciativa se pueda concretar con el apoyo del gobierno regional, pero tambi\u00e9n con el apoyo de todo el sector p\u00fablico y privado\u201d.<\/p>\n<p style=\"text-align: justify;\">De esta manera, se trabaja de forma mancomunada con diversas organizaciones deportivas y sociales, en este objetivo que pretende llevarse a cabo en los pr\u00f3ximos meses y as\u00ed congregar a m\u00e1s de 200 deportistas de todas y cada una las comunas de la regi\u00f3n, quienes deber\u00e1n recorrer 5 kil\u00f3metros, en un trayecto que iniciar\u00eda en el frontis del Gobierno Regional, en Coyhaique, y que se extender\u00eda un total de 65 kil\u00f3metros en la ruta 240 hasta llegar a la meta, a las afueras del edificio consistorial del municipio aysenino, en Puerto Ays\u00e9n.<\/p>\n<p style=\"text-align: justify;\">\u201cComo centro de atenci\u00f3n primaria, la posta Bajando pa\u2019 Puerto Ays\u00e9n representa un hito dentro del presente a\u00f1o, siendo una actividad deportiva, pero que tambi\u00e9n permitir\u00e1 recordar y reconocer el rol de los primeros atletas de la comuna. Para concretarla se requerir\u00e1 una uni\u00f3n como intersector donde tanto p\u00fablicos como privados nos reunamos para poder gestar y efectuar esta actividad. El rol de la posta hist\u00f3rica, no es s\u00f3lo ser una actividad deportiva, sino que es un punto de uni\u00f3n que permite recuperar actividades saludables para nuestra poblaci\u00f3n. Algo muy relevante considerando los casi dos a\u00f1os de pandemia que hemos vivido. Es una oportunidad de reencontramos, y como vecinos nos har\u00e1 muy bien este espacio de salud\u201d, manifest\u00f3 el director del CESFAM, C\u00e9sar Reguero respecto a esta instancia que se efectu\u00f3 durante siete a\u00f1os, y que en sus a\u00f1os gloriosos lleg\u00f3, inclusive, a convertirse en una competici\u00f3n de car\u00e1cter internacional.<\/p>\n<p style=\"text-align: justify;\">Es as\u00ed que sumando nuevos adeptos d\u00eda a d\u00eda se encuentra esta iniciativa que, sin duda, forma parte de nuestra identidad regional la cual, en sus primeros a\u00f1os fue representado por j\u00f3venes liceanos, lo que inicialmente no eran considerados deportistas como tal. Sin embargo, a base de constancia y esfuerzo, se fueron ganando el reconocimiento y apoyo de la ciudad y regi\u00f3n, muchos de ellos alcanzando sendos r\u00e9cords nacionales. A ra\u00edz de ello, el atletismo tom\u00f3 tribuna dentro de los deportes preferidos en la comuna aysenina, y regi\u00f3n en general, tal cual hasta ese momento, lo eran el f\u00fatbol y el b\u00e1squetbol.<\/p>\n<p style=\"text-align: justify;\">Con este fin es que las gestiones continuar\u00e1n, de cara a obtener los apoyos necesarios en pos de revivir este valioso evento deportivo y de esta manera, tambi\u00e9n recordar a quienes fueron atletas hist\u00f3ricos. No s\u00f3lo ello. Su puesta en marcha, adem\u00e1s de ser una fiesta deportiva, permitir\u00e1 la generaci\u00f3n de lazos de sana convivencia, unidad y hermandad entre las diferentes comunas de la regi\u00f3n, incentivando y fomentando as\u00ed el deporte y la vida saludable.<\/p>\n<\/div><\/section><\/div><div  style='height:50px' class='hr hr-invisible   avia-builder-el-6  el_after_av_one_full  el_before_av_social_share '><span class='hr-inner ' ><span class='hr-inner-style'><\/span><\/span><\/div><\/p>\n<div  class='av-social-sharing-box  avia-builder-el-7  el_after_av_hr  el_before_av_hr  '><div class='av-share-box'><h5 class='av-share-link-description av-no-toc '>Compartir esta noticia<\/h5><ul class='av-share-box-list noLightbox'><li class='av-share-link av-social-link-facebook' ><a target=\"_blank\" aria-label=\"Compartir en Facebook\" href='https:\/\/www.facebook.com\/sharer.php?u=https:\/\/radiorevelacionfm.cl\/?p=17102&#038;t=Corporaci%C3%B3n%20del%20Deporte%20y%20Cesfam%20aysenino%20se%20unen%20para%20rescatar%20tradicional%20fiesta%20deportiva%3A%20%C2%ABBajando%20Pa%E2%80%99%20Puerto%20Ays%C3%A9n%C2%BB' aria-hidden='false' data-av_icon='\ue8f3' data-av_iconfont='entypo-fontello' title='' data-avia-related-tooltip='Compartir en Facebook' rel=\"noopener\"><span class='avia_hidden_link_text'>Compartir en Facebook<\/span><\/a><\/li><li class='av-share-link av-social-link-twitter' ><a target=\"_blank\" aria-label=\"Compartir en Twitter\" href='https:\/\/twitter.com\/share?text=Corporaci%C3%B3n%20del%20Deporte%20y%20Cesfam%20aysenino%20se%20unen%20para%20rescatar%20tradicional%20fiesta%20deportiva%3A%20%C2%ABBajando%20Pa%E2%80%99%20Puerto%20Ays%C3%A9n%C2%BB&#038;url=https:\/\/radiorevelacionfm.cl\/?p=17102' aria-hidden='false' data-av_icon='\ue8f1' data-av_iconfont='entypo-fontello' title='' data-avia-related-tooltip='Compartir en Twitter' rel=\"noopener\"><span class='avia_hidden_link_text'>Compartir en Twitter<\/span><\/a><\/li><li class='av-share-link av-social-link-whatsapp' ><a target=\"_blank\" aria-label=\"Compartir en Whatsapp\" href='https:\/\/api.whatsapp.com\/send?text=https:\/\/radiorevelacionfm.cl\/?p=17102' aria-hidden='false' data-av_icon='\uf232' data-av_iconfont='entypo-fontello' title='' data-avia-related-tooltip='Compartir en Whatsapp' rel=\"noopener\"><span class='avia_hidden_link_text'>Compartir en Whatsapp<\/span><\/a><\/li><li class='av-share-link av-social-link-linkedin' ><a target=\"_blank\" aria-label=\"Compartir en LinkedIn\" href='https:\/\/linkedin.com\/shareArticle?mini=true&#038;title=Corporaci%C3%B3n%20del%20Deporte%20y%20Cesfam%20aysenino%20se%20unen%20para%20rescatar%20tradicional%20fiesta%20deportiva%3A%20%C2%ABBajando%20Pa%E2%80%99%20Puerto%20Ays%C3%A9n%C2%BB&#038;url=https:\/\/radiorevelacionfm.cl\/?p=17102' aria-hidden='false' data-av_icon='\ue8fc' data-av_iconfont='entypo-fontello' title='' data-avia-related-tooltip='Compartir en LinkedIn' rel=\"noopener\"><span class='avia_hidden_link_text'>Compartir en LinkedIn<\/span><\/a><\/li><li class='av-share-link av-social-link-mail' ><a  aria-label=\"Compartir por correo\" href='mailto:?subject=Corporaci%C3%B3n%20del%20Deporte%20y%20Cesfam%20aysenino%20se%20unen%20para%20rescatar%20tradicional%20fiesta%20deportiva%3A%20%C2%ABBajando%20Pa%E2%80%99%20Puerto%20Ays%C3%A9n%C2%BB&#038;body=https:\/\/radiorevelacionfm.cl\/?p=17102' aria-hidden='false' data-av_icon='\ue805' data-av_iconfont='entypo-fontello' title='' data-avia-related-tooltip='Compartir por correo'><span class='avia_hidden_link_text'>Compartir por correo<\/span><\/a><\/li><\/ul><\/div><\/div>\n<div  style='height:50px' class='hr hr-invisible   avia-builder-el-8  el_after_av_social_share  el_before_av_comments_list '><span class='hr-inner ' ><span class='hr-inner-style'><\/span><\/span><\/div>\n<div  class='av-buildercomment  av-blog-meta-html-info-disabled av-blog-meta-tag-disabled  '><\/div>\n","protected":false},"excerpt":{"rendered":"","protected":false},"author":1,"featured_media":17103,"comment_status":"open","ping_status":"open","sticky":false,"template":"","format":"standard","meta":{"footnotes":""},"categories":[38],"tags":[],"class_list":["post-17102","post","type-post","status-publish","format-standard","has-post-thumbnail","hentry","category-regional"],"jetpack_featured_media_url":"https:\/\/radiorevelacionfm.cl\/wp-content\/uploads\/2022\/05\/gob-reg-posta-historica-4-1-1.jpg","_links":{"self":[{"href":"https:\/\/radiorevelacionfm.cl\/index.php?rest_route=\/wp\/v2\/posts\/17102","targetHints":{"allow":["GET"]}}],"collection":[{"href":"https:\/\/radiorevelacionfm.cl\/index.php?rest_route=\/wp\/v2\/posts"}],"about":[{"href":"https:\/\/radiorevelacionfm.cl\/index.php?rest_route=\/wp\/v2\/types\/post"}],"author":[{"embeddable":true,"href":"https:\/\/radiorevelacionfm.cl\/index.php?rest_route=\/wp\/v2\/users\/1"}],"replies":[{"embeddable":true,"href":"https:\/\/radiorevelacionfm.cl\/index.php?rest_route=%2Fwp%2Fv2%2Fcomments&post=17102"}],"version-history":[{"count":2,"href":"https:\/\/radiorevelacionfm.cl\/index.php?rest_route=\/wp\/v2\/posts\/17102\/revisions"}],"predecessor-version":[{"id":17105,"href":"https:\/\/radiorevelacionfm.cl\/index.php?rest_route=\/wp\/v2\/posts\/17102\/revisions\/17105"}],"wp:featuredmedia":[{"embeddable":true,"href":"https:\/\/radiorevelacionfm.cl\/index.php?rest_route=\/wp\/v2\/media\/17103"}],"wp:attachment":[{"href":"https:\/\/radiorevelacionfm.cl\/index.php?rest_route=%2Fwp%2Fv2%2Fmedia&parent=17102"}],"wp:term":[{"taxonomy":"category","embeddable":true,"href":"https:\/\/radiorevelacionfm.cl\/index.php?rest_route=%2Fwp%2Fv2%2Fcategories&post=17102"},{"taxonomy":"post_tag","embeddable":true,"href":"https:\/\/radiorevelacionfm.cl\/index.php?rest_route=%2Fwp%2Fv2%2Ftags&post=17102"}],"curies":[{"name":"wp","href":"https:\/\/api.w.org\/{rel}","templated":true}]}}