{"id":17092,"date":"2022-05-24T08:30:51","date_gmt":"2022-05-24T11:30:51","guid":{"rendered":"https:\/\/radiorevelacionfm.cl\/?p=17092"},"modified":"2022-05-24T09:50:34","modified_gmt":"2022-05-24T12:50:34","slug":"sandoval-se-reune-con-organizaciones-para-analizar-impacto-de-proyecto-sobre-envejecimiento-positivo","status":"publish","type":"post","link":"https:\/\/radiorevelacionfm.cl\/?p=17092","title":{"rendered":"Sandoval se re\u00fane con organizaciones para analizar impacto de proyecto sobre envejecimiento positivo"},"content":{"rendered":"<div class=\"flex_column av_one_full  flex_column_div av-zero-column-padding first  avia-builder-el-0  el_before_av_one_full  avia-builder-el-first  \" style='border-radius:0px; '><div  class='avia-image-container  av-styling-    avia-builder-el-1  avia-builder-el-no-sibling  avia-align-center '  itemprop=\"image\" itemscope=\"itemscope\" itemtype=\"https:\/\/schema.org\/ImageObject\"  ><div class='avia-image-container-inner'><div class='avia-image-overlay-wrap'><img decoding=\"async\" class='wp-image-17093 avia-img-lazy-loading-not-17093 avia_image' src=\"https:\/\/radiorevelacionfm.cl\/wp-content\/uploads\/2022\/05\/reunido-con-adultos-mayores-en-coyhaique1-1_optimized.jpg\" alt='' title='reunido-con-adultos-mayores-en-coyhaique1-(1)_optimized' height=\"600\" width=\"1159\"  itemprop=\"thumbnailUrl\" srcset=\"https:\/\/radiorevelacionfm.cl\/wp-content\/uploads\/2022\/05\/reunido-con-adultos-mayores-en-coyhaique1-1_optimized.jpg 1159w, https:\/\/radiorevelacionfm.cl\/wp-content\/uploads\/2022\/05\/reunido-con-adultos-mayores-en-coyhaique1-1_optimized-300x155.jpg 300w, https:\/\/radiorevelacionfm.cl\/wp-content\/uploads\/2022\/05\/reunido-con-adultos-mayores-en-coyhaique1-1_optimized-1030x533.jpg 1030w, https:\/\/radiorevelacionfm.cl\/wp-content\/uploads\/2022\/05\/reunido-con-adultos-mayores-en-coyhaique1-1_optimized-768x398.jpg 768w, https:\/\/radiorevelacionfm.cl\/wp-content\/uploads\/2022\/05\/reunido-con-adultos-mayores-en-coyhaique1-1_optimized-705x365.jpg 705w, https:\/\/radiorevelacionfm.cl\/wp-content\/uploads\/2022\/05\/reunido-con-adultos-mayores-en-coyhaique1-1_optimized-600x311.jpg 600w\" sizes=\"(max-width: 1159px) 100vw, 1159px\" \/><\/div><\/div><\/div><\/div><div class=\"flex_column av_one_full  flex_column_div av-zero-column-padding first  avia-builder-el-2  el_after_av_one_full  el_before_av_one_full  column-top-margin\" style='border-radius:0px; '><section class=\"av_textblock_section \"  itemscope=\"itemscope\" itemtype=\"https:\/\/schema.org\/BlogPosting\" itemprop=\"blogPost\" ><div class='avia_textblock  '   itemprop=\"text\" ><p style=\"text-align: center;\"><strong><span style=\"font-size: 18pt;\">Sandoval se re\u00fane con organizaciones para analizar impacto de proyecto sobre envejecimiento positivo<\/span><\/strong><\/p>\n<div id=\"gtx-trans\" style=\"position: absolute; left: -50px; top: 4.31534px;\">\n<div class=\"gtx-trans-icon\"><\/div>\n<\/div>\n<\/div><\/section><\/div><div class=\"flex_column av_one_full  flex_column_div av-zero-column-padding first  avia-builder-el-4  el_after_av_one_full  el_before_av_hr  column-top-margin\" style='border-radius:0px; '><section class=\"av_textblock_section \"  itemscope=\"itemscope\" itemtype=\"https:\/\/schema.org\/BlogPosting\" itemprop=\"blogPost\" ><div class='avia_textblock  '   itemprop=\"text\" ><p style=\"text-align: justify;\">\u201cUna ley de esta naturaleza no se va a volver a dictar en los pr\u00f3ximos treinta a\u00f1os por lo que la oportunidad de hacerlo es ahora\u00bb.<\/p>\n<p style=\"text-align: justify;\">El senador David Sandoval se reuni\u00f3 en los \u00faltimos d\u00edas con representantes de distintos talleres y clubes de personas mayores de la ciudad de Coyhaique, con el fin de analizar los alcances del proyecto de ley sobre Envejecimiento Positivo.<\/p>\n<p style=\"text-align: justify;\">Cabe recordar que la iniciativa se encuentra en su primer tr\u00e1mite legislativo en el Senado, y se espera para fines de esta semana, contar con las indicaciones que permitan perfeccionar dicha propuesta. \u201cTuvimos una buena reuni\u00f3n en Coyhaique, para saber qu\u00e9 piensan en nuestra regi\u00f3n sobre este tema, porque tambi\u00e9n son otras las tem\u00e1ticas. Ese es el espacio que estamos promoviendo\u201d, indic\u00f3 el parlamentario.<\/p>\n<p style=\"text-align: justify;\">El mismo ejercicio tambi\u00e9n se realiz\u00f3, recientemente, a trav\u00e9s de una mesa t\u00e9cnica convocada por el legislador, en su rol como presidente de la comisi\u00f3n de Adulto Mayor del Senado, en la que participaron representantes de organizaciones de la sociedad civil vinculadas a este tema a nivel nacional, entre ellas, el Hogar de Cristo, la Sociedad de Geriatr\u00eda de Chile, la fundaci\u00f3n de Envejecimiento Positivo, la Uni\u00f3n Nacional de Pensionados (UNAP), la Alianza por la Defensor\u00eda de las Personas Mayores, entre otras. \u201cEstamos con el Gobierno, a trav\u00e9s del Ministerio de Desarrollo Social, trabajando en la reformulaci\u00f3n de este proyecto, el cual va a ser un marco institucional y jur\u00eddico, respecto del rol de los adultos mayores en nuestra sociedad, porque no queremos ni abusos, ni da\u00f1os patrimoniales, ni abandono, ni soledad\u201d, se\u00f1al\u00f3.<\/p>\n<p style=\"text-align: justify;\">\u201cNos hemos reunido con actores de distintas partes, precisamente para escuchar puntos de vista para enriquecer este proyecto\u201d, agreg\u00f3, enfatizando que una \u201cley de esta naturaleza ya no se va a volver a dictar en los pr\u00f3ximos treinta a\u00f1os\u201d, por lo que subray\u00f3 que la oportunidad de hacerlo \u201ces ahora y hacerlo bien\u201d.<\/p>\n<p style=\"text-align: justify;\">Sandoval destac\u00f3 que ha habido aportes bastante interesantes en esta direcci\u00f3n, valorando el compromiso mostrado por distintas organizaciones. \u201cDel mundo de la Geriatr\u00eda, respecto a la necesidad de tener especialistas y que el Estado se comprometa en este tema. Reconocer el trabajo de los municipios, s\u00faper comprometidos con sus mayores, considerando que en la regi\u00f3n hay 17 mil adultos mayores\u201d, concluy\u00f3.<\/p>\n<\/div><\/section><\/div><div  style='height:50px' class='hr hr-invisible   avia-builder-el-6  el_after_av_one_full  el_before_av_social_share '><span class='hr-inner ' ><span class='hr-inner-style'><\/span><\/span><\/div><\/p>\n<div  class='av-social-sharing-box  avia-builder-el-7  el_after_av_hr  el_before_av_hr  '><div class='av-share-box'><h5 class='av-share-link-description av-no-toc '>Compartir esta noticia<\/h5><ul class='av-share-box-list noLightbox'><li class='av-share-link av-social-link-facebook' ><a target=\"_blank\" aria-label=\"Compartir en Facebook\" href='https:\/\/www.facebook.com\/sharer.php?u=https:\/\/radiorevelacionfm.cl\/?p=17092&#038;t=Sandoval%20se%20re%C3%BAne%20con%20organizaciones%20para%20analizar%20impacto%20de%20proyecto%20sobre%20envejecimiento%20positivo' aria-hidden='false' data-av_icon='\ue8f3' data-av_iconfont='entypo-fontello' title='' data-avia-related-tooltip='Compartir en Facebook' rel=\"noopener\"><span class='avia_hidden_link_text'>Compartir en Facebook<\/span><\/a><\/li><li class='av-share-link av-social-link-twitter' ><a target=\"_blank\" aria-label=\"Compartir en Twitter\" href='https:\/\/twitter.com\/share?text=Sandoval%20se%20re%C3%BAne%20con%20organizaciones%20para%20analizar%20impacto%20de%20proyecto%20sobre%20envejecimiento%20positivo&#038;url=https:\/\/radiorevelacionfm.cl\/?p=17092' aria-hidden='false' data-av_icon='\ue8f1' data-av_iconfont='entypo-fontello' title='' data-avia-related-tooltip='Compartir en Twitter' rel=\"noopener\"><span class='avia_hidden_link_text'>Compartir en Twitter<\/span><\/a><\/li><li class='av-share-link av-social-link-whatsapp' ><a target=\"_blank\" aria-label=\"Compartir en Whatsapp\" href='https:\/\/api.whatsapp.com\/send?text=https:\/\/radiorevelacionfm.cl\/?p=17092' aria-hidden='false' data-av_icon='\uf232' data-av_iconfont='entypo-fontello' title='' data-avia-related-tooltip='Compartir en Whatsapp' rel=\"noopener\"><span class='avia_hidden_link_text'>Compartir en Whatsapp<\/span><\/a><\/li><li class='av-share-link av-social-link-linkedin' ><a target=\"_blank\" aria-label=\"Compartir en LinkedIn\" href='https:\/\/linkedin.com\/shareArticle?mini=true&#038;title=Sandoval%20se%20re%C3%BAne%20con%20organizaciones%20para%20analizar%20impacto%20de%20proyecto%20sobre%20envejecimiento%20positivo&#038;url=https:\/\/radiorevelacionfm.cl\/?p=17092' aria-hidden='false' data-av_icon='\ue8fc' data-av_iconfont='entypo-fontello' title='' data-avia-related-tooltip='Compartir en LinkedIn' rel=\"noopener\"><span class='avia_hidden_link_text'>Compartir en LinkedIn<\/span><\/a><\/li><li class='av-share-link av-social-link-mail' ><a  aria-label=\"Compartir por correo\" href='mailto:?subject=Sandoval%20se%20re%C3%BAne%20con%20organizaciones%20para%20analizar%20impacto%20de%20proyecto%20sobre%20envejecimiento%20positivo&#038;body=https:\/\/radiorevelacionfm.cl\/?p=17092' aria-hidden='false' data-av_icon='\ue805' data-av_iconfont='entypo-fontello' title='' data-avia-related-tooltip='Compartir por correo'><span class='avia_hidden_link_text'>Compartir por correo<\/span><\/a><\/li><\/ul><\/div><\/div>\n<div  style='height:50px' class='hr hr-invisible   avia-builder-el-8  el_after_av_social_share  el_before_av_comments_list '><span class='hr-inner ' ><span class='hr-inner-style'><\/span><\/span><\/div>\n<div  class='av-buildercomment  av-blog-meta-html-info-disabled av-blog-meta-tag-disabled  '><\/div>\n","protected":false},"excerpt":{"rendered":"","protected":false},"author":1,"featured_media":17093,"comment_status":"open","ping_status":"open","sticky":false,"template":"","format":"standard","meta":{"footnotes":""},"categories":[35],"tags":[],"class_list":["post-17092","post","type-post","status-publish","format-standard","has-post-thumbnail","hentry","category-politica"],"jetpack_featured_media_url":"https:\/\/radiorevelacionfm.cl\/wp-content\/uploads\/2022\/05\/reunido-con-adultos-mayores-en-coyhaique1-1_optimized.jpg","_links":{"self":[{"href":"https:\/\/radiorevelacionfm.cl\/index.php?rest_route=\/wp\/v2\/posts\/17092","targetHints":{"allow":["GET"]}}],"collection":[{"href":"https:\/\/radiorevelacionfm.cl\/index.php?rest_route=\/wp\/v2\/posts"}],"about":[{"href":"https:\/\/radiorevelacionfm.cl\/index.php?rest_route=\/wp\/v2\/types\/post"}],"author":[{"embeddable":true,"href":"https:\/\/radiorevelacionfm.cl\/index.php?rest_route=\/wp\/v2\/users\/1"}],"replies":[{"embeddable":true,"href":"https:\/\/radiorevelacionfm.cl\/index.php?rest_route=%2Fwp%2Fv2%2Fcomments&post=17092"}],"version-history":[{"count":2,"href":"https:\/\/radiorevelacionfm.cl\/index.php?rest_route=\/wp\/v2\/posts\/17092\/revisions"}],"predecessor-version":[{"id":17099,"href":"https:\/\/radiorevelacionfm.cl\/index.php?rest_route=\/wp\/v2\/posts\/17092\/revisions\/17099"}],"wp:featuredmedia":[{"embeddable":true,"href":"https:\/\/radiorevelacionfm.cl\/index.php?rest_route=\/wp\/v2\/media\/17093"}],"wp:attachment":[{"href":"https:\/\/radiorevelacionfm.cl\/index.php?rest_route=%2Fwp%2Fv2%2Fmedia&parent=17092"}],"wp:term":[{"taxonomy":"category","embeddable":true,"href":"https:\/\/radiorevelacionfm.cl\/index.php?rest_route=%2Fwp%2Fv2%2Fcategories&post=17092"},{"taxonomy":"post_tag","embeddable":true,"href":"https:\/\/radiorevelacionfm.cl\/index.php?rest_route=%2Fwp%2Fv2%2Ftags&post=17092"}],"curies":[{"name":"wp","href":"https:\/\/api.w.org\/{rel}","templated":true}]}}