{"id":17089,"date":"2022-05-24T10:25:35","date_gmt":"2022-05-24T13:25:35","guid":{"rendered":"https:\/\/radiorevelacionfm.cl\/?p=17089"},"modified":"2022-05-24T10:25:35","modified_gmt":"2022-05-24T13:25:35","slug":"cft-estatal-de-aysen-ofrecio-exitosa-charla-dictada-por-destacado-academico-carlos-vignolo-friz","status":"publish","type":"post","link":"https:\/\/radiorevelacionfm.cl\/?p=17089","title":{"rendered":"CFT Estatal de Ays\u00e9n ofreci\u00f3 exitosa charla dictada por destacado Acad\u00e9mico Carlos Vignolo Friz"},"content":{"rendered":"<div class=\"flex_column av_one_full  flex_column_div av-zero-column-padding first  avia-builder-el-0  el_before_av_one_full  avia-builder-el-first  \" style='border-radius:0px; '><div  class='avia-image-container  av-styling-    avia-builder-el-1  avia-builder-el-no-sibling  avia-align-center '  itemprop=\"image\" itemscope=\"itemscope\" itemtype=\"https:\/\/schema.org\/ImageObject\"  ><div class='avia-image-container-inner'><div class='avia-image-overlay-wrap'><img decoding=\"async\" class='wp-image-17090 avia-img-lazy-loading-not-17090 avia_image' src=\"https:\/\/radiorevelacionfm.cl\/wp-content\/uploads\/2022\/05\/3-76-2-1.jpg\" alt='' title='3 (76) (2) (1)' height=\"600\" width=\"1096\"  itemprop=\"thumbnailUrl\" srcset=\"https:\/\/radiorevelacionfm.cl\/wp-content\/uploads\/2022\/05\/3-76-2-1.jpg 1096w, https:\/\/radiorevelacionfm.cl\/wp-content\/uploads\/2022\/05\/3-76-2-1-300x164.jpg 300w, https:\/\/radiorevelacionfm.cl\/wp-content\/uploads\/2022\/05\/3-76-2-1-1030x564.jpg 1030w, https:\/\/radiorevelacionfm.cl\/wp-content\/uploads\/2022\/05\/3-76-2-1-768x420.jpg 768w, https:\/\/radiorevelacionfm.cl\/wp-content\/uploads\/2022\/05\/3-76-2-1-705x386.jpg 705w, https:\/\/radiorevelacionfm.cl\/wp-content\/uploads\/2022\/05\/3-76-2-1-600x328.jpg 600w\" sizes=\"(max-width: 1096px) 100vw, 1096px\" \/><\/div><\/div><\/div><\/div><div class=\"flex_column av_one_full  flex_column_div av-zero-column-padding first  avia-builder-el-2  el_after_av_one_full  el_before_av_one_full  column-top-margin\" style='border-radius:0px; '><section class=\"av_textblock_section \"  itemscope=\"itemscope\" itemtype=\"https:\/\/schema.org\/BlogPosting\" itemprop=\"blogPost\" ><div class='avia_textblock  '   itemprop=\"text\" ><p style=\"text-align: center;\"><strong><span style=\"font-size: 18pt;\">CFT Estatal de Ays\u00e9n ofreci\u00f3 exitosa charla dictada por destacado Acad\u00e9mico Carlos Vignolo Friz<\/span><\/strong><\/p>\n<div id=\"gtx-trans\" style=\"position: absolute; left: -50px; top: 4.31534px;\">\n<div class=\"gtx-trans-icon\"><\/div>\n<\/div>\n<\/div><\/section><\/div><div class=\"flex_column av_one_full  flex_column_div av-zero-column-padding first  avia-builder-el-4  el_after_av_one_full  el_before_av_hr  column-top-margin\" style='border-radius:0px; '><section class=\"av_textblock_section \"  itemscope=\"itemscope\" itemtype=\"https:\/\/schema.org\/BlogPosting\" itemprop=\"blogPost\" ><div class='avia_textblock  '   itemprop=\"text\" ><p style=\"text-align: justify;\">El reconocido Acad\u00e9mico tanto a nivel nacional como internacional, Carlos Alberto Vignolo Friz, ofreci\u00f3 la charla denominada \u201cEmprender e Innovar\u2026Una Forma de Vivir\u201d, dirigida a estudiantes de la carrera de T\u00e9cnico de Nivel Superior en Administraci\u00f3n de Sistemas Log\u00edsticos\u201d.<\/p>\n<p style=\"text-align: justify;\">Durante la noche del pasado viernes 20 de mayo el Ingeniero Civil Industrial y Magister en Ciencias de la Ingenier\u00eda, menci\u00f3n Ingenier\u00eda Econ\u00f3mica de la\u00a0Universidad de Chile\u00a0comparti\u00f3 por m\u00e1s de una hora con estudiantes del CFT Estatal, quienes intercambiaron\u00a0 preguntas con el destacado acad\u00e9mico. Es importante destacar el\u00a0 gran compromiso que tiene el connotado acad\u00e9mico en la formaci\u00f3n de la educaci\u00f3n t\u00e9cnica profesional, as\u00ed lo expresaba al t\u00e9rmino de la actividad \u201cmuy contento con la oportunidad que me dan, espero sea la primera de muchas, espero ser una contribuci\u00f3n al desarrollo de la formaci\u00f3n t\u00e9cnica tanto en el CFT como en el liceo y en todo el sistema educacional. Nuestro programa es muy ambicioso y quisi\u00e9ramos desarrollar lo que podr\u00edamos llamar un curr\u00edculum transversal paralelo en las \u00e1reas de emprendimiento e innovaci\u00f3n\u201d se\u00f1alaba Carlos Vignolo.<\/p>\n<p style=\"text-align: justify;\">Por su parte V\u00edctor \u00c1lvarez Vel\u00e1squez, Rector del CFT Estatal valoraba la realizaci\u00f3n de esta charla para estudiantes de la casa de estudios \u201cpara nosotros como Centro de Formaci\u00f3n T\u00e9cnica estatal de Ays\u00e9n estamos honrados de tener al profesor\u00a0 Vignolo de forma presencial. La charla fue tremendamente valiosa para nuestros estudiantes, tambi\u00e9n hubo emprendedores locales que entregaron sus opiniones sobre lo significativo que es emprender en la Patagonia Chilena.<\/p>\n<p style=\"text-align: justify;\">Se\u00f1alar que esta charla fue dirigida a estudiantes y al p\u00fablico en general, de la comuna de\u00a0 Ays\u00e9n, Provincias y\u00a0 regi\u00f3n\u00a0 de Ays\u00e9n adem\u00e1s de todo el pa\u00eds, y tambi\u00e9n hubo conexiones internacionales, a trav\u00e9s de Facebook Live.<\/p>\n<\/div><\/section><\/div><div  style='height:50px' class='hr hr-invisible   avia-builder-el-6  el_after_av_one_full  el_before_av_social_share '><span class='hr-inner ' ><span class='hr-inner-style'><\/span><\/span><\/div><\/p>\n<div  class='av-social-sharing-box  avia-builder-el-7  el_after_av_hr  el_before_av_hr  '><div class='av-share-box'><h5 class='av-share-link-description av-no-toc '>Compartir esta noticia<\/h5><ul class='av-share-box-list noLightbox'><li class='av-share-link av-social-link-facebook' ><a target=\"_blank\" aria-label=\"Compartir en Facebook\" href='https:\/\/www.facebook.com\/sharer.php?u=https:\/\/radiorevelacionfm.cl\/?p=17089&#038;t=CFT%20Estatal%20de%20Ays%C3%A9n%20ofreci%C3%B3%20exitosa%20charla%20dictada%20por%20destacado%20Acad%C3%A9mico%20Carlos%20Vignolo%20Friz' aria-hidden='false' data-av_icon='\ue8f3' data-av_iconfont='entypo-fontello' title='' data-avia-related-tooltip='Compartir en Facebook' rel=\"noopener\"><span class='avia_hidden_link_text'>Compartir en Facebook<\/span><\/a><\/li><li class='av-share-link av-social-link-twitter' ><a target=\"_blank\" aria-label=\"Compartir en Twitter\" href='https:\/\/twitter.com\/share?text=CFT%20Estatal%20de%20Ays%C3%A9n%20ofreci%C3%B3%20exitosa%20charla%20dictada%20por%20destacado%20Acad%C3%A9mico%20Carlos%20Vignolo%20Friz&#038;url=https:\/\/radiorevelacionfm.cl\/?p=17089' aria-hidden='false' data-av_icon='\ue8f1' data-av_iconfont='entypo-fontello' title='' data-avia-related-tooltip='Compartir en Twitter' rel=\"noopener\"><span class='avia_hidden_link_text'>Compartir en Twitter<\/span><\/a><\/li><li class='av-share-link av-social-link-whatsapp' ><a target=\"_blank\" aria-label=\"Compartir en Whatsapp\" href='https:\/\/api.whatsapp.com\/send?text=https:\/\/radiorevelacionfm.cl\/?p=17089' aria-hidden='false' data-av_icon='\uf232' data-av_iconfont='entypo-fontello' title='' data-avia-related-tooltip='Compartir en Whatsapp' rel=\"noopener\"><span class='avia_hidden_link_text'>Compartir en Whatsapp<\/span><\/a><\/li><li class='av-share-link av-social-link-linkedin' ><a target=\"_blank\" aria-label=\"Compartir en LinkedIn\" href='https:\/\/linkedin.com\/shareArticle?mini=true&#038;title=CFT%20Estatal%20de%20Ays%C3%A9n%20ofreci%C3%B3%20exitosa%20charla%20dictada%20por%20destacado%20Acad%C3%A9mico%20Carlos%20Vignolo%20Friz&#038;url=https:\/\/radiorevelacionfm.cl\/?p=17089' aria-hidden='false' data-av_icon='\ue8fc' data-av_iconfont='entypo-fontello' title='' data-avia-related-tooltip='Compartir en LinkedIn' rel=\"noopener\"><span class='avia_hidden_link_text'>Compartir en LinkedIn<\/span><\/a><\/li><li class='av-share-link av-social-link-mail' ><a  aria-label=\"Compartir por correo\" href='mailto:?subject=CFT%20Estatal%20de%20Ays%C3%A9n%20ofreci%C3%B3%20exitosa%20charla%20dictada%20por%20destacado%20Acad%C3%A9mico%20Carlos%20Vignolo%20Friz&#038;body=https:\/\/radiorevelacionfm.cl\/?p=17089' aria-hidden='false' data-av_icon='\ue805' data-av_iconfont='entypo-fontello' title='' data-avia-related-tooltip='Compartir por correo'><span class='avia_hidden_link_text'>Compartir por correo<\/span><\/a><\/li><\/ul><\/div><\/div>\n<div  style='height:50px' class='hr hr-invisible   avia-builder-el-8  el_after_av_social_share  el_before_av_comments_list '><span class='hr-inner ' ><span class='hr-inner-style'><\/span><\/span><\/div>\n<div  class='av-buildercomment  av-blog-meta-html-info-disabled av-blog-meta-tag-disabled  '><\/div>\n","protected":false},"excerpt":{"rendered":"","protected":false},"author":1,"featured_media":17090,"comment_status":"open","ping_status":"open","sticky":false,"template":"","format":"standard","meta":{"footnotes":""},"categories":[49],"tags":[],"class_list":["post-17089","post","type-post","status-publish","format-standard","has-post-thumbnail","hentry","category-educacion"],"jetpack_featured_media_url":"https:\/\/radiorevelacionfm.cl\/wp-content\/uploads\/2022\/05\/3-76-2-1.jpg","_links":{"self":[{"href":"https:\/\/radiorevelacionfm.cl\/index.php?rest_route=\/wp\/v2\/posts\/17089","targetHints":{"allow":["GET"]}}],"collection":[{"href":"https:\/\/radiorevelacionfm.cl\/index.php?rest_route=\/wp\/v2\/posts"}],"about":[{"href":"https:\/\/radiorevelacionfm.cl\/index.php?rest_route=\/wp\/v2\/types\/post"}],"author":[{"embeddable":true,"href":"https:\/\/radiorevelacionfm.cl\/index.php?rest_route=\/wp\/v2\/users\/1"}],"replies":[{"embeddable":true,"href":"https:\/\/radiorevelacionfm.cl\/index.php?rest_route=%2Fwp%2Fv2%2Fcomments&post=17089"}],"version-history":[{"count":2,"href":"https:\/\/radiorevelacionfm.cl\/index.php?rest_route=\/wp\/v2\/posts\/17089\/revisions"}],"predecessor-version":[{"id":17101,"href":"https:\/\/radiorevelacionfm.cl\/index.php?rest_route=\/wp\/v2\/posts\/17089\/revisions\/17101"}],"wp:featuredmedia":[{"embeddable":true,"href":"https:\/\/radiorevelacionfm.cl\/index.php?rest_route=\/wp\/v2\/media\/17090"}],"wp:attachment":[{"href":"https:\/\/radiorevelacionfm.cl\/index.php?rest_route=%2Fwp%2Fv2%2Fmedia&parent=17089"}],"wp:term":[{"taxonomy":"category","embeddable":true,"href":"https:\/\/radiorevelacionfm.cl\/index.php?rest_route=%2Fwp%2Fv2%2Fcategories&post=17089"},{"taxonomy":"post_tag","embeddable":true,"href":"https:\/\/radiorevelacionfm.cl\/index.php?rest_route=%2Fwp%2Fv2%2Ftags&post=17089"}],"curies":[{"name":"wp","href":"https:\/\/api.w.org\/{rel}","templated":true}]}}