{"id":17085,"date":"2022-05-23T16:29:44","date_gmt":"2022-05-23T19:29:44","guid":{"rendered":"https:\/\/radiorevelacionfm.cl\/?p=17085"},"modified":"2022-05-23T16:29:44","modified_gmt":"2022-05-23T19:29:44","slug":"columna-de-opinion-bono-lena-desde-el-centralismo","status":"publish","type":"post","link":"https:\/\/radiorevelacionfm.cl\/?p=17085","title":{"rendered":"Columna de Opini\u00f3n: Bono Le\u00f1a desde el Centralismo"},"content":{"rendered":"<div class=\"flex_column av_one_full  flex_column_div av-zero-column-padding first  avia-builder-el-0  el_before_av_one_full  avia-builder-el-first  \" style='border-radius:0px; '><div  class='avia-image-container  av-styling-    avia-builder-el-1  avia-builder-el-no-sibling  avia-align-center '  itemprop=\"image\" itemscope=\"itemscope\" itemtype=\"https:\/\/schema.org\/ImageObject\"  ><div class='avia-image-container-inner'><div class='avia-image-overlay-wrap'><img decoding=\"async\" class='wp-image-17086 avia-img-lazy-loading-not-17086 avia_image' src=\"https:\/\/radiorevelacionfm.cl\/wp-content\/uploads\/2022\/05\/DSC_0431-1-1.jpg\" alt='' title='DSC_0431 (1) (1)' height=\"600\" width=\"939\"  itemprop=\"thumbnailUrl\" srcset=\"https:\/\/radiorevelacionfm.cl\/wp-content\/uploads\/2022\/05\/DSC_0431-1-1.jpg 939w, https:\/\/radiorevelacionfm.cl\/wp-content\/uploads\/2022\/05\/DSC_0431-1-1-300x192.jpg 300w, https:\/\/radiorevelacionfm.cl\/wp-content\/uploads\/2022\/05\/DSC_0431-1-1-768x491.jpg 768w, https:\/\/radiorevelacionfm.cl\/wp-content\/uploads\/2022\/05\/DSC_0431-1-1-705x450.jpg 705w, https:\/\/radiorevelacionfm.cl\/wp-content\/uploads\/2022\/05\/DSC_0431-1-1-600x383.jpg 600w\" sizes=\"(max-width: 939px) 100vw, 939px\" \/><\/div><\/div><\/div><\/div><div class=\"flex_column av_one_full  flex_column_div av-zero-column-padding first  avia-builder-el-2  el_after_av_one_full  el_before_av_one_full  column-top-margin\" style='border-radius:0px; '><section class=\"av_textblock_section \"  itemscope=\"itemscope\" itemtype=\"https:\/\/schema.org\/BlogPosting\" itemprop=\"blogPost\" ><div class='avia_textblock  '   itemprop=\"text\" ><p style=\"text-align: center;\"><strong><span style=\"font-size: 18pt;\">Columna de Opini\u00f3n: Bono Le\u00f1a desde el Centralismo<\/span><\/strong><\/p>\n<div id=\"gtx-trans\" style=\"position: absolute; left: -50px; top: 4.31534px;\">\n<div class=\"gtx-trans-icon\"><\/div>\n<\/div>\n<\/div><\/section><\/div><div class=\"flex_column av_one_full  flex_column_div av-zero-column-padding first  avia-builder-el-4  el_after_av_one_full  el_before_av_hr  column-top-margin\" style='border-radius:0px; '><section class=\"av_textblock_section \"  itemscope=\"itemscope\" itemtype=\"https:\/\/schema.org\/BlogPosting\" itemprop=\"blogPost\" ><div class='avia_textblock  '   itemprop=\"text\" ><p style=\"font-weight: 400; text-align: justify;\">La aplicaci\u00f3n del Subsidio a la Calefacci\u00f3n para la regi\u00f3n de Ays\u00e9n, m\u00e1s conocido como \u201cBono Le\u00f1a\u201d, materializa este a\u00f1o, una visi\u00f3n<em>\u00a0<\/em>centralista del actual Gobierno, a pesar que \u00e9ste dirige sus promesas en una direcci\u00f3n opuesta. Este beneficio que mantiene por casi 10 a\u00f1os, un aporte de \u00a0cien mil pesos para familias pertenecientes al 80% m\u00e1s vulnerable del Registro Social de Hogares (RSH), pone nuevas trabas a los residentes de sectores rurales de la Regi\u00f3n de Ays\u00e9n.<\/p>\n<p style=\"text-align: justify;\">Seg\u00fan la normativa del beneficio, quienes no posean una Cuenta Rut deber\u00e1n cobrar este monto en una Caja Vecina, sin embargo, dicha modalidad que es propia de comunas aisladas de nuestra Regi\u00f3n con menos de tres mil habitantes, como Lago Verde, Villa O\u00b4higgins, Tortel, R\u00edo Ib\u00e1\u00f1ez y Guaitecas, no cuentan con la capacidad de solventar la entrega masiva del bono.<\/p>\n<p style=\"text-align: justify;\">Quienes administramos estas zonas desde los municipios, podemos ver que incluso, muchos sectores rurales ni siquiera cuentan con una Caja Vecina disponible, como ocurre , Pen\u00ednsula de Levic\u00e1n, Lago Alto, Lapparent entre otros sectores de la comuna de R\u00edo Ib\u00e1\u00f1ez.<\/p>\n<p style=\"text-align: justify;\">Dicho esto, queda de manifiesto que las familias campesinas, deber\u00e1n trasladarse a centros urbanos donde exista cajas de Banco Estado, y as\u00ed poder acceder al beneficio, teniendo que costear los altos precios del transporte interurbano, alimentaci\u00f3n y en algunos casos pernoctaci\u00f3n.<\/p>\n<p style=\"text-align: justify;\">No se entiende la forma actual de pagar el beneficio que cambia al FOSIS, como entidad pagadora, cuyo equipo recorr\u00eda las zonas aisladas para entregar el bono de forma presencial; por el Ministerio de Desarrollo Social y Familia, quien no contempla un despliegue territorial, desconociendo en gran medida la realidad de los pobladores m\u00e1s aislados de nuestra Regi\u00f3n.<\/p>\n<p style=\"text-align: justify;\">Este a\u00f1o se destinaron m\u00e1s de dos mil ochocientos millones para el Subsidio de Calefacci\u00f3n, es decir, cien millones m\u00e1s que el periodo anterior. Con mayor raz\u00f3n, es primordial buscar nuevas medidas que den una respuesta real a las necesidades de las comunidades rurales, para que vivir en estas zonas no sea motivo de desmedro en las pol\u00edticas p\u00fablicas presentes, cuya funci\u00f3n final no es segregar, sino llegar por igual a todos los chilenos.<\/p>\n<p>Por: <i>Marcelo Santana V., Alcalde de R\u00edo Ib\u00e1\u00f1ez y Presidente de la Asociaci\u00f3n Regional de Municipios.<\/i><\/p>\n<\/div><\/section><\/div><div  style='height:50px' class='hr hr-invisible   avia-builder-el-6  el_after_av_one_full  el_before_av_social_share '><span class='hr-inner ' ><span class='hr-inner-style'><\/span><\/span><\/div><\/p>\n<div  class='av-social-sharing-box  avia-builder-el-7  el_after_av_hr  el_before_av_hr  '><div class='av-share-box'><h5 class='av-share-link-description av-no-toc '>Compartir esta noticia<\/h5><ul class='av-share-box-list noLightbox'><li class='av-share-link av-social-link-facebook' ><a target=\"_blank\" aria-label=\"Compartir en Facebook\" href='https:\/\/www.facebook.com\/sharer.php?u=https:\/\/radiorevelacionfm.cl\/?p=17085&#038;t=Columna%20de%20Opini%C3%B3n%3A%20Bono%20Le%C3%B1a%20desde%20el%20Centralismo' aria-hidden='false' data-av_icon='\ue8f3' data-av_iconfont='entypo-fontello' title='' data-avia-related-tooltip='Compartir en Facebook' rel=\"noopener\"><span class='avia_hidden_link_text'>Compartir en Facebook<\/span><\/a><\/li><li class='av-share-link av-social-link-twitter' ><a target=\"_blank\" aria-label=\"Compartir en Twitter\" href='https:\/\/twitter.com\/share?text=Columna%20de%20Opini%C3%B3n%3A%20Bono%20Le%C3%B1a%20desde%20el%20Centralismo&#038;url=https:\/\/radiorevelacionfm.cl\/?p=17085' aria-hidden='false' data-av_icon='\ue8f1' data-av_iconfont='entypo-fontello' title='' data-avia-related-tooltip='Compartir en Twitter' rel=\"noopener\"><span class='avia_hidden_link_text'>Compartir en Twitter<\/span><\/a><\/li><li class='av-share-link av-social-link-whatsapp' ><a target=\"_blank\" aria-label=\"Compartir en Whatsapp\" href='https:\/\/api.whatsapp.com\/send?text=https:\/\/radiorevelacionfm.cl\/?p=17085' aria-hidden='false' data-av_icon='\uf232' data-av_iconfont='entypo-fontello' title='' data-avia-related-tooltip='Compartir en Whatsapp' rel=\"noopener\"><span class='avia_hidden_link_text'>Compartir en Whatsapp<\/span><\/a><\/li><li class='av-share-link av-social-link-linkedin' ><a target=\"_blank\" aria-label=\"Compartir en LinkedIn\" href='https:\/\/linkedin.com\/shareArticle?mini=true&#038;title=Columna%20de%20Opini%C3%B3n%3A%20Bono%20Le%C3%B1a%20desde%20el%20Centralismo&#038;url=https:\/\/radiorevelacionfm.cl\/?p=17085' aria-hidden='false' data-av_icon='\ue8fc' data-av_iconfont='entypo-fontello' title='' data-avia-related-tooltip='Compartir en LinkedIn' rel=\"noopener\"><span class='avia_hidden_link_text'>Compartir en LinkedIn<\/span><\/a><\/li><li class='av-share-link av-social-link-mail' ><a  aria-label=\"Compartir por correo\" href='mailto:?subject=Columna%20de%20Opini%C3%B3n%3A%20Bono%20Le%C3%B1a%20desde%20el%20Centralismo&#038;body=https:\/\/radiorevelacionfm.cl\/?p=17085' aria-hidden='false' data-av_icon='\ue805' data-av_iconfont='entypo-fontello' title='' data-avia-related-tooltip='Compartir por correo'><span class='avia_hidden_link_text'>Compartir por correo<\/span><\/a><\/li><\/ul><\/div><\/div>\n<div  style='height:50px' class='hr hr-invisible   avia-builder-el-8  el_after_av_social_share  el_before_av_comments_list '><span class='hr-inner ' ><span class='hr-inner-style'><\/span><\/span><\/div>\n<div  class='av-buildercomment  av-blog-meta-html-info-disabled av-blog-meta-tag-disabled  '><\/div>\n","protected":false},"excerpt":{"rendered":"","protected":false},"author":1,"featured_media":17086,"comment_status":"open","ping_status":"open","sticky":false,"template":"","format":"standard","meta":{"footnotes":""},"categories":[38],"tags":[],"class_list":["post-17085","post","type-post","status-publish","format-standard","has-post-thumbnail","hentry","category-regional"],"jetpack_featured_media_url":"https:\/\/radiorevelacionfm.cl\/wp-content\/uploads\/2022\/05\/DSC_0431-1-1.jpg","_links":{"self":[{"href":"https:\/\/radiorevelacionfm.cl\/index.php?rest_route=\/wp\/v2\/posts\/17085","targetHints":{"allow":["GET"]}}],"collection":[{"href":"https:\/\/radiorevelacionfm.cl\/index.php?rest_route=\/wp\/v2\/posts"}],"about":[{"href":"https:\/\/radiorevelacionfm.cl\/index.php?rest_route=\/wp\/v2\/types\/post"}],"author":[{"embeddable":true,"href":"https:\/\/radiorevelacionfm.cl\/index.php?rest_route=\/wp\/v2\/users\/1"}],"replies":[{"embeddable":true,"href":"https:\/\/radiorevelacionfm.cl\/index.php?rest_route=%2Fwp%2Fv2%2Fcomments&post=17085"}],"version-history":[{"count":2,"href":"https:\/\/radiorevelacionfm.cl\/index.php?rest_route=\/wp\/v2\/posts\/17085\/revisions"}],"predecessor-version":[{"id":17088,"href":"https:\/\/radiorevelacionfm.cl\/index.php?rest_route=\/wp\/v2\/posts\/17085\/revisions\/17088"}],"wp:featuredmedia":[{"embeddable":true,"href":"https:\/\/radiorevelacionfm.cl\/index.php?rest_route=\/wp\/v2\/media\/17086"}],"wp:attachment":[{"href":"https:\/\/radiorevelacionfm.cl\/index.php?rest_route=%2Fwp%2Fv2%2Fmedia&parent=17085"}],"wp:term":[{"taxonomy":"category","embeddable":true,"href":"https:\/\/radiorevelacionfm.cl\/index.php?rest_route=%2Fwp%2Fv2%2Fcategories&post=17085"},{"taxonomy":"post_tag","embeddable":true,"href":"https:\/\/radiorevelacionfm.cl\/index.php?rest_route=%2Fwp%2Fv2%2Ftags&post=17085"}],"curies":[{"name":"wp","href":"https:\/\/api.w.org\/{rel}","templated":true}]}}