{"id":17081,"date":"2022-05-23T15:47:19","date_gmt":"2022-05-23T18:47:19","guid":{"rendered":"https:\/\/radiorevelacionfm.cl\/?p=17081"},"modified":"2022-05-23T15:47:19","modified_gmt":"2022-05-23T18:47:19","slug":"en-transito-hacia-la-region-de-aysen-se-encuentra-puente-mecano-para-comunidad-del-sector-el-claro-en-la-comuna-de-rio-ibanez","status":"publish","type":"post","link":"https:\/\/radiorevelacionfm.cl\/?p=17081","title":{"rendered":"En tr\u00e1nsito hacia la regi\u00f3n de Ays\u00e9n se encuentra puente mecano para comunidad del sector El Claro en la comuna de R\u00edo Ib\u00e1\u00f1ez"},"content":{"rendered":"<div class=\"flex_column av_one_full  flex_column_div av-zero-column-padding first  avia-builder-el-0  el_before_av_one_full  avia-builder-el-first  \" style='border-radius:0px; '><div  class='avia-image-container  av-styling-    avia-builder-el-1  avia-builder-el-no-sibling  avia-align-center '  itemprop=\"image\" itemscope=\"itemscope\" itemtype=\"https:\/\/schema.org\/ImageObject\"  ><div class='avia-image-container-inner'><div class='avia-image-overlay-wrap'><img decoding=\"async\" class='wp-image-17082 avia-img-lazy-loading-not-17082 avia_image' src=\"https:\/\/radiorevelacionfm.cl\/wp-content\/uploads\/2022\/05\/IMG-20220520-WA0010-1-1.jpg\" alt='' title='IMG-20220520-WA0010 (1) (1)' height=\"600\" width=\"1067\"  itemprop=\"thumbnailUrl\" srcset=\"https:\/\/radiorevelacionfm.cl\/wp-content\/uploads\/2022\/05\/IMG-20220520-WA0010-1-1.jpg 1067w, https:\/\/radiorevelacionfm.cl\/wp-content\/uploads\/2022\/05\/IMG-20220520-WA0010-1-1-300x169.jpg 300w, https:\/\/radiorevelacionfm.cl\/wp-content\/uploads\/2022\/05\/IMG-20220520-WA0010-1-1-1030x579.jpg 1030w, https:\/\/radiorevelacionfm.cl\/wp-content\/uploads\/2022\/05\/IMG-20220520-WA0010-1-1-768x432.jpg 768w, https:\/\/radiorevelacionfm.cl\/wp-content\/uploads\/2022\/05\/IMG-20220520-WA0010-1-1-705x396.jpg 705w, https:\/\/radiorevelacionfm.cl\/wp-content\/uploads\/2022\/05\/IMG-20220520-WA0010-1-1-600x337.jpg 600w\" sizes=\"(max-width: 1067px) 100vw, 1067px\" \/><\/div><\/div><\/div><\/div><div class=\"flex_column av_one_full  flex_column_div av-zero-column-padding first  avia-builder-el-2  el_after_av_one_full  el_before_av_one_full  column-top-margin\" style='border-radius:0px; '><section class=\"av_textblock_section \"  itemscope=\"itemscope\" itemtype=\"https:\/\/schema.org\/BlogPosting\" itemprop=\"blogPost\" ><div class='avia_textblock  '   itemprop=\"text\" ><p style=\"text-align: center;\"><strong><span style=\"font-size: 18pt;\">En tr\u00e1nsito hacia la regi\u00f3n de Ays\u00e9n se encuentra puente mecano para comunidad del sector El Claro en la comuna de R\u00edo Ib\u00e1\u00f1ez<\/span><\/strong><\/p>\n<div id=\"gtx-trans\" style=\"position: absolute; left: -50px; top: 4.31534px;\">\n<div class=\"gtx-trans-icon\"><\/div>\n<\/div>\n<\/div><\/section><\/div><div class=\"flex_column av_one_full  flex_column_div av-zero-column-padding first  avia-builder-el-4  el_after_av_one_full  el_before_av_hr  column-top-margin\" style='border-radius:0px; '><section class=\"av_textblock_section \"  itemscope=\"itemscope\" itemtype=\"https:\/\/schema.org\/BlogPosting\" itemprop=\"blogPost\" ><div class='avia_textblock  '   itemprop=\"text\" ><p style=\"text-align: justify;\">En tr\u00e1nsito hacia la regi\u00f3n de Ays\u00e9n se encuentra el puente mecano que la Direcci\u00f3n Regional de Vialidad del MOP gestion\u00f3 con la Direcci\u00f3n Nacional de Vialidad MOP para que la comunidad del sector El Claro, en la comuna de R\u00edo Ib\u00e1\u00f1ez, pueda recuperar la conectividad por esta v\u00eda, luego de que la infraestructura con la que contaban en ese sector fuera afectada por un fuerte frente clim\u00e1tico y quedara inutilizable para el tr\u00e1nsito vehicular.<\/p>\n<p style=\"text-align: justify;\">Para escuchar a los vecinos y contarles las buenas noticias, el SEREMI del MOP junto al Alcalde de la comuna de R\u00edo Ib\u00e1\u00f1ez Marcelo Santana y los Concejales Marcia \u00c1lvarez, Juan Saldivia, Ver\u00f3nica Rojas y Julio Figueroa se reunieron con los pobladores y vecinos del sector El Claro y de la Pen\u00ednsula de Levic\u00e1n, oportunidad en la que Patricio Sanhueza anunci\u00f3 la importante noticia:<\/p>\n<p style=\"text-align: justify;\">\u201cVamos a recuperar la conectividad perdida en este sector producto del da\u00f1o ocasionado en el puente El Claro tras las altas precipitaciones ocurridas este mes. Traemos una respuesta a la comunidad en nombre del mandato del presidente Gabriel Boric, quien nos ha pedido que escuchemos a las comunidades y sus necesidades, as\u00ed que ya est\u00e1 siendo trasladado desde Santiago a la regi\u00f3n y a la localidad un puente mecano, el que la pr\u00f3xima semana lo tendremos \u00a0ac\u00e1 en tiempo record, as\u00ed que \u00a0ahora hemos buscado la forma m\u00e1s r\u00e1pida de poder instalarlo en el lugar y hemos llegado a un muy buen acuerdo con la empresa constructora que hoy tiene a su cargo la conservaci\u00f3n de este camino , as\u00ed que esperamos en 2,5 meses m\u00e1s poder contar con el puente ya instalado en este sector. Tambi\u00e9n estamos muy contentos con ambas reuniones, porque nos permiti\u00f3 junto con escuchar a las comunidades levantar otras demandas de los vecinos y vecinas a las que en algunos casos ya le hemos dado respuestas y en otros casos vamos a abordar a la brevedad\u201d, destac\u00f3 el SEREMI del MOP.<\/p>\n<p style=\"text-align: justify;\">Consultado al respecto, el presidente de la Junta de Vecinos del sector El Claro en la comuna de R\u00edo Ib\u00e1\u00f1ez, Jorge Contreras dijo que conf\u00edan en que los acuerdos tomados en esta reuni\u00f3n se van a llevar a cabo al pie de la letra, \u201cas\u00ed que esperar y dar uso a las soluciones que en este caso es un vado y el compromiso tambi\u00e9n de mantenerlo operativo y reportar cualquier traspi\u00e9, pero lo importante es que el primer paso se est\u00e1 dando\u201d.<\/p>\n<p style=\"text-align: justify;\">Por su parte la Concejal Marcia \u00c1lvarez, presente en las reuniones se\u00f1al\u00f3 \u201cbastante positivas las reuniones que se hicieron, bastantes satisfactorias las respuestas que se dieron y bastante r\u00e1pidas, con este puente mecano que se estar\u00eda proyectando en funcionamiento en 2.5 meses aproximadamente. La gesti\u00f3n y llegar con esta respuesta a los vecinos los que de cierta manera est\u00e1n aislados, porque el puente que ellos usaban como acceso ya est\u00e1 inhabilitado, hoy hay un vado por el cual est\u00e1n cruzando algunos veh\u00edculos, es una respuesta oportuna, r\u00e1pida y eficaz, as\u00ed que muy positivo el tiempo en que se brind\u00f3 esta soluci\u00f3n para los vecinos\u201d.<\/p>\n<p style=\"text-align: justify;\">El Alcalde de la comuna de R\u00edo Ib\u00e1\u00f1ez Marcelo Santana en la reuni\u00f3n agradeci\u00f3 la reacci\u00f3n oportuna del Ministerio de Obras P\u00fablicas a trav\u00e9s de su direcci\u00f3n de Vialidad, indicando que \u201cesta es una respuesta r\u00e1pida tanto de Vialidad como del Ministerio, la que nos va a permitir retornar la conectividad que se hab\u00eda perdido para estos dos sectores rurales tan importante de nuestra comuna\u201d.<\/p>\n<p style=\"text-align: justify;\">En tanto, la presidenta de la Junta de Vecinos de la Pen\u00ednsula de Levic\u00e1n Ubelinda Figueroa se\u00f1al\u00f3 \u201cfue una reuni\u00f3n muy fruct\u00edfera. Siento que la autoridad estuvo con la altura. Los plazos que se dieron son acordes a la realidad, porque no podemos apurar para que las cosas salgan como a uno le gustar\u00eda porque hay plazos que cumplir, protocolos que seguir y no se pueden hacer las cosas de un d\u00eda para otro. Esperemos que las autoridades cumplan los plazos que nos han anunciado y bueno armarnos de paciencia y \u00e1nimo para poder sortear de mejor forma esta situaci\u00f3n, porque de una u otra manera hoy d\u00eda tenemos una salida aunque con limitaciones se puede lograr trasladarse de un punto a otro, as\u00ed que esperamos que la situaci\u00f3n mejore y que de aqu\u00ed a un plazo prudente podamos tener un puente mecano ya definitivo\u201d.<\/p>\n<\/div><\/section><\/div><div  style='height:50px' class='hr hr-invisible   avia-builder-el-6  el_after_av_one_full  el_before_av_social_share '><span class='hr-inner ' ><span class='hr-inner-style'><\/span><\/span><\/div><\/p>\n<div  class='av-social-sharing-box  avia-builder-el-7  el_after_av_hr  el_before_av_hr  '><div class='av-share-box'><h5 class='av-share-link-description av-no-toc '>Compartir esta noticia<\/h5><ul class='av-share-box-list noLightbox'><li class='av-share-link av-social-link-facebook' ><a target=\"_blank\" aria-label=\"Compartir en Facebook\" href='https:\/\/www.facebook.com\/sharer.php?u=https:\/\/radiorevelacionfm.cl\/?p=17081&#038;t=En%20tr%C3%A1nsito%20hacia%20la%20regi%C3%B3n%20de%20Ays%C3%A9n%20se%20encuentra%20puente%20mecano%20para%20comunidad%20del%20sector%20El%20Claro%20en%20la%20comuna%20de%20R%C3%ADo%20Ib%C3%A1%C3%B1ez' aria-hidden='false' data-av_icon='\ue8f3' data-av_iconfont='entypo-fontello' title='' data-avia-related-tooltip='Compartir en Facebook' rel=\"noopener\"><span class='avia_hidden_link_text'>Compartir en Facebook<\/span><\/a><\/li><li class='av-share-link av-social-link-twitter' ><a target=\"_blank\" aria-label=\"Compartir en Twitter\" href='https:\/\/twitter.com\/share?text=En%20tr%C3%A1nsito%20hacia%20la%20regi%C3%B3n%20de%20Ays%C3%A9n%20se%20encuentra%20puente%20mecano%20para%20comunidad%20del%20sector%20El%20Claro%20en%20la%20comuna%20de%20R%C3%ADo%20Ib%C3%A1%C3%B1ez&#038;url=https:\/\/radiorevelacionfm.cl\/?p=17081' aria-hidden='false' data-av_icon='\ue8f1' data-av_iconfont='entypo-fontello' title='' data-avia-related-tooltip='Compartir en Twitter' rel=\"noopener\"><span class='avia_hidden_link_text'>Compartir en Twitter<\/span><\/a><\/li><li class='av-share-link av-social-link-whatsapp' ><a target=\"_blank\" aria-label=\"Compartir en Whatsapp\" href='https:\/\/api.whatsapp.com\/send?text=https:\/\/radiorevelacionfm.cl\/?p=17081' aria-hidden='false' data-av_icon='\uf232' data-av_iconfont='entypo-fontello' title='' data-avia-related-tooltip='Compartir en Whatsapp' rel=\"noopener\"><span class='avia_hidden_link_text'>Compartir en Whatsapp<\/span><\/a><\/li><li class='av-share-link av-social-link-linkedin' ><a target=\"_blank\" aria-label=\"Compartir en LinkedIn\" href='https:\/\/linkedin.com\/shareArticle?mini=true&#038;title=En%20tr%C3%A1nsito%20hacia%20la%20regi%C3%B3n%20de%20Ays%C3%A9n%20se%20encuentra%20puente%20mecano%20para%20comunidad%20del%20sector%20El%20Claro%20en%20la%20comuna%20de%20R%C3%ADo%20Ib%C3%A1%C3%B1ez&#038;url=https:\/\/radiorevelacionfm.cl\/?p=17081' aria-hidden='false' data-av_icon='\ue8fc' data-av_iconfont='entypo-fontello' title='' data-avia-related-tooltip='Compartir en LinkedIn' rel=\"noopener\"><span class='avia_hidden_link_text'>Compartir en LinkedIn<\/span><\/a><\/li><li class='av-share-link av-social-link-mail' ><a  aria-label=\"Compartir por correo\" href='mailto:?subject=En%20tr%C3%A1nsito%20hacia%20la%20regi%C3%B3n%20de%20Ays%C3%A9n%20se%20encuentra%20puente%20mecano%20para%20comunidad%20del%20sector%20El%20Claro%20en%20la%20comuna%20de%20R%C3%ADo%20Ib%C3%A1%C3%B1ez&#038;body=https:\/\/radiorevelacionfm.cl\/?p=17081' aria-hidden='false' data-av_icon='\ue805' data-av_iconfont='entypo-fontello' title='' data-avia-related-tooltip='Compartir por correo'><span class='avia_hidden_link_text'>Compartir por correo<\/span><\/a><\/li><\/ul><\/div><\/div>\n<div  style='height:50px' class='hr hr-invisible   avia-builder-el-8  el_after_av_social_share  el_before_av_comments_list '><span class='hr-inner ' ><span class='hr-inner-style'><\/span><\/span><\/div>\n<div  class='av-buildercomment  av-blog-meta-html-info-disabled av-blog-meta-tag-disabled  '><\/div>\n","protected":false},"excerpt":{"rendered":"","protected":false},"author":1,"featured_media":17082,"comment_status":"open","ping_status":"open","sticky":false,"template":"","format":"standard","meta":{"footnotes":""},"categories":[38],"tags":[],"class_list":["post-17081","post","type-post","status-publish","format-standard","has-post-thumbnail","hentry","category-regional"],"jetpack_featured_media_url":"https:\/\/radiorevelacionfm.cl\/wp-content\/uploads\/2022\/05\/IMG-20220520-WA0010-1-1.jpg","_links":{"self":[{"href":"https:\/\/radiorevelacionfm.cl\/index.php?rest_route=\/wp\/v2\/posts\/17081","targetHints":{"allow":["GET"]}}],"collection":[{"href":"https:\/\/radiorevelacionfm.cl\/index.php?rest_route=\/wp\/v2\/posts"}],"about":[{"href":"https:\/\/radiorevelacionfm.cl\/index.php?rest_route=\/wp\/v2\/types\/post"}],"author":[{"embeddable":true,"href":"https:\/\/radiorevelacionfm.cl\/index.php?rest_route=\/wp\/v2\/users\/1"}],"replies":[{"embeddable":true,"href":"https:\/\/radiorevelacionfm.cl\/index.php?rest_route=%2Fwp%2Fv2%2Fcomments&post=17081"}],"version-history":[{"count":2,"href":"https:\/\/radiorevelacionfm.cl\/index.php?rest_route=\/wp\/v2\/posts\/17081\/revisions"}],"predecessor-version":[{"id":17084,"href":"https:\/\/radiorevelacionfm.cl\/index.php?rest_route=\/wp\/v2\/posts\/17081\/revisions\/17084"}],"wp:featuredmedia":[{"embeddable":true,"href":"https:\/\/radiorevelacionfm.cl\/index.php?rest_route=\/wp\/v2\/media\/17082"}],"wp:attachment":[{"href":"https:\/\/radiorevelacionfm.cl\/index.php?rest_route=%2Fwp%2Fv2%2Fmedia&parent=17081"}],"wp:term":[{"taxonomy":"category","embeddable":true,"href":"https:\/\/radiorevelacionfm.cl\/index.php?rest_route=%2Fwp%2Fv2%2Fcategories&post=17081"},{"taxonomy":"post_tag","embeddable":true,"href":"https:\/\/radiorevelacionfm.cl\/index.php?rest_route=%2Fwp%2Fv2%2Ftags&post=17081"}],"curies":[{"name":"wp","href":"https:\/\/api.w.org\/{rel}","templated":true}]}}