{"id":17077,"date":"2022-05-23T10:57:30","date_gmt":"2022-05-23T13:57:30","guid":{"rendered":"https:\/\/radiorevelacionfm.cl\/?p=17077"},"modified":"2022-05-23T10:57:30","modified_gmt":"2022-05-23T13:57:30","slug":"vehiculo-choca-contra-una-vivienda-en-puerto-aysen-resultando-dos-personas-lesionadas","status":"publish","type":"post","link":"https:\/\/radiorevelacionfm.cl\/?p=17077","title":{"rendered":"Veh\u00edculo choca contra una vivienda en Puerto Ays\u00e9n resultando dos personas lesionadas"},"content":{"rendered":"<div class=\"flex_column av_one_full  flex_column_div av-zero-column-padding first  avia-builder-el-0  el_before_av_one_full  avia-builder-el-first  \" style='border-radius:0px; '><div  class='avia-image-container  av-styling-    avia-builder-el-1  avia-builder-el-no-sibling  avia-align-center '  itemprop=\"image\" itemscope=\"itemscope\" itemtype=\"https:\/\/schema.org\/ImageObject\"  ><div class='avia-image-container-inner'><div class='avia-image-overlay-wrap'><img decoding=\"async\" class='wp-image-17078 avia-img-lazy-loading-not-17078 avia_image' src=\"https:\/\/radiorevelacionfm.cl\/wp-content\/uploads\/2022\/05\/accidente-aysen-22_optimized.05-1.jpg\" alt='' title='accidente-aysen-22_optimized.05-(1)' height=\"600\" width=\"1066\"  itemprop=\"thumbnailUrl\" srcset=\"https:\/\/radiorevelacionfm.cl\/wp-content\/uploads\/2022\/05\/accidente-aysen-22_optimized.05-1.jpg 1066w, https:\/\/radiorevelacionfm.cl\/wp-content\/uploads\/2022\/05\/accidente-aysen-22_optimized.05-1-300x169.jpg 300w, https:\/\/radiorevelacionfm.cl\/wp-content\/uploads\/2022\/05\/accidente-aysen-22_optimized.05-1-1030x580.jpg 1030w, https:\/\/radiorevelacionfm.cl\/wp-content\/uploads\/2022\/05\/accidente-aysen-22_optimized.05-1-768x432.jpg 768w, https:\/\/radiorevelacionfm.cl\/wp-content\/uploads\/2022\/05\/accidente-aysen-22_optimized.05-1-705x397.jpg 705w, https:\/\/radiorevelacionfm.cl\/wp-content\/uploads\/2022\/05\/accidente-aysen-22_optimized.05-1-600x338.jpg 600w\" sizes=\"(max-width: 1066px) 100vw, 1066px\" \/><\/div><\/div><\/div><\/div><div class=\"flex_column av_one_full  flex_column_div av-zero-column-padding first  avia-builder-el-2  el_after_av_one_full  el_before_av_one_full  column-top-margin\" style='border-radius:0px; '><section class=\"av_textblock_section \"  itemscope=\"itemscope\" itemtype=\"https:\/\/schema.org\/BlogPosting\" itemprop=\"blogPost\" ><div class='avia_textblock  '   itemprop=\"text\" ><p style=\"text-align: center;\"><strong><span style=\"font-size: 18pt;\">Veh\u00edculo choca contra una vivienda en Puerto Ays\u00e9n resultando dos personas lesionadas<\/span><\/strong><\/p>\n<div id=\"gtx-trans\" style=\"position: absolute; left: -50px; top: 4.31534px;\">\n<div class=\"gtx-trans-icon\"><\/div>\n<\/div>\n<\/div><\/section><\/div><div class=\"flex_column av_one_full  flex_column_div av-zero-column-padding first  avia-builder-el-4  el_after_av_one_full  el_before_av_hr  column-top-margin\" style='border-radius:0px; '><section class=\"av_textblock_section \"  itemscope=\"itemscope\" itemtype=\"https:\/\/schema.org\/BlogPosting\" itemprop=\"blogPost\" ><div class='avia_textblock  '   itemprop=\"text\" ><p style=\"text-align: justify;\">El fin de semana reci\u00e9n pasado, la sirena daba cuenta de una emergencia en calle Eusebio Ibar, en el sector Gabriela Mistral de Puerto Ays\u00e9n. Al lugar concurrieron las Unidades de Emergencia, dando cuenta que un veh\u00edculo hab\u00eda chocado contra con una vivienda.<\/p>\n<p style=\"text-align: justify;\">Personal de Bomberos, espec\u00edficamente del \u00e1rea de rescate vehicular, inmovilizaron al conductor y la acompa\u00f1ante de un veh\u00edculo particular, que por circunstancias que son investigadas, perdi\u00f3 el control del m\u00f3vil impactando el frontis de una vivienda.<\/p>\n<p style=\"text-align: justify;\">\u201cUn veh\u00edculo particular, por causas que se desconocen, perdi\u00f3 el control y se estrell\u00f3 contra la casa, dos personas lesionadas de car\u00e1cter leve, un var\u00f3n como conductor y una dama como copiloto, quienes est\u00e1n siendo trasladados al hospital para verificar sus lesiones\u201d, inform\u00f3 el teniente primero de la Segunda Compa\u00f1\u00eda, \u00e1rea de rescate de Bomberos, Guido Rojas.<\/p>\n<p style=\"text-align: justify;\">El procedimiento investigativo y las primeras diligencias de este hecho, est\u00e1n en manos del personal de Carabineros de la Segunda Comisaria de Puerto Ays\u00e9n. Siendo el Teniente, Carlos Mesas, quien entreg\u00f3 detalles del trabajo policial en este accidente.<\/p>\n<p style=\"text-align: justify;\">\u201cUn conductor menciona que, al esquivar a unos peatones, para evitar alg\u00fan tipo de atropello, activa los frenos del veh\u00edculo, los cuales no le responden, provocando que este veh\u00edculo impactara un domicilio del lugar. Afortunadamente no mantuvieron lesiones de consideraci\u00f3n ambos ocupantes del veh\u00edculo y el domicilio se encontraban en esos momentos sin moradores\u201d.<\/p>\n<p style=\"text-align: justify;\">El oficial de Carabineros, concluy\u00f3 informando sobre este procedimiento que, \u201cse dio cuenta de lo anterior al Juzgado de Polic\u00eda local, conforme a los antecedentes insertos, que dentro de estos serian que la persona no ten\u00eda licencia de conducir\u201d.<\/p>\n<\/div><\/section><\/div><div  style='height:50px' class='hr hr-invisible   avia-builder-el-6  el_after_av_one_full  el_before_av_social_share '><span class='hr-inner ' ><span class='hr-inner-style'><\/span><\/span><\/div><\/p>\n<div  class='av-social-sharing-box  avia-builder-el-7  el_after_av_hr  el_before_av_hr  '><div class='av-share-box'><h5 class='av-share-link-description av-no-toc '>Compartir esta noticia<\/h5><ul class='av-share-box-list noLightbox'><li class='av-share-link av-social-link-facebook' ><a target=\"_blank\" aria-label=\"Compartir en Facebook\" href='https:\/\/www.facebook.com\/sharer.php?u=https:\/\/radiorevelacionfm.cl\/?p=17077&#038;t=Veh%C3%ADculo%20choca%20contra%20una%20vivienda%20en%20Puerto%20Ays%C3%A9n%20resultando%20dos%20personas%20lesionadas' aria-hidden='false' data-av_icon='\ue8f3' data-av_iconfont='entypo-fontello' title='' data-avia-related-tooltip='Compartir en Facebook' rel=\"noopener\"><span class='avia_hidden_link_text'>Compartir en Facebook<\/span><\/a><\/li><li class='av-share-link av-social-link-twitter' ><a target=\"_blank\" aria-label=\"Compartir en Twitter\" href='https:\/\/twitter.com\/share?text=Veh%C3%ADculo%20choca%20contra%20una%20vivienda%20en%20Puerto%20Ays%C3%A9n%20resultando%20dos%20personas%20lesionadas&#038;url=https:\/\/radiorevelacionfm.cl\/?p=17077' aria-hidden='false' data-av_icon='\ue8f1' data-av_iconfont='entypo-fontello' title='' data-avia-related-tooltip='Compartir en Twitter' rel=\"noopener\"><span class='avia_hidden_link_text'>Compartir en Twitter<\/span><\/a><\/li><li class='av-share-link av-social-link-whatsapp' ><a target=\"_blank\" aria-label=\"Compartir en Whatsapp\" href='https:\/\/api.whatsapp.com\/send?text=https:\/\/radiorevelacionfm.cl\/?p=17077' aria-hidden='false' data-av_icon='\uf232' data-av_iconfont='entypo-fontello' title='' data-avia-related-tooltip='Compartir en Whatsapp' rel=\"noopener\"><span class='avia_hidden_link_text'>Compartir en Whatsapp<\/span><\/a><\/li><li class='av-share-link av-social-link-linkedin' ><a target=\"_blank\" aria-label=\"Compartir en LinkedIn\" href='https:\/\/linkedin.com\/shareArticle?mini=true&#038;title=Veh%C3%ADculo%20choca%20contra%20una%20vivienda%20en%20Puerto%20Ays%C3%A9n%20resultando%20dos%20personas%20lesionadas&#038;url=https:\/\/radiorevelacionfm.cl\/?p=17077' aria-hidden='false' data-av_icon='\ue8fc' data-av_iconfont='entypo-fontello' title='' data-avia-related-tooltip='Compartir en LinkedIn' rel=\"noopener\"><span class='avia_hidden_link_text'>Compartir en LinkedIn<\/span><\/a><\/li><li class='av-share-link av-social-link-mail' ><a  aria-label=\"Compartir por correo\" href='mailto:?subject=Veh%C3%ADculo%20choca%20contra%20una%20vivienda%20en%20Puerto%20Ays%C3%A9n%20resultando%20dos%20personas%20lesionadas&#038;body=https:\/\/radiorevelacionfm.cl\/?p=17077' aria-hidden='false' data-av_icon='\ue805' data-av_iconfont='entypo-fontello' title='' data-avia-related-tooltip='Compartir por correo'><span class='avia_hidden_link_text'>Compartir por correo<\/span><\/a><\/li><\/ul><\/div><\/div>\n<div  style='height:50px' class='hr hr-invisible   avia-builder-el-8  el_after_av_social_share  el_before_av_comments_list '><span class='hr-inner ' ><span class='hr-inner-style'><\/span><\/span><\/div>\n<div  class='av-buildercomment  av-blog-meta-html-info-disabled av-blog-meta-tag-disabled  '><\/div>\n","protected":false},"excerpt":{"rendered":"","protected":false},"author":1,"featured_media":17078,"comment_status":"open","ping_status":"open","sticky":false,"template":"","format":"standard","meta":{"footnotes":""},"categories":[36],"tags":[],"class_list":["post-17077","post","type-post","status-publish","format-standard","has-post-thumbnail","hentry","category-policial"],"jetpack_featured_media_url":"https:\/\/radiorevelacionfm.cl\/wp-content\/uploads\/2022\/05\/accidente-aysen-22_optimized.05-1.jpg","_links":{"self":[{"href":"https:\/\/radiorevelacionfm.cl\/index.php?rest_route=\/wp\/v2\/posts\/17077","targetHints":{"allow":["GET"]}}],"collection":[{"href":"https:\/\/radiorevelacionfm.cl\/index.php?rest_route=\/wp\/v2\/posts"}],"about":[{"href":"https:\/\/radiorevelacionfm.cl\/index.php?rest_route=\/wp\/v2\/types\/post"}],"author":[{"embeddable":true,"href":"https:\/\/radiorevelacionfm.cl\/index.php?rest_route=\/wp\/v2\/users\/1"}],"replies":[{"embeddable":true,"href":"https:\/\/radiorevelacionfm.cl\/index.php?rest_route=%2Fwp%2Fv2%2Fcomments&post=17077"}],"version-history":[{"count":2,"href":"https:\/\/radiorevelacionfm.cl\/index.php?rest_route=\/wp\/v2\/posts\/17077\/revisions"}],"predecessor-version":[{"id":17080,"href":"https:\/\/radiorevelacionfm.cl\/index.php?rest_route=\/wp\/v2\/posts\/17077\/revisions\/17080"}],"wp:featuredmedia":[{"embeddable":true,"href":"https:\/\/radiorevelacionfm.cl\/index.php?rest_route=\/wp\/v2\/media\/17078"}],"wp:attachment":[{"href":"https:\/\/radiorevelacionfm.cl\/index.php?rest_route=%2Fwp%2Fv2%2Fmedia&parent=17077"}],"wp:term":[{"taxonomy":"category","embeddable":true,"href":"https:\/\/radiorevelacionfm.cl\/index.php?rest_route=%2Fwp%2Fv2%2Fcategories&post=17077"},{"taxonomy":"post_tag","embeddable":true,"href":"https:\/\/radiorevelacionfm.cl\/index.php?rest_route=%2Fwp%2Fv2%2Ftags&post=17077"}],"curies":[{"name":"wp","href":"https:\/\/api.w.org\/{rel}","templated":true}]}}