{"id":17070,"date":"2022-05-23T10:13:57","date_gmt":"2022-05-23T13:13:57","guid":{"rendered":"https:\/\/radiorevelacionfm.cl\/?p=17070"},"modified":"2022-05-23T10:13:57","modified_gmt":"2022-05-23T13:13:57","slug":"emprendedores-jovenes-de-la-region-son-beneficiados-por-los-fondos-sercotec-fndr","status":"publish","type":"post","link":"https:\/\/radiorevelacionfm.cl\/?p=17070","title":{"rendered":"Emprendedores j\u00f3venes de la regi\u00f3n son beneficiados por los Fondos Sercotec-FNDR"},"content":{"rendered":"<div class=\"flex_column av_one_full  flex_column_div av-zero-column-padding first  avia-builder-el-0  el_before_av_one_full  avia-builder-el-first  \" style='border-radius:0px; '><div  class='avia-image-container  av-styling-    avia-builder-el-1  avia-builder-el-no-sibling  avia-align-center '  itemprop=\"image\" itemscope=\"itemscope\" itemtype=\"https:\/\/schema.org\/ImageObject\"  ><div class='avia-image-container-inner'><div class='avia-image-overlay-wrap'><img decoding=\"async\" class='wp-image-17071 avia-img-lazy-loading-not-17071 avia_image' src=\"https:\/\/radiorevelacionfm.cl\/wp-content\/uploads\/2022\/05\/Sercotec-1-1-1.jpeg\" alt='' title='Sercotec 1 (1) (1)' height=\"600\" width=\"1048\"  itemprop=\"thumbnailUrl\" srcset=\"https:\/\/radiorevelacionfm.cl\/wp-content\/uploads\/2022\/05\/Sercotec-1-1-1.jpeg 1048w, https:\/\/radiorevelacionfm.cl\/wp-content\/uploads\/2022\/05\/Sercotec-1-1-1-300x172.jpeg 300w, https:\/\/radiorevelacionfm.cl\/wp-content\/uploads\/2022\/05\/Sercotec-1-1-1-1030x590.jpeg 1030w, https:\/\/radiorevelacionfm.cl\/wp-content\/uploads\/2022\/05\/Sercotec-1-1-1-768x440.jpeg 768w, https:\/\/radiorevelacionfm.cl\/wp-content\/uploads\/2022\/05\/Sercotec-1-1-1-705x404.jpeg 705w, https:\/\/radiorevelacionfm.cl\/wp-content\/uploads\/2022\/05\/Sercotec-1-1-1-600x344.jpeg 600w\" sizes=\"(max-width: 1048px) 100vw, 1048px\" \/><\/div><\/div><\/div><\/div><div class=\"flex_column av_one_full  flex_column_div av-zero-column-padding first  avia-builder-el-2  el_after_av_one_full  el_before_av_one_full  column-top-margin\" style='border-radius:0px; '><section class=\"av_textblock_section \"  itemscope=\"itemscope\" itemtype=\"https:\/\/schema.org\/BlogPosting\" itemprop=\"blogPost\" ><div class='avia_textblock  '   itemprop=\"text\" ><p style=\"text-align: center;\"><b><span style=\"font-size: 18pt;\">Emprendedores j\u00f3venes de la regi\u00f3n son beneficiados por los Fondos Sercotec-FNDR<\/span><br \/>\n<\/b><\/p>\n<div id=\"gtx-trans\" style=\"position: absolute; left: -50px; top: 4.31534px;\">\n<div class=\"gtx-trans-icon\"><\/div>\n<\/div>\n<\/div><\/section><\/div><div class=\"flex_column av_one_full  flex_column_div av-zero-column-padding first  avia-builder-el-4  el_after_av_one_full  el_before_av_hr  column-top-margin\" style='border-radius:0px; '><section class=\"av_textblock_section \"  itemscope=\"itemscope\" itemtype=\"https:\/\/schema.org\/BlogPosting\" itemprop=\"blogPost\" ><div class='avia_textblock  '   itemprop=\"text\" ><p style=\"text-align: justify;\">\u00abEstar en el \u00e1mbito de la toma decisiones no siempre es f\u00e1cil, porque tiene mucho que ver sobre todo lo que hacemos. Como Gobierno Regional \u00a0haber financiado este programa en todas las l\u00edneas que tiene es una apuesta precisamente por nuestra gente, pero adem\u00e1s pedimos de manera espec\u00edfica que podamos mirar la realidad de nuestra regi\u00f3n a la hora de presentar estos programas. Jam\u00e1s pensar el emprendimiento, en los emprendedores y emprendedoras, va a hacer un gasto; es una inversi\u00f3n, una inversi\u00f3n en calidad de vida, es una inversi\u00f3n en poder fortalecer aquellas iniciativas innovadoras\u00bb, afirm\u00f3 la Gobernadora Andrea Mac\u00edas en la ceremonia de entrega de las certificaciones a beneficiados y beneficiadas del Fondo Capital Semilla de Sercotec.<\/p>\n<p style=\"text-align: justify;\">\u00abNuestros recursos tienen que invertirse mirando la realidad de nuestra gente y en esta dispersi\u00f3n geogr\u00e1fica, entonces agradecer y felicitar porque apostamos por los j\u00f3venes, que siempre han estado invisibilizados. Se apost\u00f3 por un segmento de 18 a 29 a\u00f1os con mayor presencia y adem\u00e1s de eso dijimos, pero tambi\u00e9n a las mujeres, y esto no es discurso, se prioriza, se da una mayor oportunidad las mujeres\u00bb, continu\u00f3.<\/p>\n<p style=\"text-align: justify;\">Uno de los beneficiados fue Gabriel Mansilla, representante de \u00abEnfocados Patagonia\u00bb, quien agradeci\u00f3 el apoyo del Gobierno Regional de Ays\u00e9n para acceder a m\u00e1s herramientas y oportunidades.<\/p>\n<p style=\"text-align: justify;\">\u00abCon estos recursos que nos llegaron estamos pensando una forma m\u00e1s amplia, planificando para poder entrar con alianzas a nivel nacional. Prontamente vamos a traer lo que es una plataforma que es para grabar v\u00eddeo en 360 y dejarlos invitados a que postulen a estos fondos que la verdad que es un paso importante y tambi\u00e9n la ayuda que ofrecen que es para el crecimiento personal y profesional\u00bb, coment\u00f3.<\/p>\n<p style=\"text-align: justify;\">El apoyo a los emprendedores y emprendedoras de la regi\u00f3n seguir\u00e1 m\u00e1s adelante con la ejecuci\u00f3n del Programa de Reactivaci\u00f3n Econ\u00f3mica aprobado por el Consejo Regional de Ays\u00e9n que tiene la ambiciosa meta de beneficiar con m\u00e1s 3 mil 800 millones de pesos a distintos sectores, especialmente la microempresa y mujeres.<\/p>\n<\/div><\/section><\/div><div  style='height:50px' class='hr hr-invisible   avia-builder-el-6  el_after_av_one_full  el_before_av_social_share '><span class='hr-inner ' ><span class='hr-inner-style'><\/span><\/span><\/div><\/p>\n<div  class='av-social-sharing-box  avia-builder-el-7  el_after_av_hr  el_before_av_hr  '><div class='av-share-box'><h5 class='av-share-link-description av-no-toc '>Compartir esta noticia<\/h5><ul class='av-share-box-list noLightbox'><li class='av-share-link av-social-link-facebook' ><a target=\"_blank\" aria-label=\"Compartir en Facebook\" href='https:\/\/www.facebook.com\/sharer.php?u=https:\/\/radiorevelacionfm.cl\/?p=17070&#038;t=Emprendedores%20j%C3%B3venes%20de%20la%20regi%C3%B3n%20son%20beneficiados%20por%20los%20Fondos%20Sercotec-FNDR' aria-hidden='false' data-av_icon='\ue8f3' data-av_iconfont='entypo-fontello' title='' data-avia-related-tooltip='Compartir en Facebook' rel=\"noopener\"><span class='avia_hidden_link_text'>Compartir en Facebook<\/span><\/a><\/li><li class='av-share-link av-social-link-twitter' ><a target=\"_blank\" aria-label=\"Compartir en Twitter\" href='https:\/\/twitter.com\/share?text=Emprendedores%20j%C3%B3venes%20de%20la%20regi%C3%B3n%20son%20beneficiados%20por%20los%20Fondos%20Sercotec-FNDR&#038;url=https:\/\/radiorevelacionfm.cl\/?p=17070' aria-hidden='false' data-av_icon='\ue8f1' data-av_iconfont='entypo-fontello' title='' data-avia-related-tooltip='Compartir en Twitter' rel=\"noopener\"><span class='avia_hidden_link_text'>Compartir en Twitter<\/span><\/a><\/li><li class='av-share-link av-social-link-whatsapp' ><a target=\"_blank\" aria-label=\"Compartir en Whatsapp\" href='https:\/\/api.whatsapp.com\/send?text=https:\/\/radiorevelacionfm.cl\/?p=17070' aria-hidden='false' data-av_icon='\uf232' data-av_iconfont='entypo-fontello' title='' data-avia-related-tooltip='Compartir en Whatsapp' rel=\"noopener\"><span class='avia_hidden_link_text'>Compartir en Whatsapp<\/span><\/a><\/li><li class='av-share-link av-social-link-linkedin' ><a target=\"_blank\" aria-label=\"Compartir en LinkedIn\" href='https:\/\/linkedin.com\/shareArticle?mini=true&#038;title=Emprendedores%20j%C3%B3venes%20de%20la%20regi%C3%B3n%20son%20beneficiados%20por%20los%20Fondos%20Sercotec-FNDR&#038;url=https:\/\/radiorevelacionfm.cl\/?p=17070' aria-hidden='false' data-av_icon='\ue8fc' data-av_iconfont='entypo-fontello' title='' data-avia-related-tooltip='Compartir en LinkedIn' rel=\"noopener\"><span class='avia_hidden_link_text'>Compartir en LinkedIn<\/span><\/a><\/li><li class='av-share-link av-social-link-mail' ><a  aria-label=\"Compartir por correo\" href='mailto:?subject=Emprendedores%20j%C3%B3venes%20de%20la%20regi%C3%B3n%20son%20beneficiados%20por%20los%20Fondos%20Sercotec-FNDR&#038;body=https:\/\/radiorevelacionfm.cl\/?p=17070' aria-hidden='false' data-av_icon='\ue805' data-av_iconfont='entypo-fontello' title='' data-avia-related-tooltip='Compartir por correo'><span class='avia_hidden_link_text'>Compartir por correo<\/span><\/a><\/li><\/ul><\/div><\/div>\n<div  style='height:50px' class='hr hr-invisible   avia-builder-el-8  el_after_av_social_share  el_before_av_comments_list '><span class='hr-inner ' ><span class='hr-inner-style'><\/span><\/span><\/div>\n<div  class='av-buildercomment  av-blog-meta-html-info-disabled av-blog-meta-tag-disabled  '><\/div>\n","protected":false},"excerpt":{"rendered":"","protected":false},"author":1,"featured_media":17071,"comment_status":"open","ping_status":"open","sticky":false,"template":"","format":"standard","meta":{"footnotes":""},"categories":[38],"tags":[],"class_list":["post-17070","post","type-post","status-publish","format-standard","has-post-thumbnail","hentry","category-regional"],"jetpack_featured_media_url":"https:\/\/radiorevelacionfm.cl\/wp-content\/uploads\/2022\/05\/Sercotec-1-1-1.jpeg","_links":{"self":[{"href":"https:\/\/radiorevelacionfm.cl\/index.php?rest_route=\/wp\/v2\/posts\/17070","targetHints":{"allow":["GET"]}}],"collection":[{"href":"https:\/\/radiorevelacionfm.cl\/index.php?rest_route=\/wp\/v2\/posts"}],"about":[{"href":"https:\/\/radiorevelacionfm.cl\/index.php?rest_route=\/wp\/v2\/types\/post"}],"author":[{"embeddable":true,"href":"https:\/\/radiorevelacionfm.cl\/index.php?rest_route=\/wp\/v2\/users\/1"}],"replies":[{"embeddable":true,"href":"https:\/\/radiorevelacionfm.cl\/index.php?rest_route=%2Fwp%2Fv2%2Fcomments&post=17070"}],"version-history":[{"count":2,"href":"https:\/\/radiorevelacionfm.cl\/index.php?rest_route=\/wp\/v2\/posts\/17070\/revisions"}],"predecessor-version":[{"id":17076,"href":"https:\/\/radiorevelacionfm.cl\/index.php?rest_route=\/wp\/v2\/posts\/17070\/revisions\/17076"}],"wp:featuredmedia":[{"embeddable":true,"href":"https:\/\/radiorevelacionfm.cl\/index.php?rest_route=\/wp\/v2\/media\/17071"}],"wp:attachment":[{"href":"https:\/\/radiorevelacionfm.cl\/index.php?rest_route=%2Fwp%2Fv2%2Fmedia&parent=17070"}],"wp:term":[{"taxonomy":"category","embeddable":true,"href":"https:\/\/radiorevelacionfm.cl\/index.php?rest_route=%2Fwp%2Fv2%2Fcategories&post=17070"},{"taxonomy":"post_tag","embeddable":true,"href":"https:\/\/radiorevelacionfm.cl\/index.php?rest_route=%2Fwp%2Fv2%2Ftags&post=17070"}],"curies":[{"name":"wp","href":"https:\/\/api.w.org\/{rel}","templated":true}]}}