{"id":17053,"date":"2022-05-23T09:47:49","date_gmt":"2022-05-23T12:47:49","guid":{"rendered":"https:\/\/radiorevelacionfm.cl\/?p=17053"},"modified":"2022-05-23T09:47:49","modified_gmt":"2022-05-23T12:47:49","slug":"central-los-maquis-levantada-en-un-area-bajo-proteccion-oficial","status":"publish","type":"post","link":"https:\/\/radiorevelacionfm.cl\/?p=17053","title":{"rendered":"Central Los Maquis, levantada en un \u00e1rea bajo protecci\u00f3n oficial"},"content":{"rendered":"<div class=\"flex_column av_one_full  flex_column_div av-zero-column-padding first  avia-builder-el-0  el_before_av_one_full  avia-builder-el-first  \" style='border-radius:0px; '><div  class='avia-image-container  av-styling-    avia-builder-el-1  avia-builder-el-no-sibling  avia-align-center '  itemprop=\"image\" itemscope=\"itemscope\" itemtype=\"https:\/\/schema.org\/ImageObject\"  ><div class='avia-image-container-inner'><div class='avia-image-overlay-wrap'><img decoding=\"async\" class='wp-image-4206 avia-img-lazy-loading-not-4206 avia_image' src=\"https:\/\/radiorevelacionfm.cl\/wp-content\/uploads\/2021\/05\/Central_LosMaquis-1-1.jpg\" alt='' title='Central_LosMaquis (1) (1)' height=\"600\" width=\"900\"  itemprop=\"thumbnailUrl\" srcset=\"https:\/\/radiorevelacionfm.cl\/wp-content\/uploads\/2021\/05\/Central_LosMaquis-1-1.jpg 900w, https:\/\/radiorevelacionfm.cl\/wp-content\/uploads\/2021\/05\/Central_LosMaquis-1-1-300x200.jpg 300w, https:\/\/radiorevelacionfm.cl\/wp-content\/uploads\/2021\/05\/Central_LosMaquis-1-1-768x512.jpg 768w, https:\/\/radiorevelacionfm.cl\/wp-content\/uploads\/2021\/05\/Central_LosMaquis-1-1-705x470.jpg 705w, https:\/\/radiorevelacionfm.cl\/wp-content\/uploads\/2021\/05\/Central_LosMaquis-1-1-600x400.jpg 600w\" sizes=\"(max-width: 900px) 100vw, 900px\" \/><\/div><\/div><\/div><\/div><div class=\"flex_column av_one_full  flex_column_div av-zero-column-padding first  avia-builder-el-2  el_after_av_one_full  el_before_av_one_full  column-top-margin\" style='border-radius:0px; '><section class=\"av_textblock_section \"  itemscope=\"itemscope\" itemtype=\"https:\/\/schema.org\/BlogPosting\" itemprop=\"blogPost\" ><div class='avia_textblock  '   itemprop=\"text\" ><p class=\"v1MsoNormal\" style=\"text-align: center;\"><span style=\"font-size: 18pt;\"><i><span lang=\"ES-MX\">Central Los Maquis, levantada en un \u00e1rea bajo protecci\u00f3n oficial<\/span><\/i><\/span><\/p>\n<p class=\"v1MsoNormal\" style=\"text-align: center;\"><span style=\"font-size: 18pt;\"><b><span lang=\"ES-MX\">Servicio de Evaluaci\u00f3n Ambiental: Edelays\u00e9n construy\u00f3 un proyecto distinto al que present\u00f3 a autoridades<\/span><\/b><\/span><\/p>\n<div id=\"gtx-trans\" style=\"position: absolute; left: -50px; top: 4.31534px;\">\n<div class=\"gtx-trans-icon\"><\/div>\n<\/div>\n<\/div><\/section><\/div><div class=\"flex_column av_one_full  flex_column_div av-zero-column-padding first  avia-builder-el-4  el_after_av_one_full  el_before_av_hr  column-top-margin\" style='border-radius:0px; '><section class=\"av_textblock_section \"  itemscope=\"itemscope\" itemtype=\"https:\/\/schema.org\/BlogPosting\" itemprop=\"blogPost\" ><div class='avia_textblock  '   itemprop=\"text\" ><p class=\"v1MsoNormal\" style=\"text-align: justify;\"><i><span lang=\"ES-MX\">El organismo emiti\u00f3<span class=\"v1gmail-Apple-converted-space\">\u00a0<\/span>informe<span class=\"v1gmail-Apple-converted-space\">\u00a0<\/span>el 20 de mayo, donde confirma lo se\u00f1alado por organizaciones y vecinos y vecinas de Puerto Guadal<span class=\"v1gmail-Apple-converted-space\">\u00a0<\/span>desde sus primeras denuncias de marzo de 2020:<span class=\"v1gmail-Apple-converted-space\">\u00a0<\/span>el proyecto debi<\/span><\/i><i><span lang=\"X-NONE\">\u00f3<\/span><\/i><i><span lang=\"X-NONE\"><span class=\"v1gmail-Apple-converted-space\">\u00a0<\/span><\/span><\/i><i><span lang=\"ES-MX\">someterse a evaluaci\u00f3n ambiental con participaci\u00f3n ciudadana.\u00a0<span class=\"v1gmail-Apple-converted-space\">\u00a0<\/span><\/span><\/i><\/p>\n<p class=\"v1MsoNormal\" style=\"text-align: justify;\"><i><span lang=\"ES-MX\">Con esta conclusi<\/span><\/i><i><span lang=\"X-NONE\">\u00f3n<\/span><\/i><i><span lang=\"ES-MX\">, sumada al fallo en el mismo sentido que emiti\u00f3 el Tribunal Ambiental de Valdivia, la Superintendencia del Medio Ambiente, que desestim\u00f3 sistem\u00e1ticamente los reclamos interpuestos, deber\u00e1 emitir resoluci\u00f3n que obligue a la empresa a cumplir la ley.<\/span><\/i><\/p>\n<p class=\"v1MsoNormal\" style=\"text-align: justify;\"><span lang=\"ES-MX\">\u00ab<i>El proyecto &#8216;Rehabilitaci\u00f3n Central Hidroel\u00e9ctrica Los Maquis&#8217; realiz\u00f3 obras y acciones distintas a las<span class=\"v1gmail-Apple-converted-space\">\u00a0<\/span><a href=\"https:\/\/infofirma.sea.gob.cl\/DocumentosSEA\/MostrarDocumento?docId=1c\/b8\/1a51a505fb1371b52540b184eefd055ee164\" target=\"_blank\" rel=\"noopener noreferrer\">proyectadas originalmente<\/a>, las que son susceptibles de afectar el atractivo tur\u00edstico Cascada Los Maquis y sus pozones<\/i>\u00ab.<\/span><\/p>\n<p class=\"v1MsoNormal\" style=\"text-align: justify;\"><span lang=\"ES-MX\">Con esta conclusi\u00f3n, el Servicio de Evaluaci\u00f3n Ambiental<span class=\"v1gmail-Apple-converted-space\">\u00a0<\/span>(SEA) de Ays\u00e9n dio cuenta de c\u00f3mo la Empresa El\u00e9ctrica de Ais\u00e9n<span class=\"v1gmail-Apple-converted-space\">\u00a0<\/span>S.A.<span class=\"v1gmail-Apple-converted-space\">\u00a0<\/span>(Edelays\u00e9n), del grupo SAESA, eludi\u00f3 legislaci<\/span><span lang=\"X-NONE\">\u00f3n ambiental<\/span><span lang=\"X-NONE\"><span class=\"v1gmail-Apple-converted-space\">\u00a0<\/span><\/span><span lang=\"ES-MX\">en el marco de la construcci\u00f3n de una central hidroel\u00e9ctrica al interior de un \u00e1rea bajo protecci\u00f3n oficial, como es la Zona de Inter\u00e9s Tur\u00edstico Chelenko.\u00a0<span class=\"v1gmail-Apple-converted-space\">\u00a0<\/span>Por ello, determin\u00f3 que las obras requirieron \u00ab<i>ingresar obligatoriamente al Sistem de Evaluaci<\/i><\/span><i><span lang=\"X-NONE\">\u00f3n de Impacto Ambiental<\/span><\/i><i><span lang=\"ES-MX\">, en atenci\u00f3n a que re\u00fane los requisitos y caracter\u00edsticas contemplados en el literal p) del art\u00edculo 3\u00b0 del Reglamento del Sistema de Evaluaci\u00f3n de Impacto Ambiental<\/span><\/i><span lang=\"ES-MX\">\u00ab.<\/span><\/p>\n<p class=\"v1MsoNormal\" style=\"text-align: justify;\"><span lang=\"ES-MX\">\u00a0<\/span><\/p>\n<p class=\"v1MsoNormal\" style=\"text-align: justify;\"><b><span lang=\"ES-MX\">Los fundamentos<\/span><\/b><\/p>\n<p class=\"v1MsoNormal\" style=\"text-align: justify;\"><span lang=\"ES-MX\">Considerando los antecedentes aportados en el marco del fallo del Tribunal Ambiental de Valdivia, las fiscalizaciones de la Superintendencia del Medio Ambiente y los registros y fundamentos de los propios denunciantes, se determin\u00f3 que \u00ab<i>las obras realizadas se encuentran, por una parte, muy cercanas al atractivo tur\u00edstico y por otro, varias de las obras realizadas tienen un car\u00e1cter permanente que afectar\u00e1n el valor paisaj\u00edstico y tur\u00edstico<\/i>\u00ab.<\/span><\/p>\n<p class=\"v1MsoNormal\" style=\"text-align: justify;\"><span lang=\"ES-MX\">Como ejemplo enumer\u00f3 que \u00ab<i>las obras de la bocatoma, el nuevo trazado de tuber\u00edas y la nueva casa de m\u00e1quinas son totalmente distintas a las se\u00f1aladas originalmente en la consulta de pertinencia, toda vez que se refieren a obras permanentes y perceptibles por parte de los visitantes del atractivo\u00bb.\u00a0<span class=\"v1gmail-Apple-converted-space\">\u00a0<\/span><\/i>Agregando, respecto a la antigua casa de m\u00e1quinas que pese a que Edelays\u00e9n<i><span class=\"v1gmail-Apple-converted-space\">\u00a0<\/span><\/i><i>\u00abdijo que no se afectar\u00eda al presentar un valor cultural y paisaj\u00edstico, la realidad nos dice que ella fue totalmente desmantelada y reconstruida con par\u00e1metros totalmente diversos<\/i>\u00ab.<\/span><\/p>\n<p class=\"v1MsoNormal\" style=\"text-align: justify;\"><span lang=\"ES-MX\">Al respecto, el presidente de la Corporaci\u00f3n Privada para el Desarrollo de Ays\u00e9n, Erwin Sandoval Gallardo, se\u00f1al\u00f3 que \u00ab<i>es un paso muy relevante que<span class=\"v1gmail-Apple-converted-space\">\u00a0<\/span>el Servicio de Evaluaci\u00f3n Ambiental ratifique que el proyecto debi\u00f3 ingresar al Sistema de Evaluaci\u00f3n de Impacto Ambiental antes de su ejecuci\u00f3n, siendo igualmente muy importante que la autoridad ambiental hoy reconozca que<span class=\"v1gmail-Apple-converted-space\">\u00a0<\/span>la<span class=\"v1gmail-Apple-converted-space\">\u00a0<\/span><a href=\"https:\/\/archiradios.cl:2096\/cpsess1376825428\/3rdparty\/roundcube\/#NOP\" rel=\"noreferrer\">consulta de pertinencia resuelta por el SEA en agosto de 2019<\/a>, fue<span class=\"v1gmail-Apple-converted-space\">\u00a0<\/span>una resoluci\u00f3n sustentada<span class=\"v1gmail-Apple-converted-space\">\u00a0<\/span>en un proyecto completamente distinto al construido por la empresa<\/i>\u00ab.\u00a0<span class=\"v1gmail-Apple-converted-space\">\u00a0<\/span>El dirigente se\u00f1al\u00f3 que en concreto Edelays<\/span><span lang=\"X-NONE\">\u00e9n<\/span><span lang=\"ES-MX\"><span class=\"v1gmail-Apple-converted-space\">\u00a0<\/span>\u00ab<i>dicho en t\u00e9rminos simples, enga\u00f1\u00f3 al SEA, describi\u00f3 un proyecto completamente distinto al que finalmente ejecut\u00f3, y de esa forma obtuvo un pronunciamiento del Servicio de Evaluaci\u00f3n Ambiental bajo el cual se han amparado todo este tiempo<\/i>\u00ab.<\/span><\/p>\n<p class=\"v1MsoNormal\" style=\"text-align: justify;\"><span lang=\"ES-MX\">En su visi\u00f3n,<span class=\"v1gmail-Apple-converted-space\">\u00a0<\/span><i>\u00abcon esta resoluci\u00f3n se le acaban las excusas a la Superintendencia del Medio Ambiente y su jefe regional Oscar Leal.\u00a0<span class=\"v1gmail-Apple-converted-space\">\u00a0<\/span>Ya hay una sentencia del Tribunal Ambiental de Valdivia dictada hace 7 meses, hay una resoluci\u00f3n de febrero de la propia superintendencia que reconoce que este proyecto debi\u00f3 ingresar al SEIA y hoy d\u00eda hay una resoluci\u00f3n del SEA que ratifica que este proyecto debe someter a evaluaci\u00f3n ambiental los impactos que es susceptible de generar al interior de un \u00e1rea bajo protecci\u00f3n oficial<\/i>\u00ab. De esta forma aludi<\/span><span lang=\"X-NONE\">\u00f3 a que en todo este tiempo y con todos estos antecedentes, ha evitado emitir la resoluci\u00f3n de paralizaci\u00f3n, permitiendo as\u00ed que la empresa terminara las obras y comenzara a funcionar en per\u00edodo de prueba.<\/span><\/p>\n<p class=\"v1MsoNormal\" style=\"text-align: justify;\"><span lang=\"ES-MX\">Y fue enf\u00e1tico: \u00ab<i>El proyecto hoy no puede seguir operando, ni siquiera en marcha blanca.\u00a0<span class=\"v1gmail-Apple-converted-space\">\u00a0<\/span>Porque est\u00e1 eludiendo la ley, ha sido construido de manera ilegal y est\u00e1 siendo operado de manera ilegal<\/i>\u00ab.<\/span><\/p>\n<p class=\"v1MsoNormal\" style=\"text-align: justify;\"><span lang=\"ES-MX\">Los elementos de prueba contradicen lo se\u00f1alado por la empresa, en el sentido de que su actuar se apeg\u00f3 a la legalidad.\u00a0<span class=\"v1gmail-Apple-converted-space\">\u00a0<\/span>M\u00e1s a\u00fan, el viernes \u00faltimo Edelays\u00e9n ingres<\/span><span lang=\"X-NONE\">\u00f3 una<span class=\"v1gmail-Apple-converted-space\">\u00a0<\/span><a href=\"https:\/\/snifa.sma.gob.cl\/General\/Descargar\/20916003298\" target=\"_blank\" rel=\"noopener noreferrer\">comunicaci\u00f3n<\/a><span class=\"v1gmail-Apple-converted-space\">\u00a0<\/span>en el expediente de fiscalizaci\u00f3n de la SMA,<span class=\"v1gmail-Apple-converted-space\">\u00a0<\/span><\/span><span lang=\"ES-MX\">en que se\u00f1al\u00f3 que a la luz del informe del SEA \u00ab<i>a modo preventivo y de buena fe, con fecha de hoy ha suspendido la marcha blanca de la minicentral Los Maquis<\/i>\u00ab, adelant\u00e1ndose a la posible paralizaci\u00f3n que solicitar\u00eda la SMA.<\/span><\/p>\n<p class=\"v1MsoNormal\" style=\"text-align: justify;\"><span lang=\"ES-MX\">Desde el colectivo Los Maquis Libres<span class=\"v1gmail-Apple-converted-space\">\u00a0<\/span><a href=\"https:\/\/twitter.com\/losmaquislibre\/status\/1528061598178365440\" target=\"_blank\" rel=\"noopener noreferrer\">reaccionaron<\/a><span class=\"v1gmail-Apple-converted-space\">\u00a0<\/span>el mismo viernes a la decisi\u00f3n de Edelays\u00e9n.\u00a0<span class=\"v1gmail-Apple-converted-space\">\u00a0<\/span>Recordaron que \u00ab<i>durante a\u00f1os hemos advertido que su proyecto se ejecutaba en elusi\u00f3n de su obligaci\u00f3n legal de ingreso al SEIA. Durante a\u00f1os hemos debido lidiar, y litigar, no s<\/i><\/span><i><span lang=\"X-NONE\">\u00f3<\/span><\/i><i><span lang=\"ES-MX\">lo contra Edelays\u00e9n sino que, inclusive, contra los servicios p\u00fablicos con competencias en la materia<\/span><\/i><span lang=\"ES-MX\">\u00ab.\u00a0<span class=\"v1gmail-Apple-converted-space\">\u00a0<\/span>Se\u00f1alaron que durante este tiempo, y pese a todas las advertencias, la empresa apost\u00f3 a los hechos consumados y prefiri\u00f3 continuar adelante.\u00a0<span class=\"v1gmail-Apple-converted-space\">\u00a0<\/span>\u00abLuego de que en octubre de 2021 el Tribunal Ambiental de Valdivia estableciera que el proyecto deb\u00eda ingresar al SEIA, por ser susceptible de generar impactos permanentes en un \u00e1rea puesta bajo protecci\u00f3n oficial, Edelays\u00e9n no paraliz\u00f3 la construcci\u00f3n de su proyecto: desarr\u00f3 pruebas entre los meses de diciembre y enero; ejecut\u00f3 obras entre marzo y abril; mantuvo desviado el brazo principal del r\u00edo Los Maquis; y, recientemente, inici\u00f3 la operaci\u00f3n de la central. \u00bfA eso le llaman buena fe o actuar apegado al principio preventivo?\u00bb se\u00f1alaron en un mensaje p<\/span><span lang=\"X-NONE\">\u00fablico desde la organizaci\u00f3n<\/span><span lang=\"ES-MX\">.<\/span><\/p>\n<p class=\"v1MsoNormal\" style=\"text-align: justify;\"><span lang=\"ES-MX\">Por ello, indicaron, junto con requerir el ingreso del proyecto al SEIA, \u00abla Superintendencia del Medio Ambiente debe formular cargos y sancionar el actuar ilegal de Edelays\u00e9n, que ha da\u00f1ado gravemente un \u00e1rea puesta bajo protecci\u00f3n oficial\u00bb.<\/span><\/p>\n<\/div><\/section><\/div><div  style='height:50px' class='hr hr-invisible   avia-builder-el-6  el_after_av_one_full  el_before_av_social_share '><span class='hr-inner ' ><span class='hr-inner-style'><\/span><\/span><\/div><\/p>\n<div  class='av-social-sharing-box  avia-builder-el-7  el_after_av_hr  el_before_av_hr  '><div class='av-share-box'><h5 class='av-share-link-description av-no-toc '>Compartir esta noticia<\/h5><ul class='av-share-box-list noLightbox'><li class='av-share-link av-social-link-facebook' ><a target=\"_blank\" aria-label=\"Compartir en Facebook\" href='https:\/\/www.facebook.com\/sharer.php?u=https:\/\/radiorevelacionfm.cl\/?p=17053&#038;t=Central%20Los%20Maquis%2C%20levantada%20en%20un%20%C3%A1rea%20bajo%20protecci%C3%B3n%20oficial' aria-hidden='false' data-av_icon='\ue8f3' data-av_iconfont='entypo-fontello' title='' data-avia-related-tooltip='Compartir en Facebook' rel=\"noopener\"><span class='avia_hidden_link_text'>Compartir en Facebook<\/span><\/a><\/li><li class='av-share-link av-social-link-twitter' ><a target=\"_blank\" aria-label=\"Compartir en Twitter\" href='https:\/\/twitter.com\/share?text=Central%20Los%20Maquis%2C%20levantada%20en%20un%20%C3%A1rea%20bajo%20protecci%C3%B3n%20oficial&#038;url=https:\/\/radiorevelacionfm.cl\/?p=17053' aria-hidden='false' data-av_icon='\ue8f1' data-av_iconfont='entypo-fontello' title='' data-avia-related-tooltip='Compartir en Twitter' rel=\"noopener\"><span class='avia_hidden_link_text'>Compartir en Twitter<\/span><\/a><\/li><li class='av-share-link av-social-link-whatsapp' ><a target=\"_blank\" aria-label=\"Compartir en Whatsapp\" href='https:\/\/api.whatsapp.com\/send?text=https:\/\/radiorevelacionfm.cl\/?p=17053' aria-hidden='false' data-av_icon='\uf232' data-av_iconfont='entypo-fontello' title='' data-avia-related-tooltip='Compartir en Whatsapp' rel=\"noopener\"><span class='avia_hidden_link_text'>Compartir en Whatsapp<\/span><\/a><\/li><li class='av-share-link av-social-link-linkedin' ><a target=\"_blank\" aria-label=\"Compartir en LinkedIn\" href='https:\/\/linkedin.com\/shareArticle?mini=true&#038;title=Central%20Los%20Maquis%2C%20levantada%20en%20un%20%C3%A1rea%20bajo%20protecci%C3%B3n%20oficial&#038;url=https:\/\/radiorevelacionfm.cl\/?p=17053' aria-hidden='false' data-av_icon='\ue8fc' data-av_iconfont='entypo-fontello' title='' data-avia-related-tooltip='Compartir en LinkedIn' rel=\"noopener\"><span class='avia_hidden_link_text'>Compartir en LinkedIn<\/span><\/a><\/li><li class='av-share-link av-social-link-mail' ><a  aria-label=\"Compartir por correo\" href='mailto:?subject=Central%20Los%20Maquis%2C%20levantada%20en%20un%20%C3%A1rea%20bajo%20protecci%C3%B3n%20oficial&#038;body=https:\/\/radiorevelacionfm.cl\/?p=17053' aria-hidden='false' data-av_icon='\ue805' data-av_iconfont='entypo-fontello' title='' data-avia-related-tooltip='Compartir por correo'><span class='avia_hidden_link_text'>Compartir por correo<\/span><\/a><\/li><\/ul><\/div><\/div>\n<div  style='height:50px' class='hr hr-invisible   avia-builder-el-8  el_after_av_social_share  el_before_av_comments_list '><span class='hr-inner ' ><span class='hr-inner-style'><\/span><\/span><\/div>\n<div  class='av-buildercomment  av-blog-meta-html-info-disabled av-blog-meta-tag-disabled  '><\/div>\n","protected":false},"excerpt":{"rendered":"","protected":false},"author":1,"featured_media":4206,"comment_status":"open","ping_status":"open","sticky":false,"template":"","format":"standard","meta":{"footnotes":""},"categories":[39],"tags":[],"class_list":["post-17053","post","type-post","status-publish","format-standard","has-post-thumbnail","hentry","category-medio-ambiente"],"jetpack_featured_media_url":"https:\/\/radiorevelacionfm.cl\/wp-content\/uploads\/2021\/05\/Central_LosMaquis-1-1.jpg","_links":{"self":[{"href":"https:\/\/radiorevelacionfm.cl\/index.php?rest_route=\/wp\/v2\/posts\/17053","targetHints":{"allow":["GET"]}}],"collection":[{"href":"https:\/\/radiorevelacionfm.cl\/index.php?rest_route=\/wp\/v2\/posts"}],"about":[{"href":"https:\/\/radiorevelacionfm.cl\/index.php?rest_route=\/wp\/v2\/types\/post"}],"author":[{"embeddable":true,"href":"https:\/\/radiorevelacionfm.cl\/index.php?rest_route=\/wp\/v2\/users\/1"}],"replies":[{"embeddable":true,"href":"https:\/\/radiorevelacionfm.cl\/index.php?rest_route=%2Fwp%2Fv2%2Fcomments&post=17053"}],"version-history":[{"count":3,"href":"https:\/\/radiorevelacionfm.cl\/index.php?rest_route=\/wp\/v2\/posts\/17053\/revisions"}],"predecessor-version":[{"id":17068,"href":"https:\/\/radiorevelacionfm.cl\/index.php?rest_route=\/wp\/v2\/posts\/17053\/revisions\/17068"}],"wp:featuredmedia":[{"embeddable":true,"href":"https:\/\/radiorevelacionfm.cl\/index.php?rest_route=\/wp\/v2\/media\/4206"}],"wp:attachment":[{"href":"https:\/\/radiorevelacionfm.cl\/index.php?rest_route=%2Fwp%2Fv2%2Fmedia&parent=17053"}],"wp:term":[{"taxonomy":"category","embeddable":true,"href":"https:\/\/radiorevelacionfm.cl\/index.php?rest_route=%2Fwp%2Fv2%2Fcategories&post=17053"},{"taxonomy":"post_tag","embeddable":true,"href":"https:\/\/radiorevelacionfm.cl\/index.php?rest_route=%2Fwp%2Fv2%2Ftags&post=17053"}],"curies":[{"name":"wp","href":"https:\/\/api.w.org\/{rel}","templated":true}]}}