{"id":17047,"date":"2022-05-22T22:35:05","date_gmt":"2022-05-23T01:35:05","guid":{"rendered":"https:\/\/radiorevelacionfm.cl\/?p=17047"},"modified":"2022-05-22T22:36:00","modified_gmt":"2022-05-23T01:36:00","slug":"entregan-terreno-para-comenzar-obras-de-nueva-posta-de-salud-rural-de-cerro-castillo","status":"publish","type":"post","link":"https:\/\/radiorevelacionfm.cl\/?p=17047","title":{"rendered":"Entregan terreno para comenzar obras de nueva Posta de Salud Rural de Cerro Castillo"},"content":{"rendered":"<div class=\"flex_column av_one_full  flex_column_div av-zero-column-padding first  avia-builder-el-0  el_before_av_one_full  avia-builder-el-first  \" style='border-radius:0px; '><div  class='avia-image-container  av-styling-    avia-builder-el-1  avia-builder-el-no-sibling  avia-align-center '  itemprop=\"image\" itemscope=\"itemscope\" itemtype=\"https:\/\/schema.org\/ImageObject\"  ><div class='avia-image-container-inner'><div class='avia-image-overlay-wrap'><img decoding=\"async\" class='wp-image-17051 avia-img-lazy-loading-not-17051 avia_image' src=\"https:\/\/radiorevelacionfm.cl\/wp-content\/uploads\/2022\/05\/ENTREGA-TERRENO-POSTA-CERRO-CASTILLO-1-1-1.jpeg\" alt='' title='ENTREGA TERRENO POSTA CERRO CASTILLO (1) (1) (1)' height=\"600\" width=\"800\"  itemprop=\"thumbnailUrl\" srcset=\"https:\/\/radiorevelacionfm.cl\/wp-content\/uploads\/2022\/05\/ENTREGA-TERRENO-POSTA-CERRO-CASTILLO-1-1-1.jpeg 800w, https:\/\/radiorevelacionfm.cl\/wp-content\/uploads\/2022\/05\/ENTREGA-TERRENO-POSTA-CERRO-CASTILLO-1-1-1-300x225.jpeg 300w, https:\/\/radiorevelacionfm.cl\/wp-content\/uploads\/2022\/05\/ENTREGA-TERRENO-POSTA-CERRO-CASTILLO-1-1-1-768x576.jpeg 768w, https:\/\/radiorevelacionfm.cl\/wp-content\/uploads\/2022\/05\/ENTREGA-TERRENO-POSTA-CERRO-CASTILLO-1-1-1-705x529.jpeg 705w, https:\/\/radiorevelacionfm.cl\/wp-content\/uploads\/2022\/05\/ENTREGA-TERRENO-POSTA-CERRO-CASTILLO-1-1-1-600x450.jpeg 600w\" sizes=\"(max-width: 800px) 100vw, 800px\" \/><\/div><\/div><\/div><\/div><div class=\"flex_column av_one_full  flex_column_div av-zero-column-padding first  avia-builder-el-2  el_after_av_one_full  el_before_av_one_full  column-top-margin\" style='border-radius:0px; '><section class=\"av_textblock_section \"  itemscope=\"itemscope\" itemtype=\"https:\/\/schema.org\/BlogPosting\" itemprop=\"blogPost\" ><div class='avia_textblock  '   itemprop=\"text\" ><p style=\"text-align: center;\"><strong><span style=\"font-size: 18pt;\">Entregan terreno para comenzar obras de nueva Posta de Salud Rural de Cerro Castillo<\/span><\/strong><\/p>\n<div id=\"gtx-trans\" style=\"position: absolute; left: -50px; top: 4.31534px;\">\n<div class=\"gtx-trans-icon\"><\/div>\n<\/div>\n<\/div><\/section><\/div><\/p>\n<div class=\"flex_column av_one_full  flex_column_div av-zero-column-padding first  avia-builder-el-4  el_after_av_one_full  el_before_av_hr  column-top-margin\" style='border-radius:0px; '><section class=\"av_textblock_section \"  itemscope=\"itemscope\" itemtype=\"https:\/\/schema.org\/BlogPosting\" itemprop=\"blogPost\" ><div class='avia_textblock  '   itemprop=\"text\" ><p class=\"v1MsoNormal\" style=\"text-align: justify;\">En el segundo semestre del pr\u00f3ximo a\u00f1o la comunidad de Villa Cerro Castillo contar\u00e1 con una nueva posta de salud rural, una petici\u00f3n largamente esperada por la peque\u00f1a localidad enclavada a los pies del cerro que le da su nombre, a unos 90 kil\u00f3metros de Coyhaique.<\/p>\n<p class=\"v1MsoNormal\" style=\"text-align: justify;\">\u00abSer\u00e1 una estructura m\u00e1s grande, donde los param\u00e9dicos van a tener mejores condiciones para atender a la ciudadan\u00eda y ojal\u00e1 la atenci\u00f3n se mantenga, porque lo hacen excelente y que sigan atendiendo con amabilidad, con cari\u00f1o, sobre todo a nuestros adultos mayores\u00bb, se\u00f1al\u00f3 Pedro Aguilar, presidente del Consejo Consultivo de la Posta de Cerro Castillo, que apreci\u00f3 la iniciativa por la que llevan esperando al menos cuatro a\u00f1os.<\/p>\n<p class=\"v1MsoNormal\" style=\"text-align: justify;\">Los reducidos espacios de la actual posta quedar\u00e1n en el pasado y, junto con mejorar la atenci\u00f3n a las personas, tambi\u00e9n se contar\u00e1 con renovados espacios para los funcionarios. Tal es el caso de Eugenia Hueitra Antillao, quien cumple 30 a\u00f1os de servicio como auxiliar de aseo de la posta. \u00abFaltaban muchos espacios para los param\u00e9dicos, la bodega y hab\u00eda que andar trasladando las cosas y ahora creo que todo va a estar mejor\u00bb.<\/p>\n<p class=\"v1MsoNormal\" style=\"text-align: justify;\">De acuerdo al programa de Gobierno de la administraci\u00f3n de Gabriel Boric se espera que la Atenci\u00f3n Primaria de Salud (APS) entregue cobertura al 100% de la poblaci\u00f3n. Con ello, se transformar\u00e1 en la base para la acci\u00f3n sanitaria, cuidando la salud a nivel territorial, priorizando acciones de promoci\u00f3n y prevenci\u00f3n, siendo el primer punto de contacto y articulador del sistema de salud.<\/p>\n<p class=\"v1MsoNormal\" style=\"text-align: justify;\">\u00abEsta iniciativa va en l\u00ednea con lo que nuestro gobierno espera fortalecer la atenci\u00f3n primaria, dotarla de una mejor infraestructura, mejorar la resolutividad, sobre todo en las localidades m\u00e1s apartadas, porque sabemos que salud en muchos lugares del territorio nacional ha sido igual a inequidad y uno de los desaf\u00edos del gobierno es avanzar al acceso y derribar esas barreras que impiden que la ciudadan\u00eda se acerque de manera segura y oportuna a las prestaciones de salud, que es un derecho y debe estar en todas las pol\u00edticas\u00bb, agreg\u00f3 Carmen Gloria Monsalve, Seremi de Salud Ays\u00e9n.<\/p>\n<p class=\"v1MsoNormal\" style=\"text-align: justify;\">Esta iniciativa busca fortalecer la APS, mejorando la disponibilidad de recursos, actualizando el Plan de Salud Familiar y mejorando los mecanismos de asignaci\u00f3n equitativa a los territorios. Adem\u00e1s, entrega mayor resolutividad a la APS, ampliando la disponibilidad de medicamentos y ex\u00e1menes.<\/p>\n<p class=\"v1MsoNormal\" style=\"text-align: justify;\">Son m\u00e1s de 400 metros construidos, que incluyen dos viviendas para los funcionarios y bodegas, para atender a una poblaci\u00f3n superior a las 600 personas. \u00abEsperamos durante el segundo semestre del a\u00f1o 2023 entregar a la comunidad, es muy importante que esta posta cuente con toda la habitabilidad, tanto para funcionarios, como para la comunidad. Tendr\u00e1 box dental, ginecol\u00f3gico, reanimaci\u00f3n y otro multiprop\u00f3sito para entregar una mejor salud a la comunidad de Villa Cerro Castillo\u00bb, complement\u00f3 Gabriel Burgos, director del Servicio de Salud Ays\u00e9n (SSA).<\/p>\n<p class=\"v1MsoNormal\" style=\"text-align: justify;\"><b>Financiamiento<\/b><\/p>\n<p class=\"v1MsoNormal\" style=\"text-align: justify;\">En tanto el financiamiento se encuentra dentro del Plan de Desarrollo de Zonas Extremas (PEDZE), en el marco de iniciativas del Fondo Nacional de Desarrollo Regional (FNDR) del Gobierno Regional de Ays\u00e9n. \u00abEs una iniciativa financiada por el Gobierno Regional de un poco m\u00e1s de 900 millones de pesos que nos permite hacer carne el compromiso con la salud p\u00fablica de la regi\u00f3n de Ays\u00e9n y en eso el Gobierno Regional de su Consejo est\u00e1n siempre disponibles y por eso a trav\u00e9s del convenio se comprometi\u00f3 el financiamiento de todas las postas de salud rural, porque entendemos que la primera necesidad siempre se atiende en esos espacios y deben ser infraestructuras dignas no solo para los usuarios, sino para quienes trabajan en la atenci\u00f3n\u00bb, dijo la Gobernadora Regional, Andrea Mac\u00edas.<\/p>\n<p class=\"v1MsoNormal\" style=\"text-align: justify;\">Mientras el Subdirector de Gesti\u00f3n Asistencial, Hern\u00e1n Barrientos, complement\u00f3 a\u00f1adiendo que \u00abnos encontramos muy contentos por este hito en Cerro Castillo, valoramos enormemente el trabajo de nuestro equipo t\u00e9cnico, junto a la comunidad en esta ejecuci\u00f3n que comienza hoy de la posta de Cerro Castillo y valorar la participaci\u00f3n, tanto de funcionarios, como comunidad, en una infraestructura de un alto est\u00e1ndar de calidad de atenci\u00f3n a pacientes\u00bb, subray\u00f3.<\/p>\n<p class=\"v1MsoNormal\" style=\"text-align: justify;\">Por \u00faltimo, el Alcalde Subrogante de Ib\u00e1\u00f1ez, Oscar Albornoz, agradeci\u00f3 la puesta en marcha de la obra y la voluntad de las distintas instituciones para levantar la iniciativa. \u00abAgradecer este proceso que culmina con la entrega de este terreno para un proyecto largamente anhelado y que en virtud de las voluntades institucionales se saca adelante, aparte del servicio a la localidad, tambi\u00e9n hay lugares o sectores que ser\u00e1n beneficiados, por el punto estrat\u00e9gico en la que se encuentra, con el gran movimiento que genera el turismo en este punto de la carretera\u00bb, remat\u00f3.<\/p>\n<p class=\"v1MsoNormal\" style=\"text-align: justify;\">El plazo de ejecuci\u00f3n de la obra es de 300 d\u00edas corridos, m\u00e1s seis meses de recepci\u00f3n, habilitaci\u00f3n y puesta en marcha, mientras el costo total supera los 820 millones de pesos.<\/p>\n<\/div><\/section><\/div>\n<div  style='height:50px' class='hr hr-invisible   avia-builder-el-6  el_after_av_one_full  el_before_av_social_share '><span class='hr-inner ' ><span class='hr-inner-style'><\/span><\/span><\/div>\n<div  class='av-social-sharing-box  avia-builder-el-7  el_after_av_hr  el_before_av_hr  '><div class='av-share-box'><h5 class='av-share-link-description av-no-toc '>Compartir esta noticia<\/h5><ul class='av-share-box-list noLightbox'><li class='av-share-link av-social-link-facebook' ><a target=\"_blank\" aria-label=\"Compartir en Facebook\" href='https:\/\/www.facebook.com\/sharer.php?u=https:\/\/radiorevelacionfm.cl\/?p=17047&#038;t=Entregan%20terreno%20para%20comenzar%20obras%20de%20nueva%20Posta%20de%20Salud%20Rural%20de%20Cerro%20Castillo' aria-hidden='false' data-av_icon='\ue8f3' data-av_iconfont='entypo-fontello' title='' data-avia-related-tooltip='Compartir en Facebook' rel=\"noopener\"><span class='avia_hidden_link_text'>Compartir en Facebook<\/span><\/a><\/li><li class='av-share-link av-social-link-twitter' ><a target=\"_blank\" aria-label=\"Compartir en Twitter\" href='https:\/\/twitter.com\/share?text=Entregan%20terreno%20para%20comenzar%20obras%20de%20nueva%20Posta%20de%20Salud%20Rural%20de%20Cerro%20Castillo&#038;url=https:\/\/radiorevelacionfm.cl\/?p=17047' aria-hidden='false' data-av_icon='\ue8f1' data-av_iconfont='entypo-fontello' title='' data-avia-related-tooltip='Compartir en Twitter' rel=\"noopener\"><span class='avia_hidden_link_text'>Compartir en Twitter<\/span><\/a><\/li><li class='av-share-link av-social-link-whatsapp' ><a target=\"_blank\" aria-label=\"Compartir en Whatsapp\" href='https:\/\/api.whatsapp.com\/send?text=https:\/\/radiorevelacionfm.cl\/?p=17047' aria-hidden='false' data-av_icon='\uf232' data-av_iconfont='entypo-fontello' title='' data-avia-related-tooltip='Compartir en Whatsapp' rel=\"noopener\"><span class='avia_hidden_link_text'>Compartir en Whatsapp<\/span><\/a><\/li><li class='av-share-link av-social-link-linkedin' ><a target=\"_blank\" aria-label=\"Compartir en LinkedIn\" href='https:\/\/linkedin.com\/shareArticle?mini=true&#038;title=Entregan%20terreno%20para%20comenzar%20obras%20de%20nueva%20Posta%20de%20Salud%20Rural%20de%20Cerro%20Castillo&#038;url=https:\/\/radiorevelacionfm.cl\/?p=17047' aria-hidden='false' data-av_icon='\ue8fc' data-av_iconfont='entypo-fontello' title='' data-avia-related-tooltip='Compartir en LinkedIn' rel=\"noopener\"><span class='avia_hidden_link_text'>Compartir en LinkedIn<\/span><\/a><\/li><li class='av-share-link av-social-link-mail' ><a  aria-label=\"Compartir por correo\" href='mailto:?subject=Entregan%20terreno%20para%20comenzar%20obras%20de%20nueva%20Posta%20de%20Salud%20Rural%20de%20Cerro%20Castillo&#038;body=https:\/\/radiorevelacionfm.cl\/?p=17047' aria-hidden='false' data-av_icon='\ue805' data-av_iconfont='entypo-fontello' title='' data-avia-related-tooltip='Compartir por correo'><span class='avia_hidden_link_text'>Compartir por correo<\/span><\/a><\/li><\/ul><\/div><\/div>\n<div  style='height:50px' class='hr hr-invisible   avia-builder-el-8  el_after_av_social_share  el_before_av_comments_list '><span class='hr-inner ' ><span class='hr-inner-style'><\/span><\/span><\/div>\n<div  class='av-buildercomment  av-blog-meta-html-info-disabled av-blog-meta-tag-disabled  '><\/div>\n","protected":false},"excerpt":{"rendered":"","protected":false},"author":1,"featured_media":17051,"comment_status":"open","ping_status":"open","sticky":false,"template":"","format":"standard","meta":{"footnotes":""},"categories":[46],"tags":[],"class_list":["post-17047","post","type-post","status-publish","format-standard","has-post-thumbnail","hentry","category-salud"],"jetpack_featured_media_url":"https:\/\/radiorevelacionfm.cl\/wp-content\/uploads\/2022\/05\/ENTREGA-TERRENO-POSTA-CERRO-CASTILLO-1-1-1.jpeg","_links":{"self":[{"href":"https:\/\/radiorevelacionfm.cl\/index.php?rest_route=\/wp\/v2\/posts\/17047","targetHints":{"allow":["GET"]}}],"collection":[{"href":"https:\/\/radiorevelacionfm.cl\/index.php?rest_route=\/wp\/v2\/posts"}],"about":[{"href":"https:\/\/radiorevelacionfm.cl\/index.php?rest_route=\/wp\/v2\/types\/post"}],"author":[{"embeddable":true,"href":"https:\/\/radiorevelacionfm.cl\/index.php?rest_route=\/wp\/v2\/users\/1"}],"replies":[{"embeddable":true,"href":"https:\/\/radiorevelacionfm.cl\/index.php?rest_route=%2Fwp%2Fv2%2Fcomments&post=17047"}],"version-history":[{"count":3,"href":"https:\/\/radiorevelacionfm.cl\/index.php?rest_route=\/wp\/v2\/posts\/17047\/revisions"}],"predecessor-version":[{"id":17050,"href":"https:\/\/radiorevelacionfm.cl\/index.php?rest_route=\/wp\/v2\/posts\/17047\/revisions\/17050"}],"wp:featuredmedia":[{"embeddable":true,"href":"https:\/\/radiorevelacionfm.cl\/index.php?rest_route=\/wp\/v2\/media\/17051"}],"wp:attachment":[{"href":"https:\/\/radiorevelacionfm.cl\/index.php?rest_route=%2Fwp%2Fv2%2Fmedia&parent=17047"}],"wp:term":[{"taxonomy":"category","embeddable":true,"href":"https:\/\/radiorevelacionfm.cl\/index.php?rest_route=%2Fwp%2Fv2%2Fcategories&post=17047"},{"taxonomy":"post_tag","embeddable":true,"href":"https:\/\/radiorevelacionfm.cl\/index.php?rest_route=%2Fwp%2Fv2%2Ftags&post=17047"}],"curies":[{"name":"wp","href":"https:\/\/api.w.org\/{rel}","templated":true}]}}