{"id":17042,"date":"2022-05-22T21:39:37","date_gmt":"2022-05-23T00:39:37","guid":{"rendered":"https:\/\/radiorevelacionfm.cl\/?p=17042"},"modified":"2022-05-22T21:39:37","modified_gmt":"2022-05-23T00:39:37","slug":"mas-de-200-vecins-de-coyhaique-lograron-acceder-a-vacunacion-contra-el-covid-e-influenza","status":"publish","type":"post","link":"https:\/\/radiorevelacionfm.cl\/?p=17042","title":{"rendered":"M\u00e1s de 200 vecin@s de Coyhaique lograron acceder a vacunaci\u00f3n contra el Covid e Influenza"},"content":{"rendered":"<div class=\"flex_column av_one_full  flex_column_div av-zero-column-padding first  avia-builder-el-0  el_before_av_one_full  avia-builder-el-first  \" style='border-radius:0px; '><div  class='avia-image-container  av-styling-    avia-builder-el-1  avia-builder-el-no-sibling  avia-align-center '  itemprop=\"image\" itemscope=\"itemscope\" itemtype=\"https:\/\/schema.org\/ImageObject\"  ><div class='avia-image-container-inner'><div class='avia-image-overlay-wrap'><img decoding=\"async\" class='wp-image-17043 avia-img-lazy-loading-not-17043 avia_image' src=\"https:\/\/radiorevelacionfm.cl\/wp-content\/uploads\/2022\/05\/vacunacion-menor-1-1.jpeg\" alt='' title='vacunaci\u00f3n menor (1) (1)' height=\"600\" width=\"800\"  itemprop=\"thumbnailUrl\" srcset=\"https:\/\/radiorevelacionfm.cl\/wp-content\/uploads\/2022\/05\/vacunacion-menor-1-1.jpeg 800w, https:\/\/radiorevelacionfm.cl\/wp-content\/uploads\/2022\/05\/vacunacion-menor-1-1-300x225.jpeg 300w, https:\/\/radiorevelacionfm.cl\/wp-content\/uploads\/2022\/05\/vacunacion-menor-1-1-768x576.jpeg 768w, https:\/\/radiorevelacionfm.cl\/wp-content\/uploads\/2022\/05\/vacunacion-menor-1-1-705x529.jpeg 705w, https:\/\/radiorevelacionfm.cl\/wp-content\/uploads\/2022\/05\/vacunacion-menor-1-1-600x450.jpeg 600w\" sizes=\"(max-width: 800px) 100vw, 800px\" \/><\/div><\/div><\/div><\/div><div class=\"flex_column av_one_full  flex_column_div av-zero-column-padding first  avia-builder-el-2  el_after_av_one_full  el_before_av_one_full  column-top-margin\" style='border-radius:0px; '><section class=\"av_textblock_section \"  itemscope=\"itemscope\" itemtype=\"https:\/\/schema.org\/BlogPosting\" itemprop=\"blogPost\" ><div class='avia_textblock  '   itemprop=\"text\" ><p style=\"text-align: center;\"><strong><span style=\"font-size: 18pt;\">M\u00e1s de 200 vecin@s de Coyhaique lograron acceder a vacunaci\u00f3n contra el Covid e Influenza<\/span><\/strong><\/p>\n<div id=\"gtx-trans\" style=\"position: absolute; left: -50px; top: 4.31534px;\">\n<div class=\"gtx-trans-icon\"><\/div>\n<\/div>\n<\/div><\/section><\/div><div class=\"flex_column av_one_full  flex_column_div av-zero-column-padding first  avia-builder-el-4  el_after_av_one_full  el_before_av_hr  column-top-margin\" style='border-radius:0px; '><section class=\"av_textblock_section \"  itemscope=\"itemscope\" itemtype=\"https:\/\/schema.org\/BlogPosting\" itemprop=\"blogPost\" ><div class='avia_textblock  '   itemprop=\"text\" ><p style=\"text-align: justify;\">Al igual que en fines de semanas anteriores, una vez m\u00e1s el trabajo intersectorial de los equipos de Salud permitieron que un importante n\u00famero de personas lograra completar sus esquemas de vacunaci\u00f3n contra el COVID-19 y la Influenza; puntos de inmunizaci\u00f3n que en esta oportunidad se concentraron en el sector alto de la capital regional, como la sede de la Cruz Roja (sector Feria Las Quintas) y la sede de la JJVV El Mirador (calle Err\u00e1zuriz), adem\u00e1s de las dependencias de la Asociaci\u00f3n TEAcompa\u00f1amos.<\/p>\n<p style=\"text-align: justify;\">Labor donde los equipos de salud lograron inmunizar a 232 personas, entre adultos mayores y ni\u00f1@s, quienes desde muy temprano se acercaron, este s\u00e1bado 21 de mayo, a cada uno de los puntos de vacunaci\u00f3n, donde en el caso de la sede El Mirador se cont\u00f3 con la colaboraci\u00f3n de un equipo de profesionales de la JUNJI, quienes implementaron un rinc\u00f3n de juegos para los ni\u00f1os que llegaron a vacunarse o que acompa\u00f1aban a sus padres.<\/p>\n<p style=\"text-align: justify;\">Marcos Navarro, vecino del sector alto de la ciudad, valor\u00f3 la puesta en marcha de estas jornadas de vacunaci\u00f3n en las poblaciones.\u00a0 \u201cRespecto de esta vacunaci\u00f3n, debo decir que es una buena instancia que se acerquen a las poblaciones que est\u00e9n en todas las partes de Coyhaique, lo que nos permite tener una mayor facilidad para que podamos recibir este beneficio y as\u00ed estar m\u00e1s protegidos\u201d.<\/p>\n<p style=\"text-align: justify;\">Similar opini\u00f3n es la que entreg\u00f3 Marcos Fa\u00fandez, quien acudi\u00f3 a un punto de vacunaci\u00f3n con sus dos hijos peque\u00f1os.\u00a0 \u201cEsto es excelente para nosotros los pap\u00e1s trabajadores, el fin de semana se nos hace super f\u00e1cil traer a los hijos a vacunarse, traje a mis dos hijos porque era el \u00fanico d\u00eda que ten\u00eda libre porque se me hac\u00eda complicado acudir durante la semana a los otros puntos.\u00a0 Ojal\u00e1 se vuelva a repetir este proceso de vacunaci\u00f3n, que todos los fines de semana est\u00e9n en distintos lugares\u201d.<\/p>\n<p style=\"text-align: justify;\">La puesta en marcha y la buena recepci\u00f3n de estas jornadas de vacunaci\u00f3n, se logran a trav\u00e9s del trabajo coordinado entre distintos actores, como ocurre a nivel de las propias juntas de vecinos, lo cual fue destacado por la Seremi de Salud, Carmen Monsalve G\u00f3mez.\u00a0 \u201cQueremos agradecer a los presidentes y presidentas de las JJVV, que nos han permitido acercar las estrategias del Gobierno y del Presidente Boric, de llevar la vacunaci\u00f3n a los barrios, y agradecemos tambi\u00e9n a la comunidad por haber confiado en nosotros. El llamado a la comunidad es a seguir adhiriendo a estas estrategias que vamos a mantener hasta que logremos aumentar nuestras estrategias de vacunaci\u00f3n\u201d.<\/p>\n<p style=\"text-align: justify;\">Durante esta semana, se recuerda a la comunidad que durante esta semana puede acudir al vacunatorio masivo del Gimnasio Municipal de Coyhaique, en horario continuado de 10:15 a 16:00hrs. (lunes a viernes). Mientras que, en los horarios de 17:40 a 20:00hrs., la vacunaci\u00f3n en terreno de los equipos de la Seremi de Salud estar\u00e1 en los siguientes lugares: lunes 23 en UNIMARC Coyhaique; martes 24 en SODIMAC; mi\u00e9rcoles 25 en Sede El Divisadero (Ollagua N\u00ba1401); jueves 26 sede Barrio Seco (Alfonso Serrano N\u00ba560); viernes 27 en sede Achen (Amp. Pablo Neruda) y s\u00e1bado 28 en la Cruz Roja (Feria Las Quintas).<\/p>\n<\/div><\/section><\/div><div  style='height:50px' class='hr hr-invisible   avia-builder-el-6  el_after_av_one_full  el_before_av_social_share '><span class='hr-inner ' ><span class='hr-inner-style'><\/span><\/span><\/div><\/p>\n<div  class='av-social-sharing-box  avia-builder-el-7  el_after_av_hr  el_before_av_hr  '><div class='av-share-box'><h5 class='av-share-link-description av-no-toc '>Compartir esta noticia<\/h5><ul class='av-share-box-list noLightbox'><li class='av-share-link av-social-link-facebook' ><a target=\"_blank\" aria-label=\"Compartir en Facebook\" href='https:\/\/www.facebook.com\/sharer.php?u=https:\/\/radiorevelacionfm.cl\/?p=17042&#038;t=M%C3%A1s%20de%20200%20vecin%40s%20de%20Coyhaique%20lograron%20acceder%20a%20vacunaci%C3%B3n%20contra%20el%20Covid%20e%20Influenza' aria-hidden='false' data-av_icon='\ue8f3' data-av_iconfont='entypo-fontello' title='' data-avia-related-tooltip='Compartir en Facebook' rel=\"noopener\"><span class='avia_hidden_link_text'>Compartir en Facebook<\/span><\/a><\/li><li class='av-share-link av-social-link-twitter' ><a target=\"_blank\" aria-label=\"Compartir en Twitter\" href='https:\/\/twitter.com\/share?text=M%C3%A1s%20de%20200%20vecin%40s%20de%20Coyhaique%20lograron%20acceder%20a%20vacunaci%C3%B3n%20contra%20el%20Covid%20e%20Influenza&#038;url=https:\/\/radiorevelacionfm.cl\/?p=17042' aria-hidden='false' data-av_icon='\ue8f1' data-av_iconfont='entypo-fontello' title='' data-avia-related-tooltip='Compartir en Twitter' rel=\"noopener\"><span class='avia_hidden_link_text'>Compartir en Twitter<\/span><\/a><\/li><li class='av-share-link av-social-link-whatsapp' ><a target=\"_blank\" aria-label=\"Compartir en Whatsapp\" href='https:\/\/api.whatsapp.com\/send?text=https:\/\/radiorevelacionfm.cl\/?p=17042' aria-hidden='false' data-av_icon='\uf232' data-av_iconfont='entypo-fontello' title='' data-avia-related-tooltip='Compartir en Whatsapp' rel=\"noopener\"><span class='avia_hidden_link_text'>Compartir en Whatsapp<\/span><\/a><\/li><li class='av-share-link av-social-link-linkedin' ><a target=\"_blank\" aria-label=\"Compartir en LinkedIn\" href='https:\/\/linkedin.com\/shareArticle?mini=true&#038;title=M%C3%A1s%20de%20200%20vecin%40s%20de%20Coyhaique%20lograron%20acceder%20a%20vacunaci%C3%B3n%20contra%20el%20Covid%20e%20Influenza&#038;url=https:\/\/radiorevelacionfm.cl\/?p=17042' aria-hidden='false' data-av_icon='\ue8fc' data-av_iconfont='entypo-fontello' title='' data-avia-related-tooltip='Compartir en LinkedIn' rel=\"noopener\"><span class='avia_hidden_link_text'>Compartir en LinkedIn<\/span><\/a><\/li><li class='av-share-link av-social-link-mail' ><a  aria-label=\"Compartir por correo\" href='mailto:?subject=M%C3%A1s%20de%20200%20vecin%40s%20de%20Coyhaique%20lograron%20acceder%20a%20vacunaci%C3%B3n%20contra%20el%20Covid%20e%20Influenza&#038;body=https:\/\/radiorevelacionfm.cl\/?p=17042' aria-hidden='false' data-av_icon='\ue805' data-av_iconfont='entypo-fontello' title='' data-avia-related-tooltip='Compartir por correo'><span class='avia_hidden_link_text'>Compartir por correo<\/span><\/a><\/li><\/ul><\/div><\/div>\n<div  style='height:50px' class='hr hr-invisible   avia-builder-el-8  el_after_av_social_share  el_before_av_comments_list '><span class='hr-inner ' ><span class='hr-inner-style'><\/span><\/span><\/div>\n<div  class='av-buildercomment  av-blog-meta-html-info-disabled av-blog-meta-tag-disabled  '><\/div>\n","protected":false},"excerpt":{"rendered":"","protected":false},"author":1,"featured_media":17043,"comment_status":"open","ping_status":"open","sticky":false,"template":"","format":"standard","meta":{"footnotes":""},"categories":[46],"tags":[],"class_list":["post-17042","post","type-post","status-publish","format-standard","has-post-thumbnail","hentry","category-salud"],"jetpack_featured_media_url":"https:\/\/radiorevelacionfm.cl\/wp-content\/uploads\/2022\/05\/vacunacion-menor-1-1.jpeg","_links":{"self":[{"href":"https:\/\/radiorevelacionfm.cl\/index.php?rest_route=\/wp\/v2\/posts\/17042","targetHints":{"allow":["GET"]}}],"collection":[{"href":"https:\/\/radiorevelacionfm.cl\/index.php?rest_route=\/wp\/v2\/posts"}],"about":[{"href":"https:\/\/radiorevelacionfm.cl\/index.php?rest_route=\/wp\/v2\/types\/post"}],"author":[{"embeddable":true,"href":"https:\/\/radiorevelacionfm.cl\/index.php?rest_route=\/wp\/v2\/users\/1"}],"replies":[{"embeddable":true,"href":"https:\/\/radiorevelacionfm.cl\/index.php?rest_route=%2Fwp%2Fv2%2Fcomments&post=17042"}],"version-history":[{"count":2,"href":"https:\/\/radiorevelacionfm.cl\/index.php?rest_route=\/wp\/v2\/posts\/17042\/revisions"}],"predecessor-version":[{"id":17046,"href":"https:\/\/radiorevelacionfm.cl\/index.php?rest_route=\/wp\/v2\/posts\/17042\/revisions\/17046"}],"wp:featuredmedia":[{"embeddable":true,"href":"https:\/\/radiorevelacionfm.cl\/index.php?rest_route=\/wp\/v2\/media\/17043"}],"wp:attachment":[{"href":"https:\/\/radiorevelacionfm.cl\/index.php?rest_route=%2Fwp%2Fv2%2Fmedia&parent=17042"}],"wp:term":[{"taxonomy":"category","embeddable":true,"href":"https:\/\/radiorevelacionfm.cl\/index.php?rest_route=%2Fwp%2Fv2%2Fcategories&post=17042"},{"taxonomy":"post_tag","embeddable":true,"href":"https:\/\/radiorevelacionfm.cl\/index.php?rest_route=%2Fwp%2Fv2%2Ftags&post=17042"}],"curies":[{"name":"wp","href":"https:\/\/api.w.org\/{rel}","templated":true}]}}