{"id":17039,"date":"2022-05-22T21:01:52","date_gmt":"2022-05-23T00:01:52","guid":{"rendered":"https:\/\/radiorevelacionfm.cl\/?p=17039"},"modified":"2022-05-22T21:01:52","modified_gmt":"2022-05-23T00:01:52","slug":"diputado-calisto-y-bancada-dc-solicitan-a-ministra-de-desarrollo-social-que-se-revise-la-metodologia-del-calculo-del-registro-social-de-hogares","status":"publish","type":"post","link":"https:\/\/radiorevelacionfm.cl\/?p=17039","title":{"rendered":"Diputado Calisto y bancada DC solicitan a Ministra de Desarrollo Social que se revise la metodolog\u00eda del c\u00e1lculo del Registro Social de Hogares"},"content":{"rendered":"<div class=\"flex_column av_one_full  flex_column_div av-zero-column-padding first  avia-builder-el-0  el_before_av_one_full  avia-builder-el-first  \" style='border-radius:0px; '><div  class='avia-image-container  av-styling-    avia-builder-el-1  avia-builder-el-no-sibling  avia-align-center '  itemprop=\"image\" itemscope=\"itemscope\" itemtype=\"https:\/\/schema.org\/ImageObject\"  ><div class='avia-image-container-inner'><div class='avia-image-overlay-wrap'><img decoding=\"async\" class='wp-image-4876 avia-img-lazy-loading-not-4876 avia_image' src=\"https:\/\/radiorevelacionfm.cl\/wp-content\/uploads\/2021\/06\/CALISTO-1.1-1.jpg\" alt='' title='CALISTO 1.1 (1)' height=\"662\" width=\"1065\"  itemprop=\"thumbnailUrl\" srcset=\"https:\/\/radiorevelacionfm.cl\/wp-content\/uploads\/2021\/06\/CALISTO-1.1-1.jpg 1065w, https:\/\/radiorevelacionfm.cl\/wp-content\/uploads\/2021\/06\/CALISTO-1.1-1-300x186.jpg 300w, https:\/\/radiorevelacionfm.cl\/wp-content\/uploads\/2021\/06\/CALISTO-1.1-1-1030x640.jpg 1030w, https:\/\/radiorevelacionfm.cl\/wp-content\/uploads\/2021\/06\/CALISTO-1.1-1-768x477.jpg 768w, https:\/\/radiorevelacionfm.cl\/wp-content\/uploads\/2021\/06\/CALISTO-1.1-1-705x438.jpg 705w, https:\/\/radiorevelacionfm.cl\/wp-content\/uploads\/2021\/06\/CALISTO-1.1-1-600x373.jpg 600w\" sizes=\"(max-width: 1065px) 100vw, 1065px\" \/><\/div><\/div><\/div><\/div><div class=\"flex_column av_one_full  flex_column_div av-zero-column-padding first  avia-builder-el-2  el_after_av_one_full  el_before_av_one_full  column-top-margin\" style='border-radius:0px; '><section class=\"av_textblock_section \"  itemscope=\"itemscope\" itemtype=\"https:\/\/schema.org\/BlogPosting\" itemprop=\"blogPost\" ><div class='avia_textblock  '   itemprop=\"text\" ><p style=\"text-align: center;\"><strong><span style=\"font-size: 18pt;\">Diputado Calisto y bancada DC solicitan a Ministra de Desarrollo Social que se revise la metodolog\u00eda del c\u00e1lculo del Registro Social de Hogares<\/span><\/strong><\/p>\n<div id=\"gtx-trans\" style=\"position: absolute; left: -50px; top: 4.31534px;\">\n<div class=\"gtx-trans-icon\"><\/div>\n<\/div>\n<\/div><\/section><\/div><div class=\"flex_column av_one_full  flex_column_div av-zero-column-padding first  avia-builder-el-4  el_after_av_one_full  el_before_av_hr  column-top-margin\" style='border-radius:0px; '><section class=\"av_textblock_section \"  itemscope=\"itemscope\" itemtype=\"https:\/\/schema.org\/BlogPosting\" itemprop=\"blogPost\" ><div class='avia_textblock  '   itemprop=\"text\" ><p style=\"font-weight: 400; text-align: justify;\">El diputado Miguel \u00c1ngel Calisto y la bancada de diputados DC pidieron a la Ministra de Desarrollo Social que se revise la metodolog\u00eda del c\u00e1lculo del Registro Social de Hogares, argumentando que \u201cmuchas familias vulnerables est\u00e1n siendo clasificadas en tramos altos, lo cual les impide recibir los beneficios que entrega el estado\u201d.<\/p>\n<p style=\"font-weight: 400; text-align: justify;\">La solicitud fue encabezada por los diputados Miguel \u00c1ngel Calisto y Ricardo Cifuentes, quienes a trav\u00e9s de oficios de fiscalizaci\u00f3n, pidieron formalmente a la ministra Jeanette Vega esta revisi\u00f3n.<\/p>\n<p style=\"font-weight: 400; text-align: justify;\">El diputado Miguel \u00c1ngel Calisto se\u00f1al\u00f3 que \u201che recibido muchas denuncias de familias de la regi\u00f3n de Ays\u00e9n que aparecen por sobre el 80% del Registro Social de Hogares, a pesar de estar en una situaci\u00f3n econ\u00f3mica compleja, con personas discapacitadas en la casa o incluso madres solteras.\u00a0 Esto no les permite, por ejemplo, recibir el bono le\u00f1a. Eso es lo que buscamos con este oficio, que se revise el mecanismo con el cual se aplica esta ficha\u201d<\/p>\n<p style=\"font-weight: 400; text-align: justify;\">El diputado insisti\u00f3 afirmando que \u201ces muy necesario que se revise la metodolog\u00eda que se est\u00e1 utilizando para determinar el nivel de vulnerabilidad de las familias y establecer en qu\u00e9 tramo quedar\u00e1n ubicadas, porque de ello depende si ellas pueden recibir algunos de los beneficios sociales que entrega el estado\u201d.<\/p>\n<p style=\"font-weight: 400; text-align: justify;\">\u201cSe tiene que poner especial atenci\u00f3n en lo que est\u00e1 ocurriendo con este c\u00e1lculo, pues ello ha afectado muy fuertemente a las familias de mi regi\u00f3n, porque, por ejemplo, nos es posible que haya familias que tienen ni\u00f1os discapacitados que est\u00e9n en el 90 por ciento del Registro Social de Hogares\u201d.<\/p>\n<p style=\"font-weight: 400; text-align: justify;\">Finalmente, el diputado Calisto se\u00f1al\u00f3 que \u201calgo pasa con la ficha de dicho registro, algo pasa en la forma de medici\u00f3n de esta ficha que mide la vulnerabilidad. Claro, mide ingresos, pero no mide los gastos. Por lo tanto, le pedimos a la ministra de Desarrollo Social y Familia que ponga especial atenci\u00f3n en la revisi\u00f3n de este instrumento de medici\u00f3n de la pobreza en Chile\u201d.<\/p>\n<\/div><\/section><\/div><div  style='height:50px' class='hr hr-invisible   avia-builder-el-6  el_after_av_one_full  el_before_av_social_share '><span class='hr-inner ' ><span class='hr-inner-style'><\/span><\/span><\/div><\/p>\n<div  class='av-social-sharing-box  avia-builder-el-7  el_after_av_hr  el_before_av_hr  '><div class='av-share-box'><h5 class='av-share-link-description av-no-toc '>Compartir esta noticia<\/h5><ul class='av-share-box-list noLightbox'><li class='av-share-link av-social-link-facebook' ><a target=\"_blank\" aria-label=\"Compartir en Facebook\" href='https:\/\/www.facebook.com\/sharer.php?u=https:\/\/radiorevelacionfm.cl\/?p=17039&#038;t=Diputado%20Calisto%20y%20bancada%20DC%20solicitan%20a%20Ministra%20de%20Desarrollo%20Social%20que%20se%20revise%20la%20metodolog%C3%ADa%20del%20c%C3%A1lculo%20del%20Registro%20Social%20de%20Hogares' aria-hidden='false' data-av_icon='\ue8f3' data-av_iconfont='entypo-fontello' title='' data-avia-related-tooltip='Compartir en Facebook' rel=\"noopener\"><span class='avia_hidden_link_text'>Compartir en Facebook<\/span><\/a><\/li><li class='av-share-link av-social-link-twitter' ><a target=\"_blank\" aria-label=\"Compartir en Twitter\" href='https:\/\/twitter.com\/share?text=Diputado%20Calisto%20y%20bancada%20DC%20solicitan%20a%20Ministra%20de%20Desarrollo%20Social%20que%20se%20revise%20la%20metodolog%C3%ADa%20del%20c%C3%A1lculo%20del%20Registro%20Social%20de%20Hogares&#038;url=https:\/\/radiorevelacionfm.cl\/?p=17039' aria-hidden='false' data-av_icon='\ue8f1' data-av_iconfont='entypo-fontello' title='' data-avia-related-tooltip='Compartir en Twitter' rel=\"noopener\"><span class='avia_hidden_link_text'>Compartir en Twitter<\/span><\/a><\/li><li class='av-share-link av-social-link-whatsapp' ><a target=\"_blank\" aria-label=\"Compartir en Whatsapp\" href='https:\/\/api.whatsapp.com\/send?text=https:\/\/radiorevelacionfm.cl\/?p=17039' aria-hidden='false' data-av_icon='\uf232' data-av_iconfont='entypo-fontello' title='' data-avia-related-tooltip='Compartir en Whatsapp' rel=\"noopener\"><span class='avia_hidden_link_text'>Compartir en Whatsapp<\/span><\/a><\/li><li class='av-share-link av-social-link-linkedin' ><a target=\"_blank\" aria-label=\"Compartir en LinkedIn\" href='https:\/\/linkedin.com\/shareArticle?mini=true&#038;title=Diputado%20Calisto%20y%20bancada%20DC%20solicitan%20a%20Ministra%20de%20Desarrollo%20Social%20que%20se%20revise%20la%20metodolog%C3%ADa%20del%20c%C3%A1lculo%20del%20Registro%20Social%20de%20Hogares&#038;url=https:\/\/radiorevelacionfm.cl\/?p=17039' aria-hidden='false' data-av_icon='\ue8fc' data-av_iconfont='entypo-fontello' title='' data-avia-related-tooltip='Compartir en LinkedIn' rel=\"noopener\"><span class='avia_hidden_link_text'>Compartir en LinkedIn<\/span><\/a><\/li><li class='av-share-link av-social-link-mail' ><a  aria-label=\"Compartir por correo\" href='mailto:?subject=Diputado%20Calisto%20y%20bancada%20DC%20solicitan%20a%20Ministra%20de%20Desarrollo%20Social%20que%20se%20revise%20la%20metodolog%C3%ADa%20del%20c%C3%A1lculo%20del%20Registro%20Social%20de%20Hogares&#038;body=https:\/\/radiorevelacionfm.cl\/?p=17039' aria-hidden='false' data-av_icon='\ue805' data-av_iconfont='entypo-fontello' title='' data-avia-related-tooltip='Compartir por correo'><span class='avia_hidden_link_text'>Compartir por correo<\/span><\/a><\/li><\/ul><\/div><\/div>\n<div  style='height:50px' class='hr hr-invisible   avia-builder-el-8  el_after_av_social_share  el_before_av_comments_list '><span class='hr-inner ' ><span class='hr-inner-style'><\/span><\/span><\/div>\n<div  class='av-buildercomment  av-blog-meta-html-info-disabled av-blog-meta-tag-disabled  '><\/div>\n","protected":false},"excerpt":{"rendered":"","protected":false},"author":1,"featured_media":4876,"comment_status":"open","ping_status":"open","sticky":false,"template":"","format":"standard","meta":{"footnotes":""},"categories":[35],"tags":[],"class_list":["post-17039","post","type-post","status-publish","format-standard","has-post-thumbnail","hentry","category-politica"],"jetpack_featured_media_url":"https:\/\/radiorevelacionfm.cl\/wp-content\/uploads\/2021\/06\/CALISTO-1.1-1.jpg","_links":{"self":[{"href":"https:\/\/radiorevelacionfm.cl\/index.php?rest_route=\/wp\/v2\/posts\/17039","targetHints":{"allow":["GET"]}}],"collection":[{"href":"https:\/\/radiorevelacionfm.cl\/index.php?rest_route=\/wp\/v2\/posts"}],"about":[{"href":"https:\/\/radiorevelacionfm.cl\/index.php?rest_route=\/wp\/v2\/types\/post"}],"author":[{"embeddable":true,"href":"https:\/\/radiorevelacionfm.cl\/index.php?rest_route=\/wp\/v2\/users\/1"}],"replies":[{"embeddable":true,"href":"https:\/\/radiorevelacionfm.cl\/index.php?rest_route=%2Fwp%2Fv2%2Fcomments&post=17039"}],"version-history":[{"count":2,"href":"https:\/\/radiorevelacionfm.cl\/index.php?rest_route=\/wp\/v2\/posts\/17039\/revisions"}],"predecessor-version":[{"id":17041,"href":"https:\/\/radiorevelacionfm.cl\/index.php?rest_route=\/wp\/v2\/posts\/17039\/revisions\/17041"}],"wp:featuredmedia":[{"embeddable":true,"href":"https:\/\/radiorevelacionfm.cl\/index.php?rest_route=\/wp\/v2\/media\/4876"}],"wp:attachment":[{"href":"https:\/\/radiorevelacionfm.cl\/index.php?rest_route=%2Fwp%2Fv2%2Fmedia&parent=17039"}],"wp:term":[{"taxonomy":"category","embeddable":true,"href":"https:\/\/radiorevelacionfm.cl\/index.php?rest_route=%2Fwp%2Fv2%2Fcategories&post=17039"},{"taxonomy":"post_tag","embeddable":true,"href":"https:\/\/radiorevelacionfm.cl\/index.php?rest_route=%2Fwp%2Fv2%2Ftags&post=17039"}],"curies":[{"name":"wp","href":"https:\/\/api.w.org\/{rel}","templated":true}]}}