{"id":17027,"date":"2022-05-20T15:05:55","date_gmt":"2022-05-20T18:05:55","guid":{"rendered":"https:\/\/radiorevelacionfm.cl\/?p=17027"},"modified":"2022-05-23T10:34:39","modified_gmt":"2022-05-23T13:34:39","slug":"festival-de-cine-ojo-de-pescado-lanza-imagen-oficial-de-su-11o-edicion-y-anuncia-clases-magistrales-para-educadores","status":"publish","type":"post","link":"https:\/\/radiorevelacionfm.cl\/?p=17027","title":{"rendered":"Festival de Cine Ojo de Pescado lanza imagen oficial de su 11\u00ba edici\u00f3n y anuncia clases magistrales para educadores"},"content":{"rendered":"<div class=\"flex_column av_one_full  flex_column_div av-zero-column-padding first  avia-builder-el-0  el_before_av_one_full  avia-builder-el-first  \" style='border-radius:0px; '><div  class='avia-image-container  av-styling-    avia-builder-el-1  avia-builder-el-no-sibling  avia-align-center '  itemprop=\"image\" itemscope=\"itemscope\" itemtype=\"https:\/\/schema.org\/ImageObject\"  ><div class='avia-image-container-inner'><div class='avia-image-overlay-wrap'><img decoding=\"async\" class='wp-image-17028 avia-img-lazy-loading-not-17028 avia_image' src=\"https:\/\/radiorevelacionfm.cl\/wp-content\/uploads\/2022\/05\/Afiche-Ojo-de-Pescado-1-1.jpg\" alt='' title='Afiche Ojo de Pescado (1) (1)' height=\"600\" width=\"396\"  itemprop=\"thumbnailUrl\" srcset=\"https:\/\/radiorevelacionfm.cl\/wp-content\/uploads\/2022\/05\/Afiche-Ojo-de-Pescado-1-1.jpg 396w, https:\/\/radiorevelacionfm.cl\/wp-content\/uploads\/2022\/05\/Afiche-Ojo-de-Pescado-1-1-198x300.jpg 198w\" sizes=\"(max-width: 396px) 100vw, 396px\" \/><\/div><\/div><\/div><\/div><div class=\"flex_column av_one_full  flex_column_div av-zero-column-padding first  avia-builder-el-2  el_after_av_one_full  el_before_av_one_full  column-top-margin\" style='border-radius:0px; '><section class=\"av_textblock_section \"  itemscope=\"itemscope\" itemtype=\"https:\/\/schema.org\/BlogPosting\" itemprop=\"blogPost\" ><div class='avia_textblock  '   itemprop=\"text\" ><p style=\"text-align: center;\"><span style=\"font-size: 18pt;\"><strong>Festival de Cine Ojo de Pescado lanza imagen oficial de su 11\u00ba edici\u00f3n y anuncia clases magistrales para educadores <\/strong><\/span><\/p>\n<div id=\"gtx-trans\" style=\"position: absolute; left: -50px; top: 4.31534px;\">\n<div class=\"gtx-trans-icon\"><\/div>\n<\/div>\n<\/div><\/section><\/div><div class=\"flex_column av_one_full  flex_column_div av-zero-column-padding first  avia-builder-el-4  el_after_av_one_full  el_before_av_hr  column-top-margin\" style='border-radius:0px; '><section class=\"av_textblock_section \"  itemscope=\"itemscope\" itemtype=\"https:\/\/schema.org\/BlogPosting\" itemprop=\"blogPost\" ><div class='avia_textblock  '   itemprop=\"text\" ><p style=\"text-align: justify;\">Con el prop\u00f3sito de representar de manera fiel los objetivos y focos de esta edici\u00f3n, el <strong>11\u00ba Festival Internacional de Cine para Ni\u00f1os, Ni\u00f1as y J\u00f3venes Ojo de Pescado<\/strong> \u2014proyecto financiado por el Fondo de Fomento Audiovisual Convocatoria 2022 del Ministerio de las Culturas, las Artes y el Patrimonio\u2014 realiza el lanzamiento oficial de su imagen 2022.<\/p>\n<p style=\"text-align: justify;\">Este a\u00f1o, el Festival se realizar\u00e1 <strong><em>desde el 26 de agosto al 2 de septiembre<\/em><\/strong> de manera presencial en las regiones de Valpara\u00edso (Valpara\u00edso, Villa Alemana, La Ligua y San Antonio), Los Lagos (Puerto Montt) y Tarapac\u00e1 (Alto Hospicio y Pica), y virtual para todo Chile. Adem\u00e1s, <strong>desde el mes de junio<\/strong> se realizar\u00e1n exhibiciones de destacadas pel\u00edculas nacionales e internacionales, tanto en salas como a trav\u00e9s de una plataforma de visualizaci\u00f3n digital.<\/p>\n<p style=\"text-align: justify;\">A ello se suman actividades complementarias como talleres y cursos. Destaca la pr\u00f3xima realizaci\u00f3n de siete clases magistrales enmarcadas en el 4\u00aa Seminario Internacional \u201cLa Infancia quiere cine\u201d, que este a\u00f1o ha puesto el foco en la denominada Metodolog\u00eda de Aprendizaje Basado en Proyectos.<\/p>\n<p style=\"text-align: justify;\"><strong><u>Imagen 2022<\/u><\/strong><\/p>\n<p style=\"text-align: justify;\">Dise\u00f1ada por la destacada ilustradora chilena <a href=\"https:\/\/www.soldiaz.com\/\"><strong>Sol D\u00edaz<\/strong><\/a>, autora de diversos libros de humor gr\u00e1fico como la serie <em>Bicharracas y \u00bfC\u00f3mo ser una mujer elegante?\u201d, <\/em>la imagen 2022 del Festival reinventa la identidad de Ojo de Pescado y celebra las distintas representaciones de ni\u00f1os, ni\u00f1as y j\u00f3venes en el cine nacional y mundial.<\/p>\n<p style=\"text-align: justify;\">De este modo, el dibujo \u2014en el que abundan alusiones a la naturaleza y el territorio\u2014, pone el acento en los tres focos de esta edici\u00f3n: Las ni\u00f1as en el centro, Ni\u00f1ez en el cine chileno e Infancia y pueblos originarios.<\/p>\n<p style=\"text-align: justify;\">\u201cEl reencuentro con los ni\u00f1os y ni\u00f1as de Valpara\u00edso y de Chile en esta 11\u00b0 edici\u00f3n ameritaba vestirse con una imagen renovada, desaf\u00edo en el que nos acompa\u00f1\u00f3 la gran ilustradora chilena y amiga de Ojo de Pescado, Sol D\u00edaz, quien nos invita a rever este Festival desde la mirada de las ni\u00f1eces, que han crecido junto a nosotros y las nuevas generaciones que hoy nos van a empezar a conocer, con una propuesta que pone en valor la identidad, autonom\u00eda, ejercicio de la ciudadan\u00eda y libertad de expresi\u00f3n de las infancias, esperando que ni\u00f1os, ni\u00f1as y adolescentes se sientan convocados con esta nueva imagen\u201d, asegur\u00f3 <strong>Alejandra Fritis Zapata, directora de la Corporaci\u00f3n Cultural Ojo de Pescado. <\/strong><\/p>\n<p style=\"text-align: justify;\">Por su parte, <strong>Sol D\u00edaz<\/strong> explic\u00f3 que \u201cdise\u00f1ar la imagen del Festival para este a\u00f1o fue un desaf\u00edo muy lindo. Primero, porque la premisa de poner a las ni\u00f1as como protagonistas, a los pueblos originarios como eje y resaltar la naturaleza y los territorios es el reflejo de nuestros tiempos y de los cambios que estamos viviendo, y me parece muy lindo poner eso en im\u00e1genes, que construyen un nuevo mundo y una nueva mirada para los y las ni\u00f1as\u201d.<\/p>\n<p style=\"text-align: justify;\">La dibujante y dise\u00f1adora gr\u00e1fica de la Universidad de Chile tambi\u00e9n destac\u00f3 la trayectoria del Festival: \u201clleva mucho tiempo siendo un espacio importante para las infancias, para valorar sus miradas, sus expresiones e intereses. Es un espacio al que le tengo mucho cari\u00f1o, en el que he podido participar en ediciones anteriores a trav\u00e9s de talleres y otras instancias, por lo que es un gran honor aportar con los dibujos para hablarles a las infancias y, a trav\u00e9s de ellas, pensar en un ma\u00f1ana m\u00e1s amable, generoso y consciente. Y qu\u00e9 mejor manera que hacerlo a trav\u00e9s del arte, el cine y la creaci\u00f3n<\/p>\n<p style=\"text-align: justify;\"><strong><u>Clases magistrales<\/u><\/strong><\/p>\n<p style=\"text-align: justify;\">Desde el pr\u00f3ximo lunes 23 de mayo tambi\u00e9n se realizar\u00e1n, de manera virtual, una serie de siete clases magistrales dirigidas a educadores y educadoras, enmarcadas en la cuarta edici\u00f3n del Seminario \u201cLa Infancia Quiere Cine\u201d.<\/p>\n<p style=\"text-align: justify;\">Cada clase ser\u00e1 transmitida a trav\u00e9s del Facebook Live <a href=\"https:\/\/www.facebook.com\/festivalojodepescado\">@Festival Ojo de Pescado<\/a> y contar\u00e1 con la participaci\u00f3n de reconocidas y reconocidos expertos de Chile y el mundo, como Manuel Calcagni Rojas, Roberto Varas, Carolina Adriazola, Yaneth Gallego Betancur, Eduardo \u201cKoko\u201d Elli, Ver\u00f3nica Pastorino, Elke Franke, entre otros, quienes abordar\u00e1n tem\u00e1ticas relacionados a cine, educaci\u00f3n y ni\u00f1ez.<\/p>\n<p style=\"text-align: justify;\">Para mayor informaci\u00f3n sobre las clases magistrales, deben escribir al correo <a href=\"mailto:comunicaciones@ojodepescado.cl\">comunicaciones@ojodepescado.cl<\/a> o seguir las redes sociales Instagram <a href=\"https:\/\/www.instagram.com\/festivalojodepescado\/\">@Festivalojodepescado<\/a>, Twitter <a href=\"https:\/\/twitter.com\/ojopescado\">@ojopescado<\/a> y Facebook <a href=\"https:\/\/www.facebook.com\/festivalojodepescado\">@Festival Ojo de Pescado.<\/a><\/p>\n<\/div><\/section><\/div><div  style='height:50px' class='hr hr-invisible   avia-builder-el-6  el_after_av_one_full  el_before_av_social_share '><span class='hr-inner ' ><span class='hr-inner-style'><\/span><\/span><\/div><\/p>\n<div  class='av-social-sharing-box  avia-builder-el-7  el_after_av_hr  el_before_av_hr  '><div class='av-share-box'><h5 class='av-share-link-description av-no-toc '>Compartir esta noticia<\/h5><ul class='av-share-box-list noLightbox'><li class='av-share-link av-social-link-facebook' ><a target=\"_blank\" aria-label=\"Compartir en Facebook\" href='https:\/\/www.facebook.com\/sharer.php?u=https:\/\/radiorevelacionfm.cl\/?p=17027&#038;t=Festival%20de%20Cine%20Ojo%20de%20Pescado%20lanza%20imagen%20oficial%20de%20su%2011%C2%BA%20edici%C3%B3n%20y%20anuncia%20clases%20magistrales%20para%20educadores' aria-hidden='false' data-av_icon='\ue8f3' data-av_iconfont='entypo-fontello' title='' data-avia-related-tooltip='Compartir en Facebook' rel=\"noopener\"><span class='avia_hidden_link_text'>Compartir en Facebook<\/span><\/a><\/li><li class='av-share-link av-social-link-twitter' ><a target=\"_blank\" aria-label=\"Compartir en Twitter\" href='https:\/\/twitter.com\/share?text=Festival%20de%20Cine%20Ojo%20de%20Pescado%20lanza%20imagen%20oficial%20de%20su%2011%C2%BA%20edici%C3%B3n%20y%20anuncia%20clases%20magistrales%20para%20educadores&#038;url=https:\/\/radiorevelacionfm.cl\/?p=17027' aria-hidden='false' data-av_icon='\ue8f1' data-av_iconfont='entypo-fontello' title='' data-avia-related-tooltip='Compartir en Twitter' rel=\"noopener\"><span class='avia_hidden_link_text'>Compartir en Twitter<\/span><\/a><\/li><li class='av-share-link av-social-link-whatsapp' ><a target=\"_blank\" aria-label=\"Compartir en Whatsapp\" href='https:\/\/api.whatsapp.com\/send?text=https:\/\/radiorevelacionfm.cl\/?p=17027' aria-hidden='false' data-av_icon='\uf232' data-av_iconfont='entypo-fontello' title='' data-avia-related-tooltip='Compartir en Whatsapp' rel=\"noopener\"><span class='avia_hidden_link_text'>Compartir en Whatsapp<\/span><\/a><\/li><li class='av-share-link av-social-link-linkedin' ><a target=\"_blank\" aria-label=\"Compartir en LinkedIn\" href='https:\/\/linkedin.com\/shareArticle?mini=true&#038;title=Festival%20de%20Cine%20Ojo%20de%20Pescado%20lanza%20imagen%20oficial%20de%20su%2011%C2%BA%20edici%C3%B3n%20y%20anuncia%20clases%20magistrales%20para%20educadores&#038;url=https:\/\/radiorevelacionfm.cl\/?p=17027' aria-hidden='false' data-av_icon='\ue8fc' data-av_iconfont='entypo-fontello' title='' data-avia-related-tooltip='Compartir en LinkedIn' rel=\"noopener\"><span class='avia_hidden_link_text'>Compartir en LinkedIn<\/span><\/a><\/li><li class='av-share-link av-social-link-mail' ><a  aria-label=\"Compartir por correo\" href='mailto:?subject=Festival%20de%20Cine%20Ojo%20de%20Pescado%20lanza%20imagen%20oficial%20de%20su%2011%C2%BA%20edici%C3%B3n%20y%20anuncia%20clases%20magistrales%20para%20educadores&#038;body=https:\/\/radiorevelacionfm.cl\/?p=17027' aria-hidden='false' data-av_icon='\ue805' data-av_iconfont='entypo-fontello' title='' data-avia-related-tooltip='Compartir por correo'><span class='avia_hidden_link_text'>Compartir por correo<\/span><\/a><\/li><\/ul><\/div><\/div>\n<div  style='height:50px' class='hr hr-invisible   avia-builder-el-8  el_after_av_social_share  el_before_av_comments_list '><span class='hr-inner ' ><span class='hr-inner-style'><\/span><\/span><\/div>\n<div  class='av-buildercomment  av-blog-meta-html-info-disabled av-blog-meta-tag-disabled  '><\/div>\n","protected":false},"excerpt":{"rendered":"","protected":false},"author":1,"featured_media":17075,"comment_status":"open","ping_status":"open","sticky":false,"template":"","format":"standard","meta":{"footnotes":""},"categories":[52,65],"tags":[],"class_list":["post-17027","post","type-post","status-publish","format-standard","has-post-thumbnail","hentry","category-cultura","category-ninez-y-adolescencia"],"jetpack_featured_media_url":"https:\/\/radiorevelacionfm.cl\/wp-content\/uploads\/2022\/05\/afiche-ojo-de-pescado-1_optimized.jpg","_links":{"self":[{"href":"https:\/\/radiorevelacionfm.cl\/index.php?rest_route=\/wp\/v2\/posts\/17027","targetHints":{"allow":["GET"]}}],"collection":[{"href":"https:\/\/radiorevelacionfm.cl\/index.php?rest_route=\/wp\/v2\/posts"}],"about":[{"href":"https:\/\/radiorevelacionfm.cl\/index.php?rest_route=\/wp\/v2\/types\/post"}],"author":[{"embeddable":true,"href":"https:\/\/radiorevelacionfm.cl\/index.php?rest_route=\/wp\/v2\/users\/1"}],"replies":[{"embeddable":true,"href":"https:\/\/radiorevelacionfm.cl\/index.php?rest_route=%2Fwp%2Fv2%2Fcomments&post=17027"}],"version-history":[{"count":2,"href":"https:\/\/radiorevelacionfm.cl\/index.php?rest_route=\/wp\/v2\/posts\/17027\/revisions"}],"predecessor-version":[{"id":17074,"href":"https:\/\/radiorevelacionfm.cl\/index.php?rest_route=\/wp\/v2\/posts\/17027\/revisions\/17074"}],"wp:featuredmedia":[{"embeddable":true,"href":"https:\/\/radiorevelacionfm.cl\/index.php?rest_route=\/wp\/v2\/media\/17075"}],"wp:attachment":[{"href":"https:\/\/radiorevelacionfm.cl\/index.php?rest_route=%2Fwp%2Fv2%2Fmedia&parent=17027"}],"wp:term":[{"taxonomy":"category","embeddable":true,"href":"https:\/\/radiorevelacionfm.cl\/index.php?rest_route=%2Fwp%2Fv2%2Fcategories&post=17027"},{"taxonomy":"post_tag","embeddable":true,"href":"https:\/\/radiorevelacionfm.cl\/index.php?rest_route=%2Fwp%2Fv2%2Ftags&post=17027"}],"curies":[{"name":"wp","href":"https:\/\/api.w.org\/{rel}","templated":true}]}}