{"id":17022,"date":"2022-05-20T11:24:57","date_gmt":"2022-05-20T14:24:57","guid":{"rendered":"https:\/\/radiorevelacionfm.cl\/?p=17022"},"modified":"2022-05-20T11:24:57","modified_gmt":"2022-05-20T14:24:57","slug":"equipo-territorial-dep-difunde-instalacion-del-servicio-local-de-educacion-publica-slep-aysen","status":"publish","type":"post","link":"https:\/\/radiorevelacionfm.cl\/?p=17022","title":{"rendered":"Equipo Territorial DEP difunde instalaci\u00f3n del Servicio Local de Educaci\u00f3n P\u00fablica SLEP Ays\u00e9n"},"content":{"rendered":"<div class=\"flex_column av_one_full  flex_column_div av-zero-column-padding first  avia-builder-el-0  el_before_av_one_full  avia-builder-el-first  \" style='border-radius:0px; '><div  class='avia-image-container  av-styling-    avia-builder-el-1  avia-builder-el-no-sibling  avia-align-center '  itemprop=\"image\" itemscope=\"itemscope\" itemtype=\"https:\/\/schema.org\/ImageObject\"  ><div class='avia-image-container-inner'><div class='avia-image-overlay-wrap'><img decoding=\"async\" class='wp-image-17023 avia-img-lazy-loading-not-17023 avia_image' src=\"https:\/\/radiorevelacionfm.cl\/wp-content\/uploads\/2022\/05\/img_0848-1_optimized.jpg\" alt='' title='img_0848-(1)_optimized' height=\"600\" width=\"900\"  itemprop=\"thumbnailUrl\" srcset=\"https:\/\/radiorevelacionfm.cl\/wp-content\/uploads\/2022\/05\/img_0848-1_optimized.jpg 900w, https:\/\/radiorevelacionfm.cl\/wp-content\/uploads\/2022\/05\/img_0848-1_optimized-300x200.jpg 300w, https:\/\/radiorevelacionfm.cl\/wp-content\/uploads\/2022\/05\/img_0848-1_optimized-768x512.jpg 768w, https:\/\/radiorevelacionfm.cl\/wp-content\/uploads\/2022\/05\/img_0848-1_optimized-705x470.jpg 705w, https:\/\/radiorevelacionfm.cl\/wp-content\/uploads\/2022\/05\/img_0848-1_optimized-600x400.jpg 600w\" sizes=\"(max-width: 900px) 100vw, 900px\" \/><\/div><\/div><\/div><\/div><div class=\"flex_column av_one_full  flex_column_div av-zero-column-padding first  avia-builder-el-2  el_after_av_one_full  el_before_av_one_full  column-top-margin\" style='border-radius:0px; '><section class=\"av_textblock_section \"  itemscope=\"itemscope\" itemtype=\"https:\/\/schema.org\/BlogPosting\" itemprop=\"blogPost\" ><div class='avia_textblock  '   itemprop=\"text\" ><p style=\"text-align: center;\"><strong><span style=\"font-size: 18pt;\">Equipo Territorial DEP difunde instalaci\u00f3n del Servicio Local de Educaci\u00f3n P\u00fablica SLEP Ays\u00e9n <\/span><\/strong><\/p>\n<div id=\"gtx-trans\" style=\"position: absolute; left: -50px; top: 4.31534px;\">\n<div class=\"gtx-trans-icon\"><\/div>\n<\/div>\n<\/div><\/section><\/div><div class=\"flex_column av_one_full  flex_column_div av-zero-column-padding first  avia-builder-el-4  el_after_av_one_full  el_before_av_hr  column-top-margin\" style='border-radius:0px; '><section class=\"av_textblock_section \"  itemscope=\"itemscope\" itemtype=\"https:\/\/schema.org\/BlogPosting\" itemprop=\"blogPost\" ><div class='avia_textblock  '   itemprop=\"text\" ><p class=\"v1MsoNormal\" style=\"text-align: justify;\">En noviembre del 2017,\u00a0la Ley 21.040\u00a0cre\u00f3 una nueva institucionalidad para la\u00a0Educaci\u00f3n P\u00fablica en Chile, donde se traspasan los establecimientos educacionales, jardines infantiles VTF, escuelas y liceos de 345 municipios a\u00a070 Servicios Locales\u00a0de Educaci\u00f3n P\u00fablica.<\/p>\n<p class=\"v1MsoNormal\" style=\"text-align: justify;\">Los Servicios Locales de Educaci\u00f3n P\u00fablica ser\u00e1n los sostenedores educacionales que velar\u00e1n por entregar una\u00a0educaci\u00f3n integral, de calidad y con pertinencia local, centrado en los aprendizajes para el siglo XXI, que entregue oportunidades a todos los ni\u00f1os, ni\u00f1as y j\u00f3venes en el pa\u00eds para desarrollarse.<\/p>\n<p class=\"v1MsoNormal\" style=\"text-align: justify;\">El objetivo del nuevo Sistema es\u00a0proveer\u00a0una educaci\u00f3n p\u00fablica, gratuita y de calidad, laica, esto es, respetuosa de toda expresi\u00f3n religiosa, y pluralista, que promueva la inclusi\u00f3n social y cultural, la equidad, la tolerancia, el respeto a la diversidad y la libertad, considerando las particularidades locales y regionales en todo el territorio nacional. Establece horizontes de desarrollo y proyecci\u00f3n a largo plazo en materia de educaci\u00f3n, mediante instrumentos como la Estrategia Nacional de Educaci\u00f3n P\u00fablica. Aumenta la rendici\u00f3n de cuentas y definici\u00f3n de responsabilidades frente a los resultados pedag\u00f3gicos de los distintos niveles educativos. Fortalece y equipara las capacidades y recursos para administrar establecimientos educacionales.<\/p>\n<p class=\"v1MsoNormal\" style=\"text-align: justify;\">El Servicio Local de Educaci\u00f3n P\u00fablica SLEP Ays\u00e9n inicia su funcionamiento el 01 de Enero de 2023. Actualmente se encuentra en desarrollo el proceso de instalaci\u00f3n.<\/p>\n<p class=\"v1MsoNormal\" style=\"text-align: justify;\">En ese contexto y, con una exposici\u00f3n a las y los funcionarios de la <span lang=\"ES\"><a href=\"https:\/\/www.facebook.com\/seremieducacionaysen?__cft__%5b0%5d=AZWZzbpWabI2Pz4-D8nYYCHxhGkdpytsOWC7ijoiMiYfO1N03jr8TJojP8TQkSqgkoVB2ZgCYqOUgltKWWy2W-cx9RKQD4I0isrZWprY46S6rVYX5F-CPP9IX714nZgO9RCkUwm61OOTCAh-QrsSxpmo&amp;__tn__=-%5dK-R\" target=\"_blank\" rel=\"noopener noreferrer\"><span lang=\"ES-CL\">Seremi Educaci\u00f3n Ays\u00e9n<\/span><\/a><\/span>, Departamento Provincial de Educaci\u00f3n Coyhaique, la\u00a0Superintendencia de Educaci\u00f3n Escolar, la Agencia de Calidad de la Educaci\u00f3n y Junaeb el equipo de la Direcci\u00f3n de Educaci\u00f3n P\u00fablica (DEP) inici\u00f3 en Coyhaique dos jornadas informativas cuyo objetivo fue actualizaci\u00f3n el avance del proceso de instalaci\u00f3n del Servicio Local de Educaci\u00f3n P\u00fablica SLEP Ays\u00e9n.<\/p>\n<p class=\"v1MsoNormal\" style=\"text-align: justify;\">El equipo DEP est\u00e1 integrado por Jeannette Allende, Coordinadora del Subdepartamento de Gesti\u00f3n Territorial\u00a0 de la Divisi\u00f3n de Implementaci\u00f3n de Servicios Locales de Educaci\u00f3n,\u00a0\u00a0<a name=\"_Hlk103868485\"><\/a>Alexis Moreira, Jefe\u00a0 de la Divisi\u00f3n Desarrollo Educativo, Israel Ferreira, Profesional del Subdepartamento de Acompa\u00f1amiento y Mejora Continua y Loreto Araya, Abogada Territorial de la Divisi\u00f3n de Implementaci\u00f3n de los SLEP.<\/p>\n<p class=\"v1MsoNormal\" style=\"text-align: justify;\"><span lang=\"ES\">En su primer d\u00eda los profesionales sostuvieron sendos encuentros con directivos de escuelas y liceos municipales y funcionarios del Departamento de Educaci\u00f3n Municipal de Coyhaique. En el segunda jornada se trasladaron a Puerto Ays\u00e9n donde se reunieron con directores de establecimientos educacionales y funcionarios de educaci\u00f3n de la municipalidad porte\u00f1a.<\/span><\/p>\n<p class=\"v1MsoNormal\" style=\"text-align: justify;\"><span lang=\"ES\">\u00a0<\/span><span lang=\"ES\">Sobre el avance de este importante proceso, Jeannette Allende destac\u00f3: \u201cEl objetivo de esta visita es indicarle nuestras contrapartes del territorio el avance del proceso de instalaci\u00f3n del Servicio Local de Educaci\u00f3n P\u00fablica SLEP. Hemos cumplido con los tres grandes hitos que mandata la ley. Uno de ellos es constituir el Comit\u00e9 Ejecutivo para poder hacer el concurso por alta direcci\u00f3n p\u00fablica del Director Ejecutivo, el que ya est\u00e1 nombrado. El segundo hito fue entregar de manera completa y correcta el Decreto Alcaldicio y este a\u00f1o corresponde hacer una actualizaci\u00f3n de la informaci\u00f3n. El tercer hito fue constituir las comisiones t\u00e9cnicas en las diez comunas del territorio las que revisar\u00e1n las n\u00f3minas de personas que va a ser traspasadas desde los establecimientos educacionales velando por que la informaci\u00f3n sea completa y correcta y eso se ha cumplido tambi\u00e9n. Tambi\u00e9n hemos informado a las contrapartes en las comunas, particularmente los directores de establecimientos de Ays\u00e9n y Coyhaique sobre los procesos que vienen este a\u00f1o y comentarles a los funcionarios de los DEM que opciones tienen ellos de formar parte del SLEP Ays\u00e9n\u201d.<\/span><\/p>\n<p class=\"v1MsoNormal\" style=\"text-align: justify;\"><span lang=\"ES\">\u00a0<\/span><span lang=\"ES\">Jeannette Allende tambi\u00e9n se refiri\u00f3 al cronograma del proceso, se\u00f1alando que a la fecha este sigue su curso en la regi\u00f3n<\/span><\/p>\n<p class=\"v1MsoNormal\" style=\"text-align: justify;\"><span lang=\"ES\">\u00a0<\/span><span lang=\"ES\">\u201cExisten algunas iniciativas que se han levantado para evaluar el proceso de instalaci\u00f3n de los primeros SLEP y detectar los puntos a mejorar, lo que puede terminar en algunas mejoras tales como extender plazos o cambiar la distribuci\u00f3n de los SLEP que vienen. No se ha indicado que se aplaza el traspaso. Responsablemente debemos decir que el proceso de implementaci\u00f3n sigue seg\u00fan el plan trazado, mientras no se nos indique lo contrario. De haber alg\u00fan cambio, no ser\u00e1 tan r\u00e1pido porque es un proceso que requiere varios procedimientos. y\u00a0 en caso de haber cambios, ser\u00e1 comunicado a la brevedad. Por lo pronto, seguimos avanzando\u201d.<\/span><\/p>\n<p class=\"v1MsoNormal\" style=\"text-align: justify;\"><span lang=\"ES\">Por su parte,\u00a0<\/span>Alexis Moreira, Alexis Moreira Arenas, jefe de Divisi\u00f3n de Desarrollo Educativo, Direcci\u00f3n de Educaci\u00f3n P\u00fablica coment\u00f3.<\/p>\n<p class=\"v1MsoNormal\" style=\"text-align: justify;\">\u201cEl trabajo que estamos haciendo se enmarca en el fortalecimiento de la entrega del apoyo t\u00e9cnico pedag\u00f3gico por parte del Servicio Local, con foco en el desarrollo de capacidades y la vinculaci\u00f3n con la pol\u00edtica ministerial \u00abSeamos Comunidad\u00bb. La idea es impactar de mejor manera en el prop\u00f3sito de la educaci\u00f3n p\u00fablica; la formaci\u00f3n integral de las y los estudiantes\u00bb<\/p>\n<p class=\"v1MsoNormal\" style=\"text-align: justify;\">La Seremi de Educaci\u00f3n de Ays\u00e9n Isabel Garrido Casassa acompa\u00f1\u00f3 al equipo de la DEP en este despliegue informativo y relev\u00f3 la importancia de este proceso.<\/p>\n<p class=\"v1MsoNormal\" style=\"text-align: justify;\">\u201cPara nosotros como funcionarios del Ministerio de Educaci\u00f3n fue muy importante esta jornada informativa, Hemos recibido informaci\u00f3n detallada y completa del traspaso de la educaci\u00f3n municipal hacia el Servicio Local de Educaci\u00f3n P\u00fablica para que nos transformemos en difusores de este proceso que es hist\u00f3rico. Como Gobierno entendemos que esta reforma es talvez la m\u00e1s importante en la historia del Estado de Chile. Como Estado volvemos a hacernos cargo de lo que siempre ha sido nuestra responsabilidad, que es\u00a0 garantizar el derecho a la educaci\u00f3n de los ni\u00f1os, ni\u00f1as. Particularmente en nuestra regi\u00f3n donde en las zonas rurales y aisladas es la escuela p\u00fablica la que llega a las familias con sus programas, docentes, maestras y maestros. Nuestro deber es fortalecer la educaci\u00f3n p\u00fablica y creemos que en el servicio local de educaci\u00f3n hay una oportunidad de lograr aquello. Hay aprendizajes y experiencias anteriores de traspaso que estamos tomando para que las cosas se hagan cada vez\u00a0 mejor y en eso estamos empe\u00f1ados como funcionarias y funcionarios del Ministerio de Educaci\u00f3n\u201d.<\/p>\n<p class=\"v1MsoNormal\" style=\"text-align: justify;\">En tanto, la Jefa Regional de Educaci\u00f3n del Mineduc Carmen Ortega Urra se\u00f1al\u00f3 que \u201cEs muy importante que como funcionarios del \u00e1rea de Educaci\u00f3n estemos al tanto de estas materias, para nosotros como funcionarios del Mineduc es muy importante porque desde las comunidades educativas surgen muchas dudas y nosotros debemos responderlas con fundamento. Creemos que esto va a ser positivo para los establecimientos ya que va a haber un apoyo pedag\u00f3gico a los colegios con muchas herramientas que las y los profesores podr\u00e1n utilizar y nosotros esperamos apoyar este proceso\u201d.<\/p>\n<\/div><\/section><\/div><div  style='height:50px' class='hr hr-invisible   avia-builder-el-6  el_after_av_one_full  el_before_av_social_share '><span class='hr-inner ' ><span class='hr-inner-style'><\/span><\/span><\/div><\/p>\n<div  class='av-social-sharing-box  avia-builder-el-7  el_after_av_hr  el_before_av_hr  '><div class='av-share-box'><h5 class='av-share-link-description av-no-toc '>Compartir esta noticia<\/h5><ul class='av-share-box-list noLightbox'><li class='av-share-link av-social-link-facebook' ><a target=\"_blank\" aria-label=\"Compartir en Facebook\" href='https:\/\/www.facebook.com\/sharer.php?u=https:\/\/radiorevelacionfm.cl\/?p=17022&#038;t=Equipo%20Territorial%20DEP%20difunde%20instalaci%C3%B3n%20del%20Servicio%20Local%20de%20Educaci%C3%B3n%20P%C3%BAblica%20SLEP%20Ays%C3%A9n' aria-hidden='false' data-av_icon='\ue8f3' data-av_iconfont='entypo-fontello' title='' data-avia-related-tooltip='Compartir en Facebook' rel=\"noopener\"><span class='avia_hidden_link_text'>Compartir en Facebook<\/span><\/a><\/li><li class='av-share-link av-social-link-twitter' ><a target=\"_blank\" aria-label=\"Compartir en Twitter\" href='https:\/\/twitter.com\/share?text=Equipo%20Territorial%20DEP%20difunde%20instalaci%C3%B3n%20del%20Servicio%20Local%20de%20Educaci%C3%B3n%20P%C3%BAblica%20SLEP%20Ays%C3%A9n&#038;url=https:\/\/radiorevelacionfm.cl\/?p=17022' aria-hidden='false' data-av_icon='\ue8f1' data-av_iconfont='entypo-fontello' title='' data-avia-related-tooltip='Compartir en Twitter' rel=\"noopener\"><span class='avia_hidden_link_text'>Compartir en Twitter<\/span><\/a><\/li><li class='av-share-link av-social-link-whatsapp' ><a target=\"_blank\" aria-label=\"Compartir en Whatsapp\" href='https:\/\/api.whatsapp.com\/send?text=https:\/\/radiorevelacionfm.cl\/?p=17022' aria-hidden='false' data-av_icon='\uf232' data-av_iconfont='entypo-fontello' title='' data-avia-related-tooltip='Compartir en Whatsapp' rel=\"noopener\"><span class='avia_hidden_link_text'>Compartir en Whatsapp<\/span><\/a><\/li><li class='av-share-link av-social-link-linkedin' ><a target=\"_blank\" aria-label=\"Compartir en LinkedIn\" href='https:\/\/linkedin.com\/shareArticle?mini=true&#038;title=Equipo%20Territorial%20DEP%20difunde%20instalaci%C3%B3n%20del%20Servicio%20Local%20de%20Educaci%C3%B3n%20P%C3%BAblica%20SLEP%20Ays%C3%A9n&#038;url=https:\/\/radiorevelacionfm.cl\/?p=17022' aria-hidden='false' data-av_icon='\ue8fc' data-av_iconfont='entypo-fontello' title='' data-avia-related-tooltip='Compartir en LinkedIn' rel=\"noopener\"><span class='avia_hidden_link_text'>Compartir en LinkedIn<\/span><\/a><\/li><li class='av-share-link av-social-link-mail' ><a  aria-label=\"Compartir por correo\" href='mailto:?subject=Equipo%20Territorial%20DEP%20difunde%20instalaci%C3%B3n%20del%20Servicio%20Local%20de%20Educaci%C3%B3n%20P%C3%BAblica%20SLEP%20Ays%C3%A9n&#038;body=https:\/\/radiorevelacionfm.cl\/?p=17022' aria-hidden='false' data-av_icon='\ue805' data-av_iconfont='entypo-fontello' title='' data-avia-related-tooltip='Compartir por correo'><span class='avia_hidden_link_text'>Compartir por correo<\/span><\/a><\/li><\/ul><\/div><\/div>\n<div  style='height:50px' class='hr hr-invisible   avia-builder-el-8  el_after_av_social_share  el_before_av_comments_list '><span class='hr-inner ' ><span class='hr-inner-style'><\/span><\/span><\/div>\n<div  class='av-buildercomment  av-blog-meta-html-info-disabled av-blog-meta-tag-disabled  '><\/div>\n","protected":false},"excerpt":{"rendered":"","protected":false},"author":1,"featured_media":17023,"comment_status":"open","ping_status":"open","sticky":false,"template":"","format":"standard","meta":{"footnotes":""},"categories":[49],"tags":[],"class_list":["post-17022","post","type-post","status-publish","format-standard","has-post-thumbnail","hentry","category-educacion"],"jetpack_featured_media_url":"https:\/\/radiorevelacionfm.cl\/wp-content\/uploads\/2022\/05\/img_0848-1_optimized.jpg","_links":{"self":[{"href":"https:\/\/radiorevelacionfm.cl\/index.php?rest_route=\/wp\/v2\/posts\/17022","targetHints":{"allow":["GET"]}}],"collection":[{"href":"https:\/\/radiorevelacionfm.cl\/index.php?rest_route=\/wp\/v2\/posts"}],"about":[{"href":"https:\/\/radiorevelacionfm.cl\/index.php?rest_route=\/wp\/v2\/types\/post"}],"author":[{"embeddable":true,"href":"https:\/\/radiorevelacionfm.cl\/index.php?rest_route=\/wp\/v2\/users\/1"}],"replies":[{"embeddable":true,"href":"https:\/\/radiorevelacionfm.cl\/index.php?rest_route=%2Fwp%2Fv2%2Fcomments&post=17022"}],"version-history":[{"count":2,"href":"https:\/\/radiorevelacionfm.cl\/index.php?rest_route=\/wp\/v2\/posts\/17022\/revisions"}],"predecessor-version":[{"id":17025,"href":"https:\/\/radiorevelacionfm.cl\/index.php?rest_route=\/wp\/v2\/posts\/17022\/revisions\/17025"}],"wp:featuredmedia":[{"embeddable":true,"href":"https:\/\/radiorevelacionfm.cl\/index.php?rest_route=\/wp\/v2\/media\/17023"}],"wp:attachment":[{"href":"https:\/\/radiorevelacionfm.cl\/index.php?rest_route=%2Fwp%2Fv2%2Fmedia&parent=17022"}],"wp:term":[{"taxonomy":"category","embeddable":true,"href":"https:\/\/radiorevelacionfm.cl\/index.php?rest_route=%2Fwp%2Fv2%2Fcategories&post=17022"},{"taxonomy":"post_tag","embeddable":true,"href":"https:\/\/radiorevelacionfm.cl\/index.php?rest_route=%2Fwp%2Fv2%2Ftags&post=17022"}],"curies":[{"name":"wp","href":"https:\/\/api.w.org\/{rel}","templated":true}]}}