{"id":17017,"date":"2022-05-20T09:55:55","date_gmt":"2022-05-20T12:55:55","guid":{"rendered":"https:\/\/radiorevelacionfm.cl\/?p=17017"},"modified":"2022-05-20T09:55:55","modified_gmt":"2022-05-20T12:55:55","slug":"carabineros-presto-colaboracion-tras-grave-accidente-que-sufrio-policia-de-gendarmeria-argentina-en-la-frontera-cerca-de-lago-verde","status":"publish","type":"post","link":"https:\/\/radiorevelacionfm.cl\/?p=17017","title":{"rendered":"Carabineros prest\u00f3 colaboraci\u00f3n tras grave accidente que sufri\u00f3 polic\u00eda de Gendarmer\u00eda Argentina en la frontera cerca de Lago Verde"},"content":{"rendered":"<div class=\"flex_column av_one_full  flex_column_div av-zero-column-padding first  avia-builder-el-0  el_before_av_one_full  avia-builder-el-first  \" style='border-radius:0px; '><div  class='avia-image-container  av-styling-    avia-builder-el-1  avia-builder-el-no-sibling  avia-align-center '  itemprop=\"image\" itemscope=\"itemscope\" itemtype=\"https:\/\/schema.org\/ImageObject\"  ><div class='avia-image-container-inner'><div class='avia-image-overlay-wrap'><img decoding=\"async\" class='wp-image-17018 avia-img-lazy-loading-not-17018 avia_image' src=\"https:\/\/radiorevelacionfm.cl\/wp-content\/uploads\/2022\/05\/2b634f4d-48ce-4526-bb82-109f9acddbf9-2_optimized.jpg\" alt='' title='2b634f4d-48ce-4526-bb82-109f9acddbf9-2_optimized' height=\"600\" width=\"1295\"  itemprop=\"thumbnailUrl\" srcset=\"https:\/\/radiorevelacionfm.cl\/wp-content\/uploads\/2022\/05\/2b634f4d-48ce-4526-bb82-109f9acddbf9-2_optimized.jpg 1295w, https:\/\/radiorevelacionfm.cl\/wp-content\/uploads\/2022\/05\/2b634f4d-48ce-4526-bb82-109f9acddbf9-2_optimized-300x139.jpg 300w, https:\/\/radiorevelacionfm.cl\/wp-content\/uploads\/2022\/05\/2b634f4d-48ce-4526-bb82-109f9acddbf9-2_optimized-1030x477.jpg 1030w, https:\/\/radiorevelacionfm.cl\/wp-content\/uploads\/2022\/05\/2b634f4d-48ce-4526-bb82-109f9acddbf9-2_optimized-768x356.jpg 768w, https:\/\/radiorevelacionfm.cl\/wp-content\/uploads\/2022\/05\/2b634f4d-48ce-4526-bb82-109f9acddbf9-2_optimized-705x327.jpg 705w, https:\/\/radiorevelacionfm.cl\/wp-content\/uploads\/2022\/05\/2b634f4d-48ce-4526-bb82-109f9acddbf9-2_optimized-600x278.jpg 600w\" sizes=\"(max-width: 1295px) 100vw, 1295px\" \/><\/div><\/div><\/div><\/div><div class=\"flex_column av_one_full  flex_column_div av-zero-column-padding first  avia-builder-el-2  el_after_av_one_full  el_before_av_one_full  column-top-margin\" style='border-radius:0px; '><section class=\"av_textblock_section \"  itemscope=\"itemscope\" itemtype=\"https:\/\/schema.org\/BlogPosting\" itemprop=\"blogPost\" ><div class='avia_textblock  '   itemprop=\"text\" ><p style=\"text-align: center;\"><strong><span style=\"font-size: 18pt;\">Carabineros prest\u00f3 colaboraci\u00f3n tras grave accidente que sufri\u00f3 polic\u00eda de Gendarmer\u00eda Argentina en la frontera cerca de Lago Verde<\/span><\/strong><\/p>\n<div id=\"gtx-trans\" style=\"position: absolute; left: -50px; top: 4.31534px;\">\n<div class=\"gtx-trans-icon\"><\/div>\n<\/div>\n<\/div><\/section><\/div><div class=\"flex_column av_one_full  flex_column_div av-zero-column-padding first  avia-builder-el-4  el_after_av_one_full  el_before_av_hr  column-top-margin\" style='border-radius:0px; '><section class=\"av_textblock_section \"  itemscope=\"itemscope\" itemtype=\"https:\/\/schema.org\/BlogPosting\" itemprop=\"blogPost\" ><div class='avia_textblock  '   itemprop=\"text\" ><p class=\"v1MsoNormal\" style=\"text-align: justify;\"><span lang=\"ES\">Carabineros de la regi\u00f3n de Ays\u00e9n prest\u00f3 colaboraci\u00f3n en una emergencia que afect\u00f3 a un funcionario de la Gendarmer\u00eda Nacional Argentina (GNA), quien sufri\u00f3 un grave accidente con un caballar en un sector fronterizo en la comuna de Lago Verde, distante a 318 km. al norte de la capital regional de Ays\u00e9n, siendo trasladado a una posta rural del sector y m\u00e1s tarde derivado hasta el hospital regional de Coyhaique a bordo de una aeronave particular. <\/span><\/p>\n<p class=\"v1MsoNormal\" style=\"text-align: justify;\"><span lang=\"ES\">Seg\u00fan indic\u00f3 el Comisario de la 1ra. Comisar\u00eda de Coyhaique, Mayor Franco Herrera Quezada, el hecho fue advertido alrededor del mediod\u00eda de hoy por parte de un poblador -quien se encontraba cerca del l\u00edmite pol\u00edtico internacional con la Rep\u00fablica Argentina- siendo quien en primera instancia brind\u00f3 ayuda y alert\u00f3 a Carabineros sobre lo ocurrido.<\/span><\/p>\n<p class=\"v1MsoNormal\" style=\"text-align: justify;\"><span lang=\"ES\">\u00abFue as\u00ed que en el lugar denominado hito VI-38B, pudo apreciar que un gendarme de Gendarmer\u00eda Argentina se encontraba tendido en el suelo, herido en su rostro. Al prestar los primeros auxilios, se pudo percatar que al parecer recibi\u00f3 un golpe -una patada de un caballo y- de inmediato dio aviso a personal m\u00e9dico y a Carabineros del Ret\u00e9n Lago Verde (F), quienes lo asistieron y trasladaron en primera instancia hasta la posta rural que se encuentra en el lugar y, luego de prestados los primeros auxilios fue derivado v\u00eda a\u00e9rea hasta el hospital regional de la comuna de Coyhaique\u00bb, expres\u00f3 el Comisario.<\/span><\/p>\n<p class=\"v1MsoNormal\" style=\"text-align: justify;\"><span lang=\"ES\">\u00a0<\/span><\/p>\n<p class=\"v1MsoNormal\" style=\"text-align: justify;\"><span lang=\"ES\"><b>Traslado a\u00e9reo<\/b><\/span><\/p>\n<p class=\"v1MsoNormal\" style=\"text-align: justify;\"><span lang=\"ES\">Se trata de un Suboficial Principal, hecho tras el cual Carabineros tom\u00f3 contacto con el jefe del Escuadr\u00f3n 37 Jos\u00e9 de San Mart\u00edn de la Gendarmer\u00eda Nacional Argentina, dando cuenta del hecho y del apoyo brindado por nuestro pa\u00eds ante el grave estado de salud, tras el accidente ocurrido en la frontera.<\/span><\/p>\n<p class=\"v1MsoNormal\" style=\"text-align: justify;\"><span lang=\"ES\">\u00abSe tom\u00f3 contacto con la Instituci\u00f3n, ya tiene conocimiento el mando del cuartel al que \u00e9l corresponde en Argentina y se est\u00e1n haciendo las gestiones para que concurra alg\u00fan Oficial y personal m\u00e9dico desde la Rep\u00fablica Argentina hacia Chile para saber el estado de salud y los protocolos para trasladarlo hacia Argentina\u00bb, detall\u00f3 el Mayor Herrera.<\/span><\/p>\n<p class=\"v1MsoNormal\" style=\"text-align: justify;\"><span lang=\"ES\">Seg\u00fan indic\u00f3 el Oficial Jefe \u2013en virtud de los primeros antecedentes- el polic\u00eda se encontrar\u00eda con una lesi\u00f3n de car\u00e1cter grave en su rostro -fuera de riesgo vital- permaneciendo en observaci\u00f3n por parte del personal m\u00e9dico. <\/span><\/p>\n<p class=\"v1MsoNormal\" style=\"text-align: justify;\"><span lang=\"ES\">\u00abHubo un apoyo por parte de una aeronave, la cual arrib\u00f3 al aer\u00f3dromo Teniente Vidal en la ciudad de Coyhaique -siendo escoltado por parte de Carabineros- y se encuentra en dependencias del hospital regional en espera de su evoluci\u00f3n\u00bb.<\/span><\/p>\n<p class=\"v1MsoNormal\" style=\"text-align: justify;\"><span lang=\"ES\">\u00a0<\/span><\/p>\n<p class=\"v1MsoNormal\" style=\"text-align: justify;\"><span lang=\"ES\"><b>Convenios de colaboraci\u00f3n<\/b><\/span><\/p>\n<p class=\"v1MsoNormal\" style=\"text-align: justify;\"><span lang=\"ES\">El Comisario de Coyhaique destac\u00f3 la existencia de convenios existentes entre ambas polic\u00edas, con la finalidad de brindar el auxilio y apoyo oportuno antes situaciones de emergencia como la vivienda esta jornada.<\/span><\/p>\n<p class=\"v1MsoNormal\" style=\"text-align: justify;\"><span lang=\"ES\">\u00abEs menester se\u00f1alar que tanto Carabineros de Chile como la Gendarmer\u00eda Nacional Argentina cuentan con convenios de colaboraci\u00f3n para este tipo de situaciones y por tal motivo siempre se va a priorizar el prestar los primeros auxilios ante una situaci\u00f3n tan catastr\u00f3fica como la que a \u00e9l le ocurri\u00f3\u00bb, manifest\u00f3 el Mayor Franco Herrera.<\/span><\/p>\n<p class=\"v1MsoNormal\" style=\"text-align: justify;\"><span lang=\"ES\">Hasta el cierre de esta edici\u00f3n contin\u00faan las coordinaciones para el traslado de personal de Gendarmer\u00eda Nacional Argentina para concurrir hasta el hospital regional de Coyhaique \u2013y verificar la condici\u00f3n de salud- del funcionario trasandino, quien permanece internado en dicho recinto asistencial.<\/span><\/p>\n<\/div><\/section><\/div><div  style='height:50px' class='hr hr-invisible   avia-builder-el-6  el_after_av_one_full  el_before_av_social_share '><span class='hr-inner ' ><span class='hr-inner-style'><\/span><\/span><\/div><\/p>\n<div  class='av-social-sharing-box  avia-builder-el-7  el_after_av_hr  el_before_av_hr  '><div class='av-share-box'><h5 class='av-share-link-description av-no-toc '>Compartir esta noticia<\/h5><ul class='av-share-box-list noLightbox'><li class='av-share-link av-social-link-facebook' ><a target=\"_blank\" aria-label=\"Compartir en Facebook\" href='https:\/\/www.facebook.com\/sharer.php?u=https:\/\/radiorevelacionfm.cl\/?p=17017&#038;t=Carabineros%20prest%C3%B3%20colaboraci%C3%B3n%20tras%20grave%20accidente%20que%20sufri%C3%B3%20polic%C3%ADa%20de%20Gendarmer%C3%ADa%20Argentina%20en%20la%20frontera%20cerca%20de%20Lago%20Verde' aria-hidden='false' data-av_icon='\ue8f3' data-av_iconfont='entypo-fontello' title='' data-avia-related-tooltip='Compartir en Facebook' rel=\"noopener\"><span class='avia_hidden_link_text'>Compartir en Facebook<\/span><\/a><\/li><li class='av-share-link av-social-link-twitter' ><a target=\"_blank\" aria-label=\"Compartir en Twitter\" href='https:\/\/twitter.com\/share?text=Carabineros%20prest%C3%B3%20colaboraci%C3%B3n%20tras%20grave%20accidente%20que%20sufri%C3%B3%20polic%C3%ADa%20de%20Gendarmer%C3%ADa%20Argentina%20en%20la%20frontera%20cerca%20de%20Lago%20Verde&#038;url=https:\/\/radiorevelacionfm.cl\/?p=17017' aria-hidden='false' data-av_icon='\ue8f1' data-av_iconfont='entypo-fontello' title='' data-avia-related-tooltip='Compartir en Twitter' rel=\"noopener\"><span class='avia_hidden_link_text'>Compartir en Twitter<\/span><\/a><\/li><li class='av-share-link av-social-link-whatsapp' ><a target=\"_blank\" aria-label=\"Compartir en Whatsapp\" href='https:\/\/api.whatsapp.com\/send?text=https:\/\/radiorevelacionfm.cl\/?p=17017' aria-hidden='false' data-av_icon='\uf232' data-av_iconfont='entypo-fontello' title='' data-avia-related-tooltip='Compartir en Whatsapp' rel=\"noopener\"><span class='avia_hidden_link_text'>Compartir en Whatsapp<\/span><\/a><\/li><li class='av-share-link av-social-link-linkedin' ><a target=\"_blank\" aria-label=\"Compartir en LinkedIn\" href='https:\/\/linkedin.com\/shareArticle?mini=true&#038;title=Carabineros%20prest%C3%B3%20colaboraci%C3%B3n%20tras%20grave%20accidente%20que%20sufri%C3%B3%20polic%C3%ADa%20de%20Gendarmer%C3%ADa%20Argentina%20en%20la%20frontera%20cerca%20de%20Lago%20Verde&#038;url=https:\/\/radiorevelacionfm.cl\/?p=17017' aria-hidden='false' data-av_icon='\ue8fc' data-av_iconfont='entypo-fontello' title='' data-avia-related-tooltip='Compartir en LinkedIn' rel=\"noopener\"><span class='avia_hidden_link_text'>Compartir en LinkedIn<\/span><\/a><\/li><li class='av-share-link av-social-link-mail' ><a  aria-label=\"Compartir por correo\" href='mailto:?subject=Carabineros%20prest%C3%B3%20colaboraci%C3%B3n%20tras%20grave%20accidente%20que%20sufri%C3%B3%20polic%C3%ADa%20de%20Gendarmer%C3%ADa%20Argentina%20en%20la%20frontera%20cerca%20de%20Lago%20Verde&#038;body=https:\/\/radiorevelacionfm.cl\/?p=17017' aria-hidden='false' data-av_icon='\ue805' data-av_iconfont='entypo-fontello' title='' data-avia-related-tooltip='Compartir por correo'><span class='avia_hidden_link_text'>Compartir por correo<\/span><\/a><\/li><\/ul><\/div><\/div>\n<div  style='height:50px' class='hr hr-invisible   avia-builder-el-8  el_after_av_social_share  el_before_av_comments_list '><span class='hr-inner ' ><span class='hr-inner-style'><\/span><\/span><\/div>\n<div  class='av-buildercomment  av-blog-meta-html-info-disabled av-blog-meta-tag-disabled  '><\/div>\n","protected":false},"excerpt":{"rendered":"","protected":false},"author":1,"featured_media":17018,"comment_status":"open","ping_status":"open","sticky":false,"template":"","format":"standard","meta":{"footnotes":""},"categories":[36],"tags":[],"class_list":["post-17017","post","type-post","status-publish","format-standard","has-post-thumbnail","hentry","category-policial"],"jetpack_featured_media_url":"https:\/\/radiorevelacionfm.cl\/wp-content\/uploads\/2022\/05\/2b634f4d-48ce-4526-bb82-109f9acddbf9-2_optimized.jpg","_links":{"self":[{"href":"https:\/\/radiorevelacionfm.cl\/index.php?rest_route=\/wp\/v2\/posts\/17017","targetHints":{"allow":["GET"]}}],"collection":[{"href":"https:\/\/radiorevelacionfm.cl\/index.php?rest_route=\/wp\/v2\/posts"}],"about":[{"href":"https:\/\/radiorevelacionfm.cl\/index.php?rest_route=\/wp\/v2\/types\/post"}],"author":[{"embeddable":true,"href":"https:\/\/radiorevelacionfm.cl\/index.php?rest_route=\/wp\/v2\/users\/1"}],"replies":[{"embeddable":true,"href":"https:\/\/radiorevelacionfm.cl\/index.php?rest_route=%2Fwp%2Fv2%2Fcomments&post=17017"}],"version-history":[{"count":2,"href":"https:\/\/radiorevelacionfm.cl\/index.php?rest_route=\/wp\/v2\/posts\/17017\/revisions"}],"predecessor-version":[{"id":17020,"href":"https:\/\/radiorevelacionfm.cl\/index.php?rest_route=\/wp\/v2\/posts\/17017\/revisions\/17020"}],"wp:featuredmedia":[{"embeddable":true,"href":"https:\/\/radiorevelacionfm.cl\/index.php?rest_route=\/wp\/v2\/media\/17018"}],"wp:attachment":[{"href":"https:\/\/radiorevelacionfm.cl\/index.php?rest_route=%2Fwp%2Fv2%2Fmedia&parent=17017"}],"wp:term":[{"taxonomy":"category","embeddable":true,"href":"https:\/\/radiorevelacionfm.cl\/index.php?rest_route=%2Fwp%2Fv2%2Fcategories&post=17017"},{"taxonomy":"post_tag","embeddable":true,"href":"https:\/\/radiorevelacionfm.cl\/index.php?rest_route=%2Fwp%2Fv2%2Ftags&post=17017"}],"curies":[{"name":"wp","href":"https:\/\/api.w.org\/{rel}","templated":true}]}}