{"id":17001,"date":"2022-05-19T21:40:15","date_gmt":"2022-05-20T00:40:15","guid":{"rendered":"https:\/\/radiorevelacionfm.cl\/?p=17001"},"modified":"2022-05-19T21:40:15","modified_gmt":"2022-05-20T00:40:15","slug":"comite-los-nires-ii-expone-prioridades-del-sector-galera-chico","status":"publish","type":"post","link":"https:\/\/radiorevelacionfm.cl\/?p=17001","title":{"rendered":"Comit\u00e9 Los \u00d1ires II expone prioridades del sector Galera Chico"},"content":{"rendered":"<div class=\"flex_column av_one_full  flex_column_div av-zero-column-padding first  avia-builder-el-0  el_before_av_one_full  avia-builder-el-first  \" style='border-radius:0px; '><div  class='avia-image-container  av-styling-    avia-builder-el-1  avia-builder-el-no-sibling  avia-align-center '  itemprop=\"image\" itemscope=\"itemscope\" itemtype=\"https:\/\/schema.org\/ImageObject\"  ><div class='avia-image-container-inner'><div class='avia-image-overlay-wrap'><img decoding=\"async\" class='wp-image-17002 avia-img-lazy-loading-not-17002 avia_image' src=\"https:\/\/radiorevelacionfm.cl\/wp-content\/uploads\/2022\/05\/20220514_143636-1-1.jpg\" alt='' title='20220514_143636 (1) (1)' height=\"600\" width=\"800\"  itemprop=\"thumbnailUrl\" srcset=\"https:\/\/radiorevelacionfm.cl\/wp-content\/uploads\/2022\/05\/20220514_143636-1-1.jpg 800w, https:\/\/radiorevelacionfm.cl\/wp-content\/uploads\/2022\/05\/20220514_143636-1-1-300x225.jpg 300w, https:\/\/radiorevelacionfm.cl\/wp-content\/uploads\/2022\/05\/20220514_143636-1-1-768x576.jpg 768w, https:\/\/radiorevelacionfm.cl\/wp-content\/uploads\/2022\/05\/20220514_143636-1-1-705x529.jpg 705w, https:\/\/radiorevelacionfm.cl\/wp-content\/uploads\/2022\/05\/20220514_143636-1-1-600x450.jpg 600w\" sizes=\"(max-width: 800px) 100vw, 800px\" \/><\/div><\/div><\/div><\/div><div class=\"flex_column av_one_full  flex_column_div av-zero-column-padding first  avia-builder-el-2  el_after_av_one_full  el_before_av_one_full  column-top-margin\" style='border-radius:0px; '><section class=\"av_textblock_section \"  itemscope=\"itemscope\" itemtype=\"https:\/\/schema.org\/BlogPosting\" itemprop=\"blogPost\" ><div class='avia_textblock  '   itemprop=\"text\" ><p style=\"text-align: center;\"><strong><span style=\"font-size: 18pt;\">Comit\u00e9 Los \u00d1ires II expone prioridades del sector Galera Chico<\/span><\/strong><\/p>\n<div id=\"gtx-trans\" style=\"position: absolute; left: -50px; top: 4.31534px;\">\n<div class=\"gtx-trans-icon\"><\/div>\n<\/div>\n<\/div><\/section><\/div><div class=\"flex_column av_one_full  flex_column_div av-zero-column-padding first  avia-builder-el-4  el_after_av_one_full  el_before_av_hr  column-top-margin\" style='border-radius:0px; '><section class=\"av_textblock_section \"  itemscope=\"itemscope\" itemtype=\"https:\/\/schema.org\/BlogPosting\" itemprop=\"blogPost\" ><div class='avia_textblock  '   itemprop=\"text\" ><p style=\"font-weight: 400; text-align: justify;\">Una reuni\u00f3n ampliada para dialogar en torno a inquietudes del sector Galera Chico, en la comuna de Coyhaique, organiz\u00f3 el Comit\u00e9 Campesino Los \u00d1ires II.<\/p>\n<p style=\"font-weight: 400; text-align: justify;\">En el encuentro participaron la Gobernadora Andrea Mac\u00edas, la consejera Paula Acu\u00f1a, las concejalas Ana Mar\u00eda Navarrete y Alejandra Aguilar y el Delegado Presidencial Regional, Rodrigo Araya, acompa\u00f1ado por los seremis de Obras P\u00fablicas, Patricio Sanhueza y de Agricultura Alan Espinoza, encargado Subdere Guillermo Mart\u00ednez, y director (s) de Serviu, Mauricio Cort\u00e9s, entre otros.<\/p>\n<p style=\"font-weight: 400; text-align: justify;\">La presidenta del comit\u00e9 campesino, Clara Vel\u00e1squez, explic\u00f3 que el principal objetivo de la jornada fue establecer nexos directos para avanzar en las materias que interesan a la comunidad.<\/p>\n<p style=\"font-weight: 400; text-align: justify;\">\u201cLo que nos interesa ac\u00e1 en el sector es las parcelas, el tema del agua, porque es muy importante y se est\u00e1 terminando en todos lados, el tema de las casetas sanitarias que est\u00e1 financiado pero no terminado por Subdere con el municipio, y conocer las nuevas autoridades, apoyar, salir adelante, trabajar con todas las autoridades de aqu\u00ed en adelante\u201d, expres\u00f3.<\/p>\n<p style=\"font-weight: 400; text-align: justify;\">El Delegado Rodrigo Araya valor\u00f3 la reuni\u00f3n para que las instituciones pertinentes gestionen y aborden los temas planteados.<\/p>\n<p style=\"font-weight: 400; text-align: justify;\">\u201cAcudir a la invitaci\u00f3n que nos hizo la junta de vecinos en el sector de Galera Chico, para responder las inquietudes y problem\u00e1ticas de la comunidad. Fue una reuni\u00f3n muy clarificadora para ellos y tambi\u00e9n para nosotros, nos llevamos varias tareas. Lo m\u00e1s importante, es que la comunidad est\u00e1 organizada y, en la medida en que solucionemos sus problem\u00e1ticas, estaremos cumpliendo nuestro rol de gobierno de estar cerca de las comunidades siendo efectivos\u201d, recalc\u00f3.<\/p>\n<p style=\"font-weight: 400; text-align: justify;\">Hortensia Orellana del sector San Miguel coincidi\u00f3 en la importancia del di\u00e1logo cercano.<\/p>\n<p style=\"font-weight: 400; text-align: justify;\">\u201cTodos los temas que se trataron son s\u00faper importantes, sobre todo, el tema de riego que es la necesidad m\u00e1s grande de los sectores por el tema del agua. La \u00fanica manera son estas reuniones, en que uno puede tener la posibilidad de consultar y saber lo que a nosotros nos corresponde cuando tenemos necesidades, a d\u00f3nde podemos dirigirnos\u201d, indic\u00f3.<\/p>\n<p style=\"font-weight: 400; text-align: justify;\">Entre los temas analizados estuvo disponibilidad de agua, subdivisiones prediales, habitabilidad rural, electricidad, caminos intraprediales, manejo del bosque nativo, limpieza de fosas y tolva para desechos.<\/p>\n<\/div><\/section><\/div><div  style='height:50px' class='hr hr-invisible   avia-builder-el-6  el_after_av_one_full  el_before_av_social_share '><span class='hr-inner ' ><span class='hr-inner-style'><\/span><\/span><\/div><\/p>\n<div  class='av-social-sharing-box  avia-builder-el-7  el_after_av_hr  el_before_av_hr  '><div class='av-share-box'><h5 class='av-share-link-description av-no-toc '>Compartir esta noticia<\/h5><ul class='av-share-box-list noLightbox'><li class='av-share-link av-social-link-facebook' ><a target=\"_blank\" aria-label=\"Compartir en Facebook\" href='https:\/\/www.facebook.com\/sharer.php?u=https:\/\/radiorevelacionfm.cl\/?p=17001&#038;t=Comit%C3%A9%20Los%20%C3%91ires%20II%20expone%20prioridades%20del%20sector%20Galera%20Chico' aria-hidden='false' data-av_icon='\ue8f3' data-av_iconfont='entypo-fontello' title='' data-avia-related-tooltip='Compartir en Facebook' rel=\"noopener\"><span class='avia_hidden_link_text'>Compartir en Facebook<\/span><\/a><\/li><li class='av-share-link av-social-link-twitter' ><a target=\"_blank\" aria-label=\"Compartir en Twitter\" href='https:\/\/twitter.com\/share?text=Comit%C3%A9%20Los%20%C3%91ires%20II%20expone%20prioridades%20del%20sector%20Galera%20Chico&#038;url=https:\/\/radiorevelacionfm.cl\/?p=17001' aria-hidden='false' data-av_icon='\ue8f1' data-av_iconfont='entypo-fontello' title='' data-avia-related-tooltip='Compartir en Twitter' rel=\"noopener\"><span class='avia_hidden_link_text'>Compartir en Twitter<\/span><\/a><\/li><li class='av-share-link av-social-link-whatsapp' ><a target=\"_blank\" aria-label=\"Compartir en Whatsapp\" href='https:\/\/api.whatsapp.com\/send?text=https:\/\/radiorevelacionfm.cl\/?p=17001' aria-hidden='false' data-av_icon='\uf232' data-av_iconfont='entypo-fontello' title='' data-avia-related-tooltip='Compartir en Whatsapp' rel=\"noopener\"><span class='avia_hidden_link_text'>Compartir en Whatsapp<\/span><\/a><\/li><li class='av-share-link av-social-link-linkedin' ><a target=\"_blank\" aria-label=\"Compartir en LinkedIn\" href='https:\/\/linkedin.com\/shareArticle?mini=true&#038;title=Comit%C3%A9%20Los%20%C3%91ires%20II%20expone%20prioridades%20del%20sector%20Galera%20Chico&#038;url=https:\/\/radiorevelacionfm.cl\/?p=17001' aria-hidden='false' data-av_icon='\ue8fc' data-av_iconfont='entypo-fontello' title='' data-avia-related-tooltip='Compartir en LinkedIn' rel=\"noopener\"><span class='avia_hidden_link_text'>Compartir en LinkedIn<\/span><\/a><\/li><li class='av-share-link av-social-link-mail' ><a  aria-label=\"Compartir por correo\" href='mailto:?subject=Comit%C3%A9%20Los%20%C3%91ires%20II%20expone%20prioridades%20del%20sector%20Galera%20Chico&#038;body=https:\/\/radiorevelacionfm.cl\/?p=17001' aria-hidden='false' data-av_icon='\ue805' data-av_iconfont='entypo-fontello' title='' data-avia-related-tooltip='Compartir por correo'><span class='avia_hidden_link_text'>Compartir por correo<\/span><\/a><\/li><\/ul><\/div><\/div>\n<div  style='height:50px' class='hr hr-invisible   avia-builder-el-8  el_after_av_social_share  el_before_av_comments_list '><span class='hr-inner ' ><span class='hr-inner-style'><\/span><\/span><\/div>\n<div  class='av-buildercomment  av-blog-meta-html-info-disabled av-blog-meta-tag-disabled  '><\/div>\n","protected":false},"excerpt":{"rendered":"","protected":false},"author":1,"featured_media":17002,"comment_status":"open","ping_status":"open","sticky":false,"template":"","format":"standard","meta":{"footnotes":""},"categories":[58,38],"tags":[],"class_list":["post-17001","post","type-post","status-publish","format-standard","has-post-thumbnail","hentry","category-agricultura","category-regional"],"jetpack_featured_media_url":"https:\/\/radiorevelacionfm.cl\/wp-content\/uploads\/2022\/05\/20220514_143636-1-1.jpg","_links":{"self":[{"href":"https:\/\/radiorevelacionfm.cl\/index.php?rest_route=\/wp\/v2\/posts\/17001","targetHints":{"allow":["GET"]}}],"collection":[{"href":"https:\/\/radiorevelacionfm.cl\/index.php?rest_route=\/wp\/v2\/posts"}],"about":[{"href":"https:\/\/radiorevelacionfm.cl\/index.php?rest_route=\/wp\/v2\/types\/post"}],"author":[{"embeddable":true,"href":"https:\/\/radiorevelacionfm.cl\/index.php?rest_route=\/wp\/v2\/users\/1"}],"replies":[{"embeddable":true,"href":"https:\/\/radiorevelacionfm.cl\/index.php?rest_route=%2Fwp%2Fv2%2Fcomments&post=17001"}],"version-history":[{"count":2,"href":"https:\/\/radiorevelacionfm.cl\/index.php?rest_route=\/wp\/v2\/posts\/17001\/revisions"}],"predecessor-version":[{"id":17008,"href":"https:\/\/radiorevelacionfm.cl\/index.php?rest_route=\/wp\/v2\/posts\/17001\/revisions\/17008"}],"wp:featuredmedia":[{"embeddable":true,"href":"https:\/\/radiorevelacionfm.cl\/index.php?rest_route=\/wp\/v2\/media\/17002"}],"wp:attachment":[{"href":"https:\/\/radiorevelacionfm.cl\/index.php?rest_route=%2Fwp%2Fv2%2Fmedia&parent=17001"}],"wp:term":[{"taxonomy":"category","embeddable":true,"href":"https:\/\/radiorevelacionfm.cl\/index.php?rest_route=%2Fwp%2Fv2%2Fcategories&post=17001"},{"taxonomy":"post_tag","embeddable":true,"href":"https:\/\/radiorevelacionfm.cl\/index.php?rest_route=%2Fwp%2Fv2%2Ftags&post=17001"}],"curies":[{"name":"wp","href":"https:\/\/api.w.org\/{rel}","templated":true}]}}