{"id":16998,"date":"2022-05-20T12:48:14","date_gmt":"2022-05-20T15:48:14","guid":{"rendered":"https:\/\/radiorevelacionfm.cl\/?p=16998"},"modified":"2022-05-20T12:48:14","modified_gmt":"2022-05-20T15:48:14","slug":"extienden-plazo-de-inscripcion-para-ronda-de-negocios-innova-impacta-de-corfo-sobre-economia-circular","status":"publish","type":"post","link":"https:\/\/radiorevelacionfm.cl\/?p=16998","title":{"rendered":"Extienden plazo de inscripci\u00f3n para ronda de negocios Innova Impacta de CORFO sobre econom\u00eda circular"},"content":{"rendered":"<div class=\"flex_column av_one_full  flex_column_div av-zero-column-padding first  avia-builder-el-0  el_before_av_one_full  avia-builder-el-first  \" style='border-radius:0px; '><div  class='avia-image-container  av-styling-    avia-builder-el-1  avia-builder-el-no-sibling  avia-align-center '  itemprop=\"image\" itemscope=\"itemscope\" itemtype=\"https:\/\/schema.org\/ImageObject\"  ><div class='avia-image-container-inner'><div class='avia-image-overlay-wrap'><img decoding=\"async\" class='wp-image-16999 avia-img-lazy-loading-not-16999 avia_image' src=\"https:\/\/radiorevelacionfm.cl\/wp-content\/uploads\/2022\/05\/economia-circular_003-1_optimized.jpg\" alt='' title='econom\u00eda-circular_003-(1)_optimized' height=\"600\" width=\"800\"  itemprop=\"thumbnailUrl\" srcset=\"https:\/\/radiorevelacionfm.cl\/wp-content\/uploads\/2022\/05\/economia-circular_003-1_optimized.jpg 800w, https:\/\/radiorevelacionfm.cl\/wp-content\/uploads\/2022\/05\/economia-circular_003-1_optimized-300x225.jpg 300w, https:\/\/radiorevelacionfm.cl\/wp-content\/uploads\/2022\/05\/economia-circular_003-1_optimized-768x576.jpg 768w, https:\/\/radiorevelacionfm.cl\/wp-content\/uploads\/2022\/05\/economia-circular_003-1_optimized-705x529.jpg 705w, https:\/\/radiorevelacionfm.cl\/wp-content\/uploads\/2022\/05\/economia-circular_003-1_optimized-600x450.jpg 600w\" sizes=\"(max-width: 800px) 100vw, 800px\" \/><\/div><\/div><\/div><\/div><div class=\"flex_column av_one_full  flex_column_div av-zero-column-padding first  avia-builder-el-2  el_after_av_one_full  el_before_av_one_full  column-top-margin\" style='border-radius:0px; '><section class=\"av_textblock_section \"  itemscope=\"itemscope\" itemtype=\"https:\/\/schema.org\/BlogPosting\" itemprop=\"blogPost\" ><div class='avia_textblock  '   itemprop=\"text\" ><p style=\"text-align: center;\"><span style=\"font-size: 18pt;\"><strong>Extienden plazo de inscripci\u00f3n para ronda de negocios Innova Impacta de CORFO sobre econom\u00eda circular<\/strong><\/span><\/p>\n<div id=\"gtx-trans\" style=\"position: absolute; left: -50px; top: 4.31534px;\">\n<div class=\"gtx-trans-icon\"><\/div>\n<\/div>\n<\/div><\/section><\/div><div class=\"flex_column av_one_full  flex_column_div av-zero-column-padding first  avia-builder-el-4  el_after_av_one_full  el_before_av_hr  column-top-margin\" style='border-radius:0px; '><section class=\"av_textblock_section \"  itemscope=\"itemscope\" itemtype=\"https:\/\/schema.org\/BlogPosting\" itemprop=\"blogPost\" ><div class='avia_textblock  '   itemprop=\"text\" ><p class=\"v1MsoNormal\" style=\"text-align: justify;\">Corfo anunci\u00f3 que el pr\u00f3ximo<b>\u00a0viernes 27 de mayo<\/b>\u00a0es la nueva fecha l\u00edmite de inscripci\u00f3n para la\u00a0<b>Ronda de Negocios \u00abInnovaImpacta\u00bb con foco en Econom\u00eda Circular<\/b>, actividad que realizar\u00e1 a nivel nacional el jueves\u00a02 de junio, de forma 100% online y gratuita para sus participantes.<\/p>\n<p class=\"v1MsoNormal\" style=\"text-align: justify;\">Este encuentro, que cuenta con el apoyo de 3 Vectores y Kowork Chile, ser\u00e1 un espacio virtual para que grandes empresas, emprendedoras, emprendedores, pymes y organizaciones de todas las regiones del pa\u00eds, que ofrecen y demandan soluciones, se vinculen para generar nuevas oportunidades de negocio basadas en econom\u00eda circular.<\/p>\n<p class=\"v1MsoNormal\" style=\"text-align: justify;\">A la fecha, ya hay firmas como Virutex Ilko, NS Agro, la sider\u00fargica Huachipato Chile\u00a0y Chile Oliva A.G. interesadas en conectarse con pymes y emprendimientos que puedan ser proveedores de innovaciones m\u00e1s circulares.<\/p>\n<p class=\"v1MsoNormal\" style=\"text-align: justify;\">Fernando Johnson Dur\u00e1n, director (S) de Corfo Ays\u00e9n, indic\u00f3 que \u00abesta ronda de negocios es una invitaci\u00f3n para que diversos actores podamos aportar en un modelo de desarrollo cada vez m\u00e1s sostenible y que beneficie a toda nuestra sociedad. Si adoptamos, de la mano de la innovaci\u00f3n, a la econom\u00eda circular como un pilar fundamental de nuestras actividades de producci\u00f3n y consumo, sin duda avanzaremos de forma colaborativa, el sector p\u00fablico, privado y la ciudadan\u00eda, con el objetivo de catalizar el desarrollo de soluciones que contribuyan a mitigar los efectos del cambio clim\u00e1tico\u00bb.<\/p>\n<p class=\"v1MsoNormal\" style=\"text-align: justify;\">Para participar de la ronda, tanto demandantes como oferentes deber\u00e1n considerar la realizaci\u00f3n de actividades basadas en los principios de Econom\u00eda Circular en las \u00e1reas de Innovaci\u00f3n, Tecnolog\u00eda, Reparaci\u00f3n, Reutilizaci\u00f3n, Simbiosis Industrial, Reciclaje, Compostaje, Regeneraci\u00f3n, Producto como servicio, Log\u00edstica reversa, Energ\u00edas Limpias, Cultura Circular, Asesor\u00edas, Aceleradoras, Financiamiento, Ecoetiquetado, Ecodise\u00f1o, Proveedores locales, Legislaci\u00f3n Ambiental.<\/p>\n<p class=\"v1MsoNormal\" style=\"text-align: justify;\">Los interesados pueden registrarse\u00a0<b>hasta las 18.00hrs del pr\u00f3ximo viernes 27 de mayo<\/b>, ingresando directamente a\u00a0<span lang=\"ES\"><a href=\"https:\/\/innovaimpacta.cl\/ronda-economia-circular\/\" target=\"_blank\" rel=\"noopener noreferrer\"><span lang=\"ES-CL\">https:\/\/innovaimpacta.cl\/ronda-economia-circular\/<\/span><\/a><\/span><\/p>\n<p class=\"v1MsoNormal\" style=\"text-align: justify;\">Para m\u00e1s informaci\u00f3n visitar\u00a0\u00a0<span lang=\"ES\"><a href=\"https:\/\/innovaimpacta.cl\/\" target=\"_blank\" rel=\"noopener noreferrer\"><span lang=\"ES-CL\">https:\/\/innovaimpacta.cl\/<\/span><\/a><\/span><\/p>\n<\/div><\/section><\/div><div  style='height:50px' class='hr hr-invisible   avia-builder-el-6  el_after_av_one_full  el_before_av_social_share '><span class='hr-inner ' ><span class='hr-inner-style'><\/span><\/span><\/div><\/p>\n<div  class='av-social-sharing-box  avia-builder-el-7  el_after_av_hr  el_before_av_hr  '><div class='av-share-box'><h5 class='av-share-link-description av-no-toc '>Compartir esta noticia<\/h5><ul class='av-share-box-list noLightbox'><li class='av-share-link av-social-link-facebook' ><a target=\"_blank\" aria-label=\"Compartir en Facebook\" href='https:\/\/www.facebook.com\/sharer.php?u=https:\/\/radiorevelacionfm.cl\/?p=16998&#038;t=Extienden%20plazo%20de%20inscripci%C3%B3n%20para%20ronda%20de%20negocios%20Innova%20Impacta%20de%20CORFO%20sobre%20econom%C3%ADa%20circular' aria-hidden='false' data-av_icon='\ue8f3' data-av_iconfont='entypo-fontello' title='' data-avia-related-tooltip='Compartir en Facebook' rel=\"noopener\"><span class='avia_hidden_link_text'>Compartir en Facebook<\/span><\/a><\/li><li class='av-share-link av-social-link-twitter' ><a target=\"_blank\" aria-label=\"Compartir en Twitter\" href='https:\/\/twitter.com\/share?text=Extienden%20plazo%20de%20inscripci%C3%B3n%20para%20ronda%20de%20negocios%20Innova%20Impacta%20de%20CORFO%20sobre%20econom%C3%ADa%20circular&#038;url=https:\/\/radiorevelacionfm.cl\/?p=16998' aria-hidden='false' data-av_icon='\ue8f1' data-av_iconfont='entypo-fontello' title='' data-avia-related-tooltip='Compartir en Twitter' rel=\"noopener\"><span class='avia_hidden_link_text'>Compartir en Twitter<\/span><\/a><\/li><li class='av-share-link av-social-link-whatsapp' ><a target=\"_blank\" aria-label=\"Compartir en Whatsapp\" href='https:\/\/api.whatsapp.com\/send?text=https:\/\/radiorevelacionfm.cl\/?p=16998' aria-hidden='false' data-av_icon='\uf232' data-av_iconfont='entypo-fontello' title='' data-avia-related-tooltip='Compartir en Whatsapp' rel=\"noopener\"><span class='avia_hidden_link_text'>Compartir en Whatsapp<\/span><\/a><\/li><li class='av-share-link av-social-link-linkedin' ><a target=\"_blank\" aria-label=\"Compartir en LinkedIn\" href='https:\/\/linkedin.com\/shareArticle?mini=true&#038;title=Extienden%20plazo%20de%20inscripci%C3%B3n%20para%20ronda%20de%20negocios%20Innova%20Impacta%20de%20CORFO%20sobre%20econom%C3%ADa%20circular&#038;url=https:\/\/radiorevelacionfm.cl\/?p=16998' aria-hidden='false' data-av_icon='\ue8fc' data-av_iconfont='entypo-fontello' title='' data-avia-related-tooltip='Compartir en LinkedIn' rel=\"noopener\"><span class='avia_hidden_link_text'>Compartir en LinkedIn<\/span><\/a><\/li><li class='av-share-link av-social-link-mail' ><a  aria-label=\"Compartir por correo\" href='mailto:?subject=Extienden%20plazo%20de%20inscripci%C3%B3n%20para%20ronda%20de%20negocios%20Innova%20Impacta%20de%20CORFO%20sobre%20econom%C3%ADa%20circular&#038;body=https:\/\/radiorevelacionfm.cl\/?p=16998' aria-hidden='false' data-av_icon='\ue805' data-av_iconfont='entypo-fontello' title='' data-avia-related-tooltip='Compartir por correo'><span class='avia_hidden_link_text'>Compartir por correo<\/span><\/a><\/li><\/ul><\/div><\/div>\n<div  style='height:50px' class='hr hr-invisible   avia-builder-el-8  el_after_av_social_share  el_before_av_comments_list '><span class='hr-inner ' ><span class='hr-inner-style'><\/span><\/span><\/div>\n<div  class='av-buildercomment  av-blog-meta-html-info-disabled av-blog-meta-tag-disabled  '><\/div>\n","protected":false},"excerpt":{"rendered":"","protected":false},"author":1,"featured_media":16999,"comment_status":"open","ping_status":"open","sticky":false,"template":"","format":"standard","meta":{"footnotes":""},"categories":[45,37],"tags":[],"class_list":["post-16998","post","type-post","status-publish","format-standard","has-post-thumbnail","hentry","category-comercio","category-economia"],"jetpack_featured_media_url":"https:\/\/radiorevelacionfm.cl\/wp-content\/uploads\/2022\/05\/economia-circular_003-1_optimized.jpg","_links":{"self":[{"href":"https:\/\/radiorevelacionfm.cl\/index.php?rest_route=\/wp\/v2\/posts\/16998","targetHints":{"allow":["GET"]}}],"collection":[{"href":"https:\/\/radiorevelacionfm.cl\/index.php?rest_route=\/wp\/v2\/posts"}],"about":[{"href":"https:\/\/radiorevelacionfm.cl\/index.php?rest_route=\/wp\/v2\/types\/post"}],"author":[{"embeddable":true,"href":"https:\/\/radiorevelacionfm.cl\/index.php?rest_route=\/wp\/v2\/users\/1"}],"replies":[{"embeddable":true,"href":"https:\/\/radiorevelacionfm.cl\/index.php?rest_route=%2Fwp%2Fv2%2Fcomments&post=16998"}],"version-history":[{"count":2,"href":"https:\/\/radiorevelacionfm.cl\/index.php?rest_route=\/wp\/v2\/posts\/16998\/revisions"}],"predecessor-version":[{"id":17026,"href":"https:\/\/radiorevelacionfm.cl\/index.php?rest_route=\/wp\/v2\/posts\/16998\/revisions\/17026"}],"wp:featuredmedia":[{"embeddable":true,"href":"https:\/\/radiorevelacionfm.cl\/index.php?rest_route=\/wp\/v2\/media\/16999"}],"wp:attachment":[{"href":"https:\/\/radiorevelacionfm.cl\/index.php?rest_route=%2Fwp%2Fv2%2Fmedia&parent=16998"}],"wp:term":[{"taxonomy":"category","embeddable":true,"href":"https:\/\/radiorevelacionfm.cl\/index.php?rest_route=%2Fwp%2Fv2%2Fcategories&post=16998"},{"taxonomy":"post_tag","embeddable":true,"href":"https:\/\/radiorevelacionfm.cl\/index.php?rest_route=%2Fwp%2Fv2%2Ftags&post=16998"}],"curies":[{"name":"wp","href":"https:\/\/api.w.org\/{rel}","templated":true}]}}