{"id":16995,"date":"2022-05-19T20:35:37","date_gmt":"2022-05-19T23:35:37","guid":{"rendered":"https:\/\/radiorevelacionfm.cl\/?p=16995"},"modified":"2022-05-19T20:35:37","modified_gmt":"2022-05-19T23:35:37","slug":"director-seguridad-publica-interpone-denuncia-en-la-pdi-tras-choque-y-destruccion-de-semaforo","status":"publish","type":"post","link":"https:\/\/radiorevelacionfm.cl\/?p=16995","title":{"rendered":"Director Seguridad Publica interpone denuncia en la PDI tras choque y destrucci\u00f3n de sem\u00e1foro"},"content":{"rendered":"<div class=\"flex_column av_one_full  flex_column_div av-zero-column-padding first  avia-builder-el-0  el_before_av_one_full  avia-builder-el-first  \" style='border-radius:0px; '><div  class='avia-image-container  av-styling-    avia-builder-el-1  avia-builder-el-no-sibling  avia-align-center '  itemprop=\"image\" itemscope=\"itemscope\" itemtype=\"https:\/\/schema.org\/ImageObject\"  ><div class='avia-image-container-inner'><div class='avia-image-overlay-wrap'><img decoding=\"async\" class='wp-image-16996 avia-img-lazy-loading-not-16996 avia_image' src=\"https:\/\/radiorevelacionfm.cl\/wp-content\/uploads\/2022\/05\/MARCO-PDI-1-1-1.jpeg\" alt='' title='MARCO PDI 1 (1) (1)' height=\"600\" width=\"800\"  itemprop=\"thumbnailUrl\" srcset=\"https:\/\/radiorevelacionfm.cl\/wp-content\/uploads\/2022\/05\/MARCO-PDI-1-1-1.jpeg 800w, https:\/\/radiorevelacionfm.cl\/wp-content\/uploads\/2022\/05\/MARCO-PDI-1-1-1-300x225.jpeg 300w, https:\/\/radiorevelacionfm.cl\/wp-content\/uploads\/2022\/05\/MARCO-PDI-1-1-1-768x576.jpeg 768w, https:\/\/radiorevelacionfm.cl\/wp-content\/uploads\/2022\/05\/MARCO-PDI-1-1-1-705x529.jpeg 705w, https:\/\/radiorevelacionfm.cl\/wp-content\/uploads\/2022\/05\/MARCO-PDI-1-1-1-600x450.jpeg 600w\" sizes=\"(max-width: 800px) 100vw, 800px\" \/><\/div><\/div><\/div><\/div><div class=\"flex_column av_one_full  flex_column_div av-zero-column-padding first  avia-builder-el-2  el_after_av_one_full  el_before_av_one_full  column-top-margin\" style='border-radius:0px; '><section class=\"av_textblock_section \"  itemscope=\"itemscope\" itemtype=\"https:\/\/schema.org\/BlogPosting\" itemprop=\"blogPost\" ><div class='avia_textblock  '   itemprop=\"text\" ><p style=\"text-align: center;\"><strong><span style=\"font-size: 18pt;\">Director Seguridad Publica interpone denuncia en la PDI tras choque y destrucci\u00f3n de sem\u00e1foro<\/span><\/strong><\/p>\n<div id=\"gtx-trans\" style=\"position: absolute; left: -50px; top: 4.31534px;\">\n<div class=\"gtx-trans-icon\"><\/div>\n<\/div>\n<\/div><\/section><\/div><div class=\"flex_column av_one_full  flex_column_div av-zero-column-padding first  avia-builder-el-4  el_after_av_one_full  el_before_av_hr  column-top-margin\" style='border-radius:0px; '><section class=\"av_textblock_section \"  itemscope=\"itemscope\" itemtype=\"https:\/\/schema.org\/BlogPosting\" itemprop=\"blogPost\" ><div class='avia_textblock  '   itemprop=\"text\" ><p style=\"text-align: justify;\">Hasta el cuartel de la PDI en Ays\u00e9n lleg\u00f3 el director municipal de seguridad p\u00fablica, Marco Co\u00f1uecar, quien, junto a un asesor jur\u00eddico, interpusieron una denuncia con el fin de que el Ministerio Publico tome conocimiento y ordene una investigaci\u00f3n que permita determinar responsabilidades, en el choque y destrucci\u00f3n de un sem\u00e1foro que estaba instalado en la esquina de Sargento Aldea y Eusebio Ibar, en pleno centro de Puerto Ays\u00e9n.<\/p>\n<p style=\"text-align: justify;\">Un rol importante jug\u00f3 en esta oportunidad el apoyo de la ciudadan\u00eda, ya que, de forma an\u00f3nima se hizo llegar un CD con im\u00e1genes del d\u00eda que ocurrieron los hechos. Tal como lo inform\u00f3, Co\u00f1uecar.<\/p>\n<p style=\"text-align: justify;\">\u201cEl d\u00eda domingo nos percatamos de este hecho, del destrozo del sem\u00e1foro en Eusebio Ibar con Sargento Aldea, situaci\u00f3n que lamentamos y comenzamos en ese momento a trabajar. Hicimos tambi\u00e9n un llamado a la comunidad si ten\u00eda alg\u00fan antecedente, agradecer en este caso porque, un vecino se acerc\u00f3 a la direcci\u00f3n de seguridad p\u00fablica, se comunic\u00f3 conmigo y me hizo entrega de un CD que conten\u00eda im\u00e1genes que son muy importantes porque describen totalmente el hecho, desde el impacto hasta la salida del veh\u00edculo. Hicimos la denuncia en la PDI, de manera que ahora sea un ente externo que pueda investigar y a trav\u00e9s del Ministerio Publico podamos perseguir a los responsables\u201d.<\/p>\n<p style=\"text-align: justify;\">El director municipal de seguridad p\u00fablica, remarc\u00f3 que se llevaran a cabo todas las acciones legales que permitan reponer el sem\u00e1foro destruido.<\/p>\n<p style=\"text-align: justify;\">\u201cComo municipio se van a realizar todas las acciones legales, de manera de que podamos reparar el da\u00f1o, la idea es que, la persona que cometi\u00f3 esta acci\u00f3n pueda hacerse responsable y tambi\u00e9n podamos entregar a la comunidad un nuevo sem\u00e1foro. Destacar que, hay im\u00e1genes que son bastante claras, as\u00ed es que, esperamos ahora con el actuar de la PDI, con la investigaci\u00f3n que se va a realizar y con todo lo que el Ministerio Publico ordene, podamos llegar al responsable, que los Tribunales puedan dar una sanci\u00f3n ejemplificadora y nosotros como municipio vamos a sumarnos a las acciones. Ya se analiz\u00f3 con el \u00e1rea jur\u00eddica para presentar acciones legales a quien resulte responsable y podamos dar la tranquilidad a los vecinos, que, cada vez que exista un da\u00f1o al patrimonio municipal, no se va a descansar hasta llegar a los responsables\u201d, puntualiz\u00f3 Marco Co\u00f1uecar.<\/p>\n<\/div><\/section><\/div><div  style='height:50px' class='hr hr-invisible   avia-builder-el-6  el_after_av_one_full  el_before_av_social_share '><span class='hr-inner ' ><span class='hr-inner-style'><\/span><\/span><\/div><\/p>\n<div  class='av-social-sharing-box  avia-builder-el-7  el_after_av_hr  el_before_av_hr  '><div class='av-share-box'><h5 class='av-share-link-description av-no-toc '>Compartir esta noticia<\/h5><ul class='av-share-box-list noLightbox'><li class='av-share-link av-social-link-facebook' ><a target=\"_blank\" aria-label=\"Compartir en Facebook\" href='https:\/\/www.facebook.com\/sharer.php?u=https:\/\/radiorevelacionfm.cl\/?p=16995&#038;t=Director%20Seguridad%20Publica%20interpone%20denuncia%20en%20la%20PDI%20tras%20choque%20y%20destrucci%C3%B3n%20de%20sem%C3%A1foro' aria-hidden='false' data-av_icon='\ue8f3' data-av_iconfont='entypo-fontello' title='' data-avia-related-tooltip='Compartir en Facebook' rel=\"noopener\"><span class='avia_hidden_link_text'>Compartir en Facebook<\/span><\/a><\/li><li class='av-share-link av-social-link-twitter' ><a target=\"_blank\" aria-label=\"Compartir en Twitter\" href='https:\/\/twitter.com\/share?text=Director%20Seguridad%20Publica%20interpone%20denuncia%20en%20la%20PDI%20tras%20choque%20y%20destrucci%C3%B3n%20de%20sem%C3%A1foro&#038;url=https:\/\/radiorevelacionfm.cl\/?p=16995' aria-hidden='false' data-av_icon='\ue8f1' data-av_iconfont='entypo-fontello' title='' data-avia-related-tooltip='Compartir en Twitter' rel=\"noopener\"><span class='avia_hidden_link_text'>Compartir en Twitter<\/span><\/a><\/li><li class='av-share-link av-social-link-whatsapp' ><a target=\"_blank\" aria-label=\"Compartir en Whatsapp\" href='https:\/\/api.whatsapp.com\/send?text=https:\/\/radiorevelacionfm.cl\/?p=16995' aria-hidden='false' data-av_icon='\uf232' data-av_iconfont='entypo-fontello' title='' data-avia-related-tooltip='Compartir en Whatsapp' rel=\"noopener\"><span class='avia_hidden_link_text'>Compartir en Whatsapp<\/span><\/a><\/li><li class='av-share-link av-social-link-linkedin' ><a target=\"_blank\" aria-label=\"Compartir en LinkedIn\" href='https:\/\/linkedin.com\/shareArticle?mini=true&#038;title=Director%20Seguridad%20Publica%20interpone%20denuncia%20en%20la%20PDI%20tras%20choque%20y%20destrucci%C3%B3n%20de%20sem%C3%A1foro&#038;url=https:\/\/radiorevelacionfm.cl\/?p=16995' aria-hidden='false' data-av_icon='\ue8fc' data-av_iconfont='entypo-fontello' title='' data-avia-related-tooltip='Compartir en LinkedIn' rel=\"noopener\"><span class='avia_hidden_link_text'>Compartir en LinkedIn<\/span><\/a><\/li><li class='av-share-link av-social-link-mail' ><a  aria-label=\"Compartir por correo\" href='mailto:?subject=Director%20Seguridad%20Publica%20interpone%20denuncia%20en%20la%20PDI%20tras%20choque%20y%20destrucci%C3%B3n%20de%20sem%C3%A1foro&#038;body=https:\/\/radiorevelacionfm.cl\/?p=16995' aria-hidden='false' data-av_icon='\ue805' data-av_iconfont='entypo-fontello' title='' data-avia-related-tooltip='Compartir por correo'><span class='avia_hidden_link_text'>Compartir por correo<\/span><\/a><\/li><\/ul><\/div><\/div>\n<div  style='height:50px' class='hr hr-invisible   avia-builder-el-8  el_after_av_social_share  el_before_av_comments_list '><span class='hr-inner ' ><span class='hr-inner-style'><\/span><\/span><\/div>\n<div  class='av-buildercomment  av-blog-meta-html-info-disabled av-blog-meta-tag-disabled  '><\/div>\n","protected":false},"excerpt":{"rendered":"","protected":false},"author":1,"featured_media":16996,"comment_status":"open","ping_status":"open","sticky":false,"template":"","format":"standard","meta":{"footnotes":""},"categories":[36],"tags":[],"class_list":["post-16995","post","type-post","status-publish","format-standard","has-post-thumbnail","hentry","category-policial"],"jetpack_featured_media_url":"https:\/\/radiorevelacionfm.cl\/wp-content\/uploads\/2022\/05\/MARCO-PDI-1-1-1.jpeg","_links":{"self":[{"href":"https:\/\/radiorevelacionfm.cl\/index.php?rest_route=\/wp\/v2\/posts\/16995","targetHints":{"allow":["GET"]}}],"collection":[{"href":"https:\/\/radiorevelacionfm.cl\/index.php?rest_route=\/wp\/v2\/posts"}],"about":[{"href":"https:\/\/radiorevelacionfm.cl\/index.php?rest_route=\/wp\/v2\/types\/post"}],"author":[{"embeddable":true,"href":"https:\/\/radiorevelacionfm.cl\/index.php?rest_route=\/wp\/v2\/users\/1"}],"replies":[{"embeddable":true,"href":"https:\/\/radiorevelacionfm.cl\/index.php?rest_route=%2Fwp%2Fv2%2Fcomments&post=16995"}],"version-history":[{"count":2,"href":"https:\/\/radiorevelacionfm.cl\/index.php?rest_route=\/wp\/v2\/posts\/16995\/revisions"}],"predecessor-version":[{"id":17007,"href":"https:\/\/radiorevelacionfm.cl\/index.php?rest_route=\/wp\/v2\/posts\/16995\/revisions\/17007"}],"wp:featuredmedia":[{"embeddable":true,"href":"https:\/\/radiorevelacionfm.cl\/index.php?rest_route=\/wp\/v2\/media\/16996"}],"wp:attachment":[{"href":"https:\/\/radiorevelacionfm.cl\/index.php?rest_route=%2Fwp%2Fv2%2Fmedia&parent=16995"}],"wp:term":[{"taxonomy":"category","embeddable":true,"href":"https:\/\/radiorevelacionfm.cl\/index.php?rest_route=%2Fwp%2Fv2%2Fcategories&post=16995"},{"taxonomy":"post_tag","embeddable":true,"href":"https:\/\/radiorevelacionfm.cl\/index.php?rest_route=%2Fwp%2Fv2%2Ftags&post=16995"}],"curies":[{"name":"wp","href":"https:\/\/api.w.org\/{rel}","templated":true}]}}