{"id":16988,"date":"2022-05-19T20:04:32","date_gmt":"2022-05-19T23:04:32","guid":{"rendered":"https:\/\/radiorevelacionfm.cl\/?p=16988"},"modified":"2022-05-19T20:06:35","modified_gmt":"2022-05-19T23:06:35","slug":"autoridades-regionales-destacan-unanimidad-y-acuerdos-en-despacho-a-ley-del-reajuste-al-salario-minimo","status":"publish","type":"post","link":"https:\/\/radiorevelacionfm.cl\/?p=16988","title":{"rendered":"Autoridades regionales destacan unanimidad y acuerdos en despacho a ley del reajuste al salario m\u00ednimo"},"content":{"rendered":"<div class=\"flex_column av_one_full  flex_column_div av-zero-column-padding first  avia-builder-el-0  el_before_av_one_full  avia-builder-el-first  \" style='border-radius:0px; '><div  class='avia-image-container  av-styling-    avia-builder-el-1  avia-builder-el-no-sibling  avia-align-center '  itemprop=\"image\" itemscope=\"itemscope\" itemtype=\"https:\/\/schema.org\/ImageObject\"  ><div class='avia-image-container-inner'><div class='avia-image-overlay-wrap'><img decoding=\"async\" class='wp-image-16989 avia-img-lazy-loading-not-16989 avia_image' src=\"https:\/\/radiorevelacionfm.cl\/wp-content\/uploads\/2022\/05\/delegado-araya-y-seremi-trab-diaz-1_optimized.jpg\" alt='' title='delegado-araya-y-seremi-trab-diaz-(1)_optimized' height=\"600\" width=\"830\"  itemprop=\"thumbnailUrl\" srcset=\"https:\/\/radiorevelacionfm.cl\/wp-content\/uploads\/2022\/05\/delegado-araya-y-seremi-trab-diaz-1_optimized.jpg 830w, https:\/\/radiorevelacionfm.cl\/wp-content\/uploads\/2022\/05\/delegado-araya-y-seremi-trab-diaz-1_optimized-300x217.jpg 300w, https:\/\/radiorevelacionfm.cl\/wp-content\/uploads\/2022\/05\/delegado-araya-y-seremi-trab-diaz-1_optimized-768x555.jpg 768w, https:\/\/radiorevelacionfm.cl\/wp-content\/uploads\/2022\/05\/delegado-araya-y-seremi-trab-diaz-1_optimized-705x510.jpg 705w, https:\/\/radiorevelacionfm.cl\/wp-content\/uploads\/2022\/05\/delegado-araya-y-seremi-trab-diaz-1_optimized-600x434.jpg 600w\" sizes=\"(max-width: 830px) 100vw, 830px\" \/><\/div><\/div><\/div><\/div>\n<div class=\"flex_column av_one_full  flex_column_div av-zero-column-padding first  avia-builder-el-2  el_after_av_one_full  el_before_av_one_full  column-top-margin\" style='border-radius:0px; '><section class=\"av_textblock_section \"  itemscope=\"itemscope\" itemtype=\"https:\/\/schema.org\/BlogPosting\" itemprop=\"blogPost\" ><div class='avia_textblock  '   itemprop=\"text\" ><p style=\"text-align: center;\"><span style=\"font-size: 18pt;\"><strong>Autoridades regionales destacan unanimidad y acuerdos en despacho a ley del reajuste al salario m\u00ednimo<\/strong><\/span><\/p>\n<div id=\"gtx-trans\" style=\"position: absolute; left: -50px; top: 4.31534px;\">\n<div class=\"gtx-trans-icon\"><\/div>\n<\/div>\n<\/div><\/section><\/div><div class=\"flex_column av_one_full  flex_column_div av-zero-column-padding first  avia-builder-el-4  el_after_av_one_full  el_before_av_hr  column-top-margin\" style='border-radius:0px; '><section class=\"av_textblock_section \"  itemscope=\"itemscope\" itemtype=\"https:\/\/schema.org\/BlogPosting\" itemprop=\"blogPost\" ><div class='avia_textblock  '   itemprop=\"text\" ><p class=\"v1MsoNormal\" style=\"text-align: justify;\"><span lang=\"ES\">Por unanimidad se aprob\u00f3 en el Congreso el proyecto de ley que reajusta el salario m\u00ednimo, faltando solamente su publicaci\u00f3n en el Diario Oficial, siendo valorado por las autoridades regionales, ya que se trata de la mayor alza en 25 a\u00f1os.<\/span><\/p>\n<p class=\"v1MsoNormal\" style=\"text-align: justify;\"><span lang=\"ES\">El Delegado Presidencial Regional, Rodrigo Araya Morales, se\u00f1al\u00f3 que se trata de una medida concreta, obtenida como resultado de un acuerdo amplio entre trabajadores, empresas, pymes y parlamentarios.<\/span><\/p>\n<p class=\"v1MsoNormal\" style=\"text-align: justify;\"><span lang=\"ES\">\u00abCelebramos el acuerdo que acabamos de alcanzar con respecto a la mejora del sueldo m\u00ednimo, por lo tanto, esto es muy significativo para nosotros. Nos abre un camino de trabajo en coordinaci\u00f3n, en conversaciones, viendo las diferencias, llegando a acuerdos, y esa es la apuesta de este gobierno, muy dialogante con los trabajadores\u00bb, destac\u00f3.<\/span><\/p>\n<p class=\"v1MsoNormal\" style=\"text-align: justify;\"><span lang=\"ES\">En la misma l\u00ednea, el Seremi de Trabajo y Previsi\u00f3n Social, Rodrigo D\u00edaz Cordaro, coment\u00f3 \u00abHan aprobado por unanimidad el reajuste al salario m\u00ednimo, esa es una gran noticia para todas las familias, para la econom\u00eda familiar. Se traduce en que es el mayor aumento que ha existido en los \u00faltimos 25 a\u00f1os del salario m\u00ednimo. Es un hecho in\u00e9dito y que quiero destacar de sobremanera y \u00bfeso que implica? Que a partir de mayo el salario m\u00ednimo ser\u00e1 de $380.000 y, a contar de agosto, a $400.000\u00bb.<\/span><\/p>\n<p class=\"v1MsoNormal\" style=\"text-align: justify;\"><span lang=\"ES\">La autoridad laboral tambi\u00e9n se refiri\u00f3 a otros aspectos del proyecto de ley que se aprobaron \u00abSi la inflaci\u00f3n acumulada en los \u00faltimos 12 meses llega al 7%, el salario m\u00ednimo se reajustar\u00eda en el mes de enero a $410.000. Tambi\u00e9n existir\u00e1 un apoyo a las micro y peque\u00f1as empresas, y una compensaci\u00f3n ante las alzas de precios de la canasta b\u00e1sica de alimentos que se van a pagar v\u00eda Subsidio \u00danico Familiar y Asignaci\u00f3n Familiar. Quiero destacar que esto es parte de las 21 medidas del Plan Chile Apoya\u00bb, mencion\u00f3 D\u00edaz Cordaro.<\/span><\/p>\n<p class=\"v1MsoNormal\" style=\"text-align: justify;\"><span lang=\"ES\">Tal como detall\u00f3 el Seremi, el proyecto despachado a ley considera tambi\u00e9n un subsidio para que MiPymes enfrenten el alza del ingreso b\u00e1sico. En este caso, el subsidio ser\u00e1 de $22 mil por trabajador a partir de mayo y de $26 mil en agosto, esto \u00faltimo producto de las indicaciones introducidas durante la tramitaci\u00f3n en las comisiones unidas de Trabajo y Hacienda del Senado. Adem\u00e1s, si el ingreso b\u00e1sico llega a $410 mil en enero, en caso de que la inflaci\u00f3n llegue a 7%, el subsidio ser\u00e1 de $32 mil.<\/span><\/p>\n<p class=\"v1MsoNormal\" style=\"text-align: justify;\"><span lang=\"ES\">\u00abEsperamos que esto se publique en los pr\u00f3ximos d\u00edas en el Diario Oficial para que se convierta en ley, pueda ser una realidad y por tanto, un beneficio para las y los trabajadores de nuestra regi\u00f3n. Esta ley beneficiar\u00e1 a m\u00e1s de 850 mil trabajadores que hoy perciben el salario m\u00ednimo a nivel nacional y estimamos que a 10.000 trabajadores y trabajadoras aproximadamente en nuestra Regi\u00f3n de Ays\u00e9n\u00bb, se\u00f1al\u00f3 finalmente D\u00edaz Cordaro.<\/span><\/p>\n<p class=\"v1MsoNormal\" style=\"text-align: justify;\"><span lang=\"ES\">En su paso por el Congreso, con respecto al subsidio a las micro y peque\u00f1as empresas, se elimin\u00f3 la aplicaci\u00f3n del factor de ventas, que implicaba que el monto del subsidio disminu\u00eda para empresas medianas mientras mayores fueran sus ventas. Esto beneficia a alrededor de 7.620 empresas medianas, que representan un universo de alrededor de 35.000 trabajadores y trabajadoras.<\/span><\/p>\n<p class=\"v1MsoNormal\" style=\"text-align: justify;\"><span lang=\"ES\">Por otro lado, la aprobaci\u00f3n dar\u00e1 lugar a una compensaci\u00f3n por el aumento de precios de la canasta b\u00e1sica de alimentos. Esto se har\u00e1 mediante incrementos en la Asignaci\u00f3n Familiar y el Subsidio \u00danico Familiar. Producto de las modificaciones introducidas en las comisiones unidas de Trabajo y Hacienda del Senado, la cobertura se ampli\u00f3 a los beneficiarios del subsistema de Seguridades y Oportunidades y de Chile Solidario. De igual modo, se extendi\u00f3 desde diciembre de 2022, mes hasta el cual se extend\u00eda en el proyecto original, hasta abril de 2023.<\/span><\/p>\n<p class=\"v1MsoNormal\" style=\"text-align: justify;\"><span lang=\"ES\">As\u00ed, a los beneficiarios originales por el aumento a la Asignaci\u00f3n Familiar y al Subsidio \u00danico Familiar (1.678.389), se suman 41.462 causantes del subsistema de Seguridades y Oportunidades y de Chile Solidario, con un costo adicional de $3.405 millones en 2022. En este sentido, ser\u00edan m\u00e1s de 17.600 los causantes del Subsidio \u00danico Familiar que se ver\u00edan beneficiarios en nuestra Regi\u00f3n de Ays\u00e9n.<\/span><\/p>\n<p class=\"v1MsoNormal\" style=\"text-align: justify;\"><span lang=\"ES\">Por \u00faltimo, la ley suprime el c\u00e1lculo proporcional del Ingreso M\u00ednimo Garantizado para las jornadas ordinarias de trabajo inferiores al m\u00e1ximo semanal (45) y, de igual modo, ahora ser\u00e1 el trabajador quien deber\u00e1 solicitar el beneficio, suprimiendo el procedimiento de postulaci\u00f3n a trav\u00e9s del empleador.<\/span><\/p>\n<p class=\"v1MsoNormal\" style=\"text-align: justify;\"><span lang=\"ES\">De acuerdo con el Informe Financiero del Gobierno, con estas indicaciones el reajuste irrogar\u00e1 un mayor gasto fiscal de $18.207 millones en 2022; y de $144.780 millones en caso de que se cumpla el supuesto de que la inflaci\u00f3n llegue a 7% en enero de 2023.\u00a0<\/span><\/p>\n<\/div><\/section><\/div><\/p>\n<div  style='height:50px' class='hr hr-invisible   avia-builder-el-6  el_after_av_one_full  el_before_av_social_share '><span class='hr-inner ' ><span class='hr-inner-style'><\/span><\/span><\/div>\n<div  class='av-social-sharing-box  avia-builder-el-7  el_after_av_hr  el_before_av_hr  '><div class='av-share-box'><h5 class='av-share-link-description av-no-toc '>Compartir esta noticia<\/h5><ul class='av-share-box-list noLightbox'><li class='av-share-link av-social-link-facebook' ><a target=\"_blank\" aria-label=\"Compartir en Facebook\" href='https:\/\/www.facebook.com\/sharer.php?u=https:\/\/radiorevelacionfm.cl\/?p=16988&#038;t=Autoridades%20regionales%20destacan%20unanimidad%20y%20acuerdos%20en%20despacho%20a%20ley%20del%20reajuste%20al%20salario%20m%C3%ADnimo' aria-hidden='false' data-av_icon='\ue8f3' data-av_iconfont='entypo-fontello' title='' data-avia-related-tooltip='Compartir en Facebook' rel=\"noopener\"><span class='avia_hidden_link_text'>Compartir en Facebook<\/span><\/a><\/li><li class='av-share-link av-social-link-twitter' ><a target=\"_blank\" aria-label=\"Compartir en Twitter\" href='https:\/\/twitter.com\/share?text=Autoridades%20regionales%20destacan%20unanimidad%20y%20acuerdos%20en%20despacho%20a%20ley%20del%20reajuste%20al%20salario%20m%C3%ADnimo&#038;url=https:\/\/radiorevelacionfm.cl\/?p=16988' aria-hidden='false' data-av_icon='\ue8f1' data-av_iconfont='entypo-fontello' title='' data-avia-related-tooltip='Compartir en Twitter' rel=\"noopener\"><span class='avia_hidden_link_text'>Compartir en Twitter<\/span><\/a><\/li><li class='av-share-link av-social-link-whatsapp' ><a target=\"_blank\" aria-label=\"Compartir en Whatsapp\" href='https:\/\/api.whatsapp.com\/send?text=https:\/\/radiorevelacionfm.cl\/?p=16988' aria-hidden='false' data-av_icon='\uf232' data-av_iconfont='entypo-fontello' title='' data-avia-related-tooltip='Compartir en Whatsapp' rel=\"noopener\"><span class='avia_hidden_link_text'>Compartir en Whatsapp<\/span><\/a><\/li><li class='av-share-link av-social-link-linkedin' ><a target=\"_blank\" aria-label=\"Compartir en LinkedIn\" href='https:\/\/linkedin.com\/shareArticle?mini=true&#038;title=Autoridades%20regionales%20destacan%20unanimidad%20y%20acuerdos%20en%20despacho%20a%20ley%20del%20reajuste%20al%20salario%20m%C3%ADnimo&#038;url=https:\/\/radiorevelacionfm.cl\/?p=16988' aria-hidden='false' data-av_icon='\ue8fc' data-av_iconfont='entypo-fontello' title='' data-avia-related-tooltip='Compartir en LinkedIn' rel=\"noopener\"><span class='avia_hidden_link_text'>Compartir en LinkedIn<\/span><\/a><\/li><li class='av-share-link av-social-link-mail' ><a  aria-label=\"Compartir por correo\" href='mailto:?subject=Autoridades%20regionales%20destacan%20unanimidad%20y%20acuerdos%20en%20despacho%20a%20ley%20del%20reajuste%20al%20salario%20m%C3%ADnimo&#038;body=https:\/\/radiorevelacionfm.cl\/?p=16988' aria-hidden='false' data-av_icon='\ue805' data-av_iconfont='entypo-fontello' title='' data-avia-related-tooltip='Compartir por correo'><span class='avia_hidden_link_text'>Compartir por correo<\/span><\/a><\/li><\/ul><\/div><\/div>\n<div  style='height:50px' class='hr hr-invisible   avia-builder-el-8  el_after_av_social_share  el_before_av_comments_list '><span class='hr-inner ' ><span class='hr-inner-style'><\/span><\/span><\/div>\n<div  class='av-buildercomment  av-blog-meta-html-info-disabled av-blog-meta-tag-disabled  '><\/div>\n","protected":false},"excerpt":{"rendered":"","protected":false},"author":1,"featured_media":16989,"comment_status":"open","ping_status":"open","sticky":false,"template":"","format":"standard","meta":{"footnotes":""},"categories":[35],"tags":[],"class_list":["post-16988","post","type-post","status-publish","format-standard","has-post-thumbnail","hentry","category-politica"],"jetpack_featured_media_url":"https:\/\/radiorevelacionfm.cl\/wp-content\/uploads\/2022\/05\/delegado-araya-y-seremi-trab-diaz-1_optimized.jpg","_links":{"self":[{"href":"https:\/\/radiorevelacionfm.cl\/index.php?rest_route=\/wp\/v2\/posts\/16988","targetHints":{"allow":["GET"]}}],"collection":[{"href":"https:\/\/radiorevelacionfm.cl\/index.php?rest_route=\/wp\/v2\/posts"}],"about":[{"href":"https:\/\/radiorevelacionfm.cl\/index.php?rest_route=\/wp\/v2\/types\/post"}],"author":[{"embeddable":true,"href":"https:\/\/radiorevelacionfm.cl\/index.php?rest_route=\/wp\/v2\/users\/1"}],"replies":[{"embeddable":true,"href":"https:\/\/radiorevelacionfm.cl\/index.php?rest_route=%2Fwp%2Fv2%2Fcomments&post=16988"}],"version-history":[{"count":3,"href":"https:\/\/radiorevelacionfm.cl\/index.php?rest_route=\/wp\/v2\/posts\/16988\/revisions"}],"predecessor-version":[{"id":16993,"href":"https:\/\/radiorevelacionfm.cl\/index.php?rest_route=\/wp\/v2\/posts\/16988\/revisions\/16993"}],"wp:featuredmedia":[{"embeddable":true,"href":"https:\/\/radiorevelacionfm.cl\/index.php?rest_route=\/wp\/v2\/media\/16989"}],"wp:attachment":[{"href":"https:\/\/radiorevelacionfm.cl\/index.php?rest_route=%2Fwp%2Fv2%2Fmedia&parent=16988"}],"wp:term":[{"taxonomy":"category","embeddable":true,"href":"https:\/\/radiorevelacionfm.cl\/index.php?rest_route=%2Fwp%2Fv2%2Fcategories&post=16988"},{"taxonomy":"post_tag","embeddable":true,"href":"https:\/\/radiorevelacionfm.cl\/index.php?rest_route=%2Fwp%2Fv2%2Ftags&post=16988"}],"curies":[{"name":"wp","href":"https:\/\/api.w.org\/{rel}","templated":true}]}}