{"id":16971,"date":"2022-05-19T14:04:40","date_gmt":"2022-05-19T17:04:40","guid":{"rendered":"https:\/\/radiorevelacionfm.cl\/?p=16971"},"modified":"2022-05-19T14:04:40","modified_gmt":"2022-05-19T17:04:40","slug":"comision-de-vivienda-del-senado-analiza-impacto-de-megaloteos-acordando-formar-mesa-tecnica-para-generar-propuestas-que-permitan-regular-de-mejor-forma-el-tema","status":"publish","type":"post","link":"https:\/\/radiorevelacionfm.cl\/?p=16971","title":{"rendered":"Comisi\u00f3n de Vivienda del Senado analiza impacto de megaloteos, acordando formar mesa t\u00e9cnica para generar propuestas que permitan regular de mejor forma el tema"},"content":{"rendered":"<div class=\"flex_column av_one_full  flex_column_div av-zero-column-padding first  avia-builder-el-0  el_before_av_one_full  avia-builder-el-first  \" style='border-radius:0px; '><div  class='avia-image-container  av-styling-    avia-builder-el-1  avia-builder-el-no-sibling  avia-align-center '  itemprop=\"image\" itemscope=\"itemscope\" itemtype=\"https:\/\/schema.org\/ImageObject\"  ><div class='avia-image-container-inner'><div class='avia-image-overlay-wrap'><img decoding=\"async\" class='wp-image-16972 avia-img-lazy-loading-not-16972 avia_image' src=\"https:\/\/radiorevelacionfm.cl\/wp-content\/uploads\/2022\/05\/alcalde-de-rIo-ibANez-por-zoom-1_optimized.jpg\" alt='' title='alcalde-de-r\u00cdo-ib\u00c1\u00d1ez-por-zoom-(1)_optimized' height=\"600\" width=\"1275\"  itemprop=\"thumbnailUrl\" srcset=\"https:\/\/radiorevelacionfm.cl\/wp-content\/uploads\/2022\/05\/alcalde-de-rIo-ibANez-por-zoom-1_optimized.jpg 1275w, https:\/\/radiorevelacionfm.cl\/wp-content\/uploads\/2022\/05\/alcalde-de-rIo-ibANez-por-zoom-1_optimized-300x141.jpg 300w, https:\/\/radiorevelacionfm.cl\/wp-content\/uploads\/2022\/05\/alcalde-de-rIo-ibANez-por-zoom-1_optimized-1030x485.jpg 1030w, https:\/\/radiorevelacionfm.cl\/wp-content\/uploads\/2022\/05\/alcalde-de-rIo-ibANez-por-zoom-1_optimized-768x361.jpg 768w, https:\/\/radiorevelacionfm.cl\/wp-content\/uploads\/2022\/05\/alcalde-de-rIo-ibANez-por-zoom-1_optimized-705x332.jpg 705w, https:\/\/radiorevelacionfm.cl\/wp-content\/uploads\/2022\/05\/alcalde-de-rIo-ibANez-por-zoom-1_optimized-600x282.jpg 600w\" sizes=\"(max-width: 1275px) 100vw, 1275px\" \/><\/div><\/div><\/div><\/div><div class=\"flex_column av_one_full  flex_column_div av-zero-column-padding first  avia-builder-el-2  el_after_av_one_full  el_before_av_one_full  column-top-margin\" style='border-radius:0px; '><section class=\"av_textblock_section \"  itemscope=\"itemscope\" itemtype=\"https:\/\/schema.org\/BlogPosting\" itemprop=\"blogPost\" ><div class='avia_textblock  '   itemprop=\"text\" ><p style=\"text-align: center;\"><span style=\"font-size: 18pt;\"><strong>Comisi\u00f3n de Vivienda del Senado analiza impacto de megaloteos, acordando formar mesa t\u00e9cnica para generar propuestas que permitan regular de mejor forma el tema<\/strong><\/span><\/p>\n<div id=\"gtx-trans\" style=\"position: absolute; left: -50px; top: 4.31534px;\">\n<div class=\"gtx-trans-icon\"><\/div>\n<\/div>\n<\/div><\/section><\/div><div class=\"flex_column av_one_full  flex_column_div av-zero-column-padding first  avia-builder-el-4  el_after_av_one_full  el_before_av_hr  column-top-margin\" style='border-radius:0px; '><section class=\"av_textblock_section \"  itemscope=\"itemscope\" itemtype=\"https:\/\/schema.org\/BlogPosting\" itemprop=\"blogPost\" ><div class='avia_textblock  '   itemprop=\"text\" ><p style=\"text-align: justify;\">\u201cLos loteos en la regi\u00f3n de Ays\u00e9n, est\u00e1n generando inquietud por parte de los alcaldes, en cuanto a la fuerte presi\u00f3n en la incorporaci\u00f3n de sectores nuevos respecto de necesidades de servicio de car\u00e1cter municipal\u201d. Con estas palabras, el senador David Sandoval se refiri\u00f3 a la \u00faltima sesi\u00f3n de la comisi\u00f3n de Vivienda de la C\u00e1mara Alta, donde se analiz\u00f3 la situaci\u00f3n de loteos en el pa\u00eds y regi\u00f3n.<\/p>\n<p style=\"text-align: justify;\">Esto, a partir de la discusi\u00f3n de un proyecto de ley que buscaba modificar el decreto 3.516, del Ministerio de Agricultura, sobre divisi\u00f3n de predios r\u00fasticos, que elevaba la subdivisi\u00f3n a partir de las 5 hect\u00e1reas, lo que finalmente fue rechazado por la comisi\u00f3n.<\/p>\n<p style=\"text-align: justify;\">En la instancia particip\u00f3 el alcalde de R\u00edo Ib\u00e1\u00f1ez y presidente de la AREMU, Marcelo Santana, quien se refiri\u00f3 a la realidad que sobre este tema se vive en su comuna, lo que fue destacado por el senador Sandoval. \u201cEl alcalde comentaba que en su comuna, en los \u00faltimos a\u00f1os, se han producido m\u00e1s de 1.200 nuevos requerimientos de subdivisi\u00f3n. Y en la regi\u00f3n, esto ha tenido un impacto particular, donde de un promedio de 2.000 loteos que se realizaban, el a\u00f1o 2021 se pas\u00f3 a m\u00e1s de siete mil casos. Por lo tanto, evidentemente que esto hay que regularlo\u201d, se\u00f1al\u00f3.<\/p>\n<p style=\"text-align: justify;\">Por lo mismo es que justific\u00f3 el rechazo al proyecto que buscaba modificar el decreto 3.516, se\u00f1alando que la misma ten\u00eda efectos diversos. \u201cSe buscaba una soluci\u00f3n, desde el punto de vista agr\u00edcola, pero se generaban otro tipo de externalidades negativas\u201d, acot\u00f3.<\/p>\n<p style=\"text-align: justify;\">Junto con ello, Sandoval se\u00f1al\u00f3 que la propuesta del ministerio de Vivienda (MINVU), de congelar los procedimientos de subdivisiones por los pr\u00f3ximos tres a\u00f1os, tampoco era la mejor soluci\u00f3n, pues no va al problema de fondo. \u201cHay realidades distintas, hay loteos rurales que son ilegales y que apuntan a crear condiciones de villorrios o con dudosa vocaci\u00f3n ambiental. Tambi\u00e9n est\u00e1 la zona suburbana, aquellas \u00e1reas adyacentes a los l\u00edmites de las ciudades, que evidentemente tiene una connotaci\u00f3n distinta. Y adem\u00e1s, est\u00e1 el c\u00f3mo se compatibiliza el anhelo de mucha gente que busca vivir en una condici\u00f3n distinta, motivado muchas veces por los altos valores de la tierra\u201d, explic\u00f3.<\/p>\n<p style=\"text-align: justify;\">Sobre el tema, el alcalde Santana agradeci\u00f3 la posibilidad de poder participar en la comisi\u00f3n, marcando su inquietud por los efectos de los megaloteos. \u201cLo que estamos viendo es que se utiliza un instrumento que est\u00e1 para subdividir la propiedad rural, y que \u00e9sta no pierda su objeto, para efectos inmobiliarios. Y es aqu\u00ed donde hemos prendido las alertas, porque creemos que que es una amenaza para los recursos ambientales disponibles en las distintas comunas, que nos genera algunos problemas desde el punto de vista social\u201d, enfatiz\u00f3.<\/p>\n<p style=\"text-align: justify;\">\u201cDebe mejorarse esa regulaci\u00f3n\u201d, agreg\u00f3 el edil, agradeciendo la invitaci\u00f3n de la comisi\u00f3n, reiterando adem\u00e1s la disponibilidad de la AREMU para futuras actividades que vayan en pos de analizar este tema y as\u00ed mejorar la regulaci\u00f3n de esta instancia.<\/p>\n<p style=\"text-align: justify;\"><strong>Mesa t\u00e9cnica<\/strong><\/p>\n<p style=\"text-align: justify;\">Con todo, se acord\u00f3 con el MINVU, crear una mesa t\u00e9cnica integrada por miembros de las comisiones de Vivienda y de Agricultura, para dise\u00f1ar una realidad regulatoria distinta. \u201cQueremos hacernos cargo de esta necesidad de establecer algunos mecanismos que permitan abordar lo que pasa con las subdivisiones que, leg\u00edtimamente, la gente busca\u201d, puntualiz\u00f3 Sandoval.<\/p>\n<p style=\"text-align: justify;\">Por lo mismo, destac\u00f3 \u201cla clar\u00edsima presentaci\u00f3n del alcalde Marcelo Santana\u201d, que permiti\u00f3 ver la realidad que se vive en Ays\u00e9n, la cual es distinta a otras regiones. \u201cLa diversidad geogr\u00e1fica en el pa\u00eds hay que tenerla presente. Y en el caso de nuestra regi\u00f3n, resguardar el patrimonio de modestos pobladores y pobladoras que por a\u00f1os, han esperado mejores condiciones de vida\u201d, recalc\u00f3.<\/p>\n<\/div><\/section><\/div><div  style='height:50px' class='hr hr-invisible   avia-builder-el-6  el_after_av_one_full  el_before_av_social_share '><span class='hr-inner ' ><span class='hr-inner-style'><\/span><\/span><\/div><\/p>\n<div  class='av-social-sharing-box  avia-builder-el-7  el_after_av_hr  el_before_av_hr  '><div class='av-share-box'><h5 class='av-share-link-description av-no-toc '>Compartir esta noticia<\/h5><ul class='av-share-box-list noLightbox'><li class='av-share-link av-social-link-facebook' ><a target=\"_blank\" aria-label=\"Compartir en Facebook\" href='https:\/\/www.facebook.com\/sharer.php?u=https:\/\/radiorevelacionfm.cl\/?p=16971&#038;t=Comisi%C3%B3n%20de%20Vivienda%20del%20Senado%20analiza%20impacto%20de%20megaloteos%2C%20acordando%20formar%20mesa%20t%C3%A9cnica%20para%20generar%20propuestas%20que%20permitan%20regular%20de%20mejor%20forma%20el%20tema' aria-hidden='false' data-av_icon='\ue8f3' data-av_iconfont='entypo-fontello' title='' data-avia-related-tooltip='Compartir en Facebook' rel=\"noopener\"><span class='avia_hidden_link_text'>Compartir en Facebook<\/span><\/a><\/li><li class='av-share-link av-social-link-twitter' ><a target=\"_blank\" aria-label=\"Compartir en Twitter\" href='https:\/\/twitter.com\/share?text=Comisi%C3%B3n%20de%20Vivienda%20del%20Senado%20analiza%20impacto%20de%20megaloteos%2C%20acordando%20formar%20mesa%20t%C3%A9cnica%20para%20generar%20propuestas%20que%20permitan%20regular%20de%20mejor%20forma%20el%20tema&#038;url=https:\/\/radiorevelacionfm.cl\/?p=16971' aria-hidden='false' data-av_icon='\ue8f1' data-av_iconfont='entypo-fontello' title='' data-avia-related-tooltip='Compartir en Twitter' rel=\"noopener\"><span class='avia_hidden_link_text'>Compartir en Twitter<\/span><\/a><\/li><li class='av-share-link av-social-link-whatsapp' ><a target=\"_blank\" aria-label=\"Compartir en Whatsapp\" href='https:\/\/api.whatsapp.com\/send?text=https:\/\/radiorevelacionfm.cl\/?p=16971' aria-hidden='false' data-av_icon='\uf232' data-av_iconfont='entypo-fontello' title='' data-avia-related-tooltip='Compartir en Whatsapp' rel=\"noopener\"><span class='avia_hidden_link_text'>Compartir en Whatsapp<\/span><\/a><\/li><li class='av-share-link av-social-link-linkedin' ><a target=\"_blank\" aria-label=\"Compartir en LinkedIn\" href='https:\/\/linkedin.com\/shareArticle?mini=true&#038;title=Comisi%C3%B3n%20de%20Vivienda%20del%20Senado%20analiza%20impacto%20de%20megaloteos%2C%20acordando%20formar%20mesa%20t%C3%A9cnica%20para%20generar%20propuestas%20que%20permitan%20regular%20de%20mejor%20forma%20el%20tema&#038;url=https:\/\/radiorevelacionfm.cl\/?p=16971' aria-hidden='false' data-av_icon='\ue8fc' data-av_iconfont='entypo-fontello' title='' data-avia-related-tooltip='Compartir en LinkedIn' rel=\"noopener\"><span class='avia_hidden_link_text'>Compartir en LinkedIn<\/span><\/a><\/li><li class='av-share-link av-social-link-mail' ><a  aria-label=\"Compartir por correo\" href='mailto:?subject=Comisi%C3%B3n%20de%20Vivienda%20del%20Senado%20analiza%20impacto%20de%20megaloteos%2C%20acordando%20formar%20mesa%20t%C3%A9cnica%20para%20generar%20propuestas%20que%20permitan%20regular%20de%20mejor%20forma%20el%20tema&#038;body=https:\/\/radiorevelacionfm.cl\/?p=16971' aria-hidden='false' data-av_icon='\ue805' data-av_iconfont='entypo-fontello' title='' data-avia-related-tooltip='Compartir por correo'><span class='avia_hidden_link_text'>Compartir por correo<\/span><\/a><\/li><\/ul><\/div><\/div>\n<div  style='height:50px' class='hr hr-invisible   avia-builder-el-8  el_after_av_social_share  el_before_av_comments_list '><span class='hr-inner ' ><span class='hr-inner-style'><\/span><\/span><\/div>\n<div  class='av-buildercomment  av-blog-meta-html-info-disabled av-blog-meta-tag-disabled  '><\/div>\n","protected":false},"excerpt":{"rendered":"","protected":false},"author":1,"featured_media":16972,"comment_status":"open","ping_status":"open","sticky":false,"template":"","format":"standard","meta":{"footnotes":""},"categories":[35],"tags":[],"class_list":["post-16971","post","type-post","status-publish","format-standard","has-post-thumbnail","hentry","category-politica"],"jetpack_featured_media_url":"https:\/\/radiorevelacionfm.cl\/wp-content\/uploads\/2022\/05\/alcalde-de-rIo-ibANez-por-zoom-1_optimized.jpg","_links":{"self":[{"href":"https:\/\/radiorevelacionfm.cl\/index.php?rest_route=\/wp\/v2\/posts\/16971","targetHints":{"allow":["GET"]}}],"collection":[{"href":"https:\/\/radiorevelacionfm.cl\/index.php?rest_route=\/wp\/v2\/posts"}],"about":[{"href":"https:\/\/radiorevelacionfm.cl\/index.php?rest_route=\/wp\/v2\/types\/post"}],"author":[{"embeddable":true,"href":"https:\/\/radiorevelacionfm.cl\/index.php?rest_route=\/wp\/v2\/users\/1"}],"replies":[{"embeddable":true,"href":"https:\/\/radiorevelacionfm.cl\/index.php?rest_route=%2Fwp%2Fv2%2Fcomments&post=16971"}],"version-history":[{"count":2,"href":"https:\/\/radiorevelacionfm.cl\/index.php?rest_route=\/wp\/v2\/posts\/16971\/revisions"}],"predecessor-version":[{"id":16974,"href":"https:\/\/radiorevelacionfm.cl\/index.php?rest_route=\/wp\/v2\/posts\/16971\/revisions\/16974"}],"wp:featuredmedia":[{"embeddable":true,"href":"https:\/\/radiorevelacionfm.cl\/index.php?rest_route=\/wp\/v2\/media\/16972"}],"wp:attachment":[{"href":"https:\/\/radiorevelacionfm.cl\/index.php?rest_route=%2Fwp%2Fv2%2Fmedia&parent=16971"}],"wp:term":[{"taxonomy":"category","embeddable":true,"href":"https:\/\/radiorevelacionfm.cl\/index.php?rest_route=%2Fwp%2Fv2%2Fcategories&post=16971"},{"taxonomy":"post_tag","embeddable":true,"href":"https:\/\/radiorevelacionfm.cl\/index.php?rest_route=%2Fwp%2Fv2%2Ftags&post=16971"}],"curies":[{"name":"wp","href":"https:\/\/api.w.org\/{rel}","templated":true}]}}