{"id":16967,"date":"2022-05-19T13:06:57","date_gmt":"2022-05-19T16:06:57","guid":{"rendered":"https:\/\/radiorevelacionfm.cl\/?p=16967"},"modified":"2022-05-19T13:06:57","modified_gmt":"2022-05-19T16:06:57","slug":"equipos-de-vacunacion-se-concentraran-en-sede-el-mirador-de-calle-errazuriz","status":"publish","type":"post","link":"https:\/\/radiorevelacionfm.cl\/?p=16967","title":{"rendered":"Equipos de vacunaci\u00f3n se concentrar\u00e1n en sede El Mirador de calle Err\u00e1zuriz"},"content":{"rendered":"<div class=\"flex_column av_one_full  flex_column_div av-zero-column-padding first  avia-builder-el-0  el_before_av_one_full  avia-builder-el-first  \" style='border-radius:0px; '><div  class='avia-image-container  av-styling-    avia-builder-el-1  avia-builder-el-no-sibling  avia-align-center '  itemprop=\"image\" itemscope=\"itemscope\" itemtype=\"https:\/\/schema.org\/ImageObject\"  ><div class='avia-image-container-inner'><div class='avia-image-overlay-wrap'><img decoding=\"async\" class='wp-image-16968 avia-img-lazy-loading-not-16968 avia_image' src=\"https:\/\/radiorevelacionfm.cl\/wp-content\/uploads\/2022\/05\/vacunacion-menores-2-2.jpeg\" alt='' title='vacunaci\u00f3n menores-2-2' height=\"600\" width=\"966\"  itemprop=\"thumbnailUrl\" srcset=\"https:\/\/radiorevelacionfm.cl\/wp-content\/uploads\/2022\/05\/vacunacion-menores-2-2.jpeg 966w, https:\/\/radiorevelacionfm.cl\/wp-content\/uploads\/2022\/05\/vacunacion-menores-2-2-300x186.jpeg 300w, https:\/\/radiorevelacionfm.cl\/wp-content\/uploads\/2022\/05\/vacunacion-menores-2-2-768x477.jpeg 768w, https:\/\/radiorevelacionfm.cl\/wp-content\/uploads\/2022\/05\/vacunacion-menores-2-2-705x438.jpeg 705w, https:\/\/radiorevelacionfm.cl\/wp-content\/uploads\/2022\/05\/vacunacion-menores-2-2-600x373.jpeg 600w\" sizes=\"(max-width: 966px) 100vw, 966px\" \/><\/div><\/div><\/div><\/div><div class=\"flex_column av_one_full  flex_column_div av-zero-column-padding first  avia-builder-el-2  el_after_av_one_full  el_before_av_one_full  column-top-margin\" style='border-radius:0px; '><section class=\"av_textblock_section \"  itemscope=\"itemscope\" itemtype=\"https:\/\/schema.org\/BlogPosting\" itemprop=\"blogPost\" ><div class='avia_textblock  '   itemprop=\"text\" ><p style=\"text-align: center;\"><span style=\"font-size: 18pt;\"><strong>Equipos de vacunaci\u00f3n se concentrar\u00e1n en sede El Mirador de calle Err\u00e1zuriz<\/strong><\/span><\/p>\n<div id=\"gtx-trans\" style=\"position: absolute; left: -50px; top: 4.31534px;\">\n<div class=\"gtx-trans-icon\"><\/div>\n<\/div>\n<\/div><\/section><\/div><div class=\"flex_column av_one_full  flex_column_div av-zero-column-padding first  avia-builder-el-4  el_after_av_one_full  el_before_av_hr  column-top-margin\" style='border-radius:0px; '><section class=\"av_textblock_section \"  itemscope=\"itemscope\" itemtype=\"https:\/\/schema.org\/BlogPosting\" itemprop=\"blogPost\" ><div class='avia_textblock  '   itemprop=\"text\" ><p style=\"text-align: justify;\">Tal como en fines de semanas anteriores, los equipos de salud est\u00e1n enfocados en llegar a los distintos grupos objetivos que hoy son prioritarios para los procesos de vacunaci\u00f3n contra el COVID-19 e Influenza, tales como adultos mayores, embarazadas y ni\u00f1@s.\u00a0 Es as\u00ed como este s\u00e1bado 21 de mayo, se coordin\u00f3 un punto de vacunaci\u00f3n especial para el sector alto de Coyhaique, espec\u00edficamente en la sede la JJVV El Mirador de calle Err\u00e1zuriz.<\/p>\n<p style=\"text-align: justify;\">As\u00ed lo ratific\u00f3 la Seremi de Salud Ays\u00e9n, Carmen Monsalve, quien adem\u00e1s indic\u00f3 que este fin de semana, tambi\u00e9n estar\u00e1 disponible el punto de vacunaci\u00f3n ubicado en la Cruz Roja del sector de Feria Las Quintas. \u201cQuiero hacer un llamado a todos los ciudadanos de Coyhaique para que puedan asistir este s\u00e1bado 21 a la sede El Mirador, donde vamos a estar realizando la vacunaci\u00f3n contra el COVID-19 e Influenza, tambi\u00e9n vamos a tener el PCR m\u00f3vil para el testeo de ni\u00f1os y adultos; habr\u00e1n espacios recreativos y educativos para los ni\u00f1os, por lo tanto, el llamado es a que la comunidad asista a este punto de vacunaci\u00f3n que estar\u00e1 \u00a0funcionando desde las 09:30 a 13:30hrs; la misma invitaci\u00f3n es para quienes est\u00e9n cerca de la Feria Las Quintas, porque en la Cruz Roja tambi\u00e9n habr\u00e1 un punto de vacunaci\u00f3n en el mismo horario de 09:30 a 13:30hrs\u201d.<\/p>\n<p style=\"text-align: justify;\">De esta forma, la sede de la JJVV El Mirador, ubicada en calle Err\u00e1zuriz N\u00b03320, ser\u00e1 el punto neur\u00e1lgico de la jornada de vacunaci\u00f3n de este s\u00e1bado 21 de mayo, ya que en estas dependencias se concentrar\u00e1n los equipos de vacunaci\u00f3n, junto a los profesionales que realizan los testeos para COVID-19, implement\u00e1ndose adem\u00e1s rincones educativos para los m\u00e1s peque\u00f1os.<\/p>\n<\/div><\/section><\/div><div  style='height:50px' class='hr hr-invisible   avia-builder-el-6  el_after_av_one_full  el_before_av_social_share '><span class='hr-inner ' ><span class='hr-inner-style'><\/span><\/span><\/div><\/p>\n<div  class='av-social-sharing-box  avia-builder-el-7  el_after_av_hr  el_before_av_hr  '><div class='av-share-box'><h5 class='av-share-link-description av-no-toc '>Compartir esta noticia<\/h5><ul class='av-share-box-list noLightbox'><li class='av-share-link av-social-link-facebook' ><a target=\"_blank\" aria-label=\"Compartir en Facebook\" href='https:\/\/www.facebook.com\/sharer.php?u=https:\/\/radiorevelacionfm.cl\/?p=16967&#038;t=Equipos%20de%20vacunaci%C3%B3n%20se%20concentrar%C3%A1n%20en%20sede%20El%20Mirador%20de%20calle%20Err%C3%A1zuriz' aria-hidden='false' data-av_icon='\ue8f3' data-av_iconfont='entypo-fontello' title='' data-avia-related-tooltip='Compartir en Facebook' rel=\"noopener\"><span class='avia_hidden_link_text'>Compartir en Facebook<\/span><\/a><\/li><li class='av-share-link av-social-link-twitter' ><a target=\"_blank\" aria-label=\"Compartir en Twitter\" href='https:\/\/twitter.com\/share?text=Equipos%20de%20vacunaci%C3%B3n%20se%20concentrar%C3%A1n%20en%20sede%20El%20Mirador%20de%20calle%20Err%C3%A1zuriz&#038;url=https:\/\/radiorevelacionfm.cl\/?p=16967' aria-hidden='false' data-av_icon='\ue8f1' data-av_iconfont='entypo-fontello' title='' data-avia-related-tooltip='Compartir en Twitter' rel=\"noopener\"><span class='avia_hidden_link_text'>Compartir en Twitter<\/span><\/a><\/li><li class='av-share-link av-social-link-whatsapp' ><a target=\"_blank\" aria-label=\"Compartir en Whatsapp\" href='https:\/\/api.whatsapp.com\/send?text=https:\/\/radiorevelacionfm.cl\/?p=16967' aria-hidden='false' data-av_icon='\uf232' data-av_iconfont='entypo-fontello' title='' data-avia-related-tooltip='Compartir en Whatsapp' rel=\"noopener\"><span class='avia_hidden_link_text'>Compartir en Whatsapp<\/span><\/a><\/li><li class='av-share-link av-social-link-linkedin' ><a target=\"_blank\" aria-label=\"Compartir en LinkedIn\" href='https:\/\/linkedin.com\/shareArticle?mini=true&#038;title=Equipos%20de%20vacunaci%C3%B3n%20se%20concentrar%C3%A1n%20en%20sede%20El%20Mirador%20de%20calle%20Err%C3%A1zuriz&#038;url=https:\/\/radiorevelacionfm.cl\/?p=16967' aria-hidden='false' data-av_icon='\ue8fc' data-av_iconfont='entypo-fontello' title='' data-avia-related-tooltip='Compartir en LinkedIn' rel=\"noopener\"><span class='avia_hidden_link_text'>Compartir en LinkedIn<\/span><\/a><\/li><li class='av-share-link av-social-link-mail' ><a  aria-label=\"Compartir por correo\" href='mailto:?subject=Equipos%20de%20vacunaci%C3%B3n%20se%20concentrar%C3%A1n%20en%20sede%20El%20Mirador%20de%20calle%20Err%C3%A1zuriz&#038;body=https:\/\/radiorevelacionfm.cl\/?p=16967' aria-hidden='false' data-av_icon='\ue805' data-av_iconfont='entypo-fontello' title='' data-avia-related-tooltip='Compartir por correo'><span class='avia_hidden_link_text'>Compartir por correo<\/span><\/a><\/li><\/ul><\/div><\/div>\n<div  style='height:50px' class='hr hr-invisible   avia-builder-el-8  el_after_av_social_share  el_before_av_comments_list '><span class='hr-inner ' ><span class='hr-inner-style'><\/span><\/span><\/div>\n<div  class='av-buildercomment  av-blog-meta-html-info-disabled av-blog-meta-tag-disabled  '><\/div>\n","protected":false},"excerpt":{"rendered":"","protected":false},"author":1,"featured_media":16968,"comment_status":"open","ping_status":"open","sticky":false,"template":"","format":"standard","meta":{"footnotes":""},"categories":[46],"tags":[],"class_list":["post-16967","post","type-post","status-publish","format-standard","has-post-thumbnail","hentry","category-salud"],"jetpack_featured_media_url":"https:\/\/radiorevelacionfm.cl\/wp-content\/uploads\/2022\/05\/vacunacion-menores-2-2.jpeg","_links":{"self":[{"href":"https:\/\/radiorevelacionfm.cl\/index.php?rest_route=\/wp\/v2\/posts\/16967","targetHints":{"allow":["GET"]}}],"collection":[{"href":"https:\/\/radiorevelacionfm.cl\/index.php?rest_route=\/wp\/v2\/posts"}],"about":[{"href":"https:\/\/radiorevelacionfm.cl\/index.php?rest_route=\/wp\/v2\/types\/post"}],"author":[{"embeddable":true,"href":"https:\/\/radiorevelacionfm.cl\/index.php?rest_route=\/wp\/v2\/users\/1"}],"replies":[{"embeddable":true,"href":"https:\/\/radiorevelacionfm.cl\/index.php?rest_route=%2Fwp%2Fv2%2Fcomments&post=16967"}],"version-history":[{"count":2,"href":"https:\/\/radiorevelacionfm.cl\/index.php?rest_route=\/wp\/v2\/posts\/16967\/revisions"}],"predecessor-version":[{"id":16970,"href":"https:\/\/radiorevelacionfm.cl\/index.php?rest_route=\/wp\/v2\/posts\/16967\/revisions\/16970"}],"wp:featuredmedia":[{"embeddable":true,"href":"https:\/\/radiorevelacionfm.cl\/index.php?rest_route=\/wp\/v2\/media\/16968"}],"wp:attachment":[{"href":"https:\/\/radiorevelacionfm.cl\/index.php?rest_route=%2Fwp%2Fv2%2Fmedia&parent=16967"}],"wp:term":[{"taxonomy":"category","embeddable":true,"href":"https:\/\/radiorevelacionfm.cl\/index.php?rest_route=%2Fwp%2Fv2%2Fcategories&post=16967"},{"taxonomy":"post_tag","embeddable":true,"href":"https:\/\/radiorevelacionfm.cl\/index.php?rest_route=%2Fwp%2Fv2%2Ftags&post=16967"}],"curies":[{"name":"wp","href":"https:\/\/api.w.org\/{rel}","templated":true}]}}