{"id":16959,"date":"2022-05-18T19:47:31","date_gmt":"2022-05-18T22:47:31","guid":{"rendered":"https:\/\/radiorevelacionfm.cl\/?p=16959"},"modified":"2022-05-18T19:47:31","modified_gmt":"2022-05-18T22:47:31","slug":"carabineros-y-la-subsecretaria-de-prevencion-del-delito-entregaron-los-avances-sobre-el-trabajo-del-departamento-os-14-de-coordinacion-municipal","status":"publish","type":"post","link":"https:\/\/radiorevelacionfm.cl\/?p=16959","title":{"rendered":"Carabineros y la Subsecretar\u00eda de Prevenci\u00f3n del Delito entregaron los avances sobre el trabajo del Departamento OS-14, de Coordinaci\u00f3n Municipal"},"content":{"rendered":"<div class=\"flex_column av_one_full  flex_column_div av-zero-column-padding first  avia-builder-el-0  el_before_av_one_full  avia-builder-el-first  \" style='border-radius:0px; '><div  class='avia-image-container  av-styling-    avia-builder-el-1  avia-builder-el-no-sibling  avia-align-center '  itemprop=\"image\" itemscope=\"itemscope\" itemtype=\"https:\/\/schema.org\/ImageObject\"  ><div class='avia-image-container-inner'><div class='avia-image-overlay-wrap'><img decoding=\"async\" class='wp-image-16960 avia-img-lazy-loading-not-16960 avia_image' src=\"https:\/\/radiorevelacionfm.cl\/wp-content\/uploads\/2022\/05\/20220518_111822-1_optimized.jpg\" alt='' title='20220518_111822-(1)_optimized' height=\"600\" width=\"1067\"  itemprop=\"thumbnailUrl\" srcset=\"https:\/\/radiorevelacionfm.cl\/wp-content\/uploads\/2022\/05\/20220518_111822-1_optimized.jpg 1067w, https:\/\/radiorevelacionfm.cl\/wp-content\/uploads\/2022\/05\/20220518_111822-1_optimized-300x169.jpg 300w, https:\/\/radiorevelacionfm.cl\/wp-content\/uploads\/2022\/05\/20220518_111822-1_optimized-1030x579.jpg 1030w, https:\/\/radiorevelacionfm.cl\/wp-content\/uploads\/2022\/05\/20220518_111822-1_optimized-768x432.jpg 768w, https:\/\/radiorevelacionfm.cl\/wp-content\/uploads\/2022\/05\/20220518_111822-1_optimized-705x396.jpg 705w, https:\/\/radiorevelacionfm.cl\/wp-content\/uploads\/2022\/05\/20220518_111822-1_optimized-600x337.jpg 600w\" sizes=\"(max-width: 1067px) 100vw, 1067px\" \/><\/div><\/div><\/div><\/div><div class=\"flex_column av_one_full  flex_column_div av-zero-column-padding first  avia-builder-el-2  el_after_av_one_full  el_before_av_one_full  column-top-margin\" style='border-radius:0px; '><section class=\"av_textblock_section \"  itemscope=\"itemscope\" itemtype=\"https:\/\/schema.org\/BlogPosting\" itemprop=\"blogPost\" ><div class='avia_textblock  '   itemprop=\"text\" ><p style=\"text-align: center;\"><span style=\"font-size: 18pt;\"><b>Carabineros y la Subsecretar\u00eda de Prevenci\u00f3n del Delito entregaron los avances sobre el trabajo del Departamento OS-14, de Coordinaci\u00f3n Municipal<\/b><\/span><\/p>\n<div id=\"gtx-trans\" style=\"position: absolute; left: -50px; top: 4.31534px;\">\n<div class=\"gtx-trans-icon\"><\/div>\n<\/div>\n<\/div><\/section><\/div><div class=\"flex_column av_one_full  flex_column_div av-zero-column-padding first  avia-builder-el-4  el_after_av_one_full  el_before_av_hr  column-top-margin\" style='border-radius:0px; '><section class=\"av_textblock_section \"  itemscope=\"itemscope\" itemtype=\"https:\/\/schema.org\/BlogPosting\" itemprop=\"blogPost\" ><div class='avia_textblock  '   itemprop=\"text\" ><p class=\"v1MsoNormal\" style=\"text-align: justify;\">El General Director de Carabineros, Ricardo Y\u00e1\u00f1ez, junto con el Subsecretario de Prevenci\u00f3n del Delito, Eduardo Vergara, encabezaron una reuni\u00f3n presencial y telem\u00e1tica con todos los alcaldes del pa\u00eds, para dar a conocer los avances del trabajo que se est\u00e1 realizando para la implementaci\u00f3n del Departamento de OS-14 de Coordinaci\u00f3n Municipal, evento que se llev\u00f3 a cabo en el Teatro del Centro Cultural de Carabineros.<\/p>\n<p class=\"v1MsoNormal\" style=\"text-align: justify;\">\u00abPara Carabineros de Chile era muy importante contar con un Departamento que fortaleciera la coordinaci\u00f3n y cooperaci\u00f3n a las Municipalidades del pa\u00eds.<\/p>\n<p class=\"v1MsoNormal\" style=\"text-align: justify;\">Hace cuatro meses dimos un importante paso con la creaci\u00f3n del Departamento de Coordinaci\u00f3n con la Seguridad Municipal, OS-14 de Carabineros, el que hoy lidera nuevas estrategias y lleva a cabo acciones que buscan fortalecer la seguridad p\u00fablica, actuando nuestra instituci\u00f3n como un ente t\u00e9cnico para impulsar protocolos de actuaci\u00f3n en conjunto con los municipios\u00bb, recalc\u00f3 el General Director, Ricardo Y\u00e1\u00f1ez.<\/p>\n<p class=\"v1MsoNormal\" style=\"text-align: justify;\">Durante 95 a\u00f1os, Carabineros ha tenido la misi\u00f3n de dar eficacia al derecho y ser garantes del orden y la seguridad p\u00fablica. \u00abNo les quepa duda que para alcanzar este objetivo estamos d\u00eda a d\u00eda profundizando en el an\u00e1lisis de los fen\u00f3menos delictuales y reforzando nuestro aporte a la persecuci\u00f3n criminal\u00bb, agreg\u00f3 Y\u00e1\u00f1ez.<\/p>\n<p class=\"v1MsoNormal\" style=\"text-align: justify;\">Para el Subsecretario de Prevenci\u00f3n del Delito, Eduardo Vergara, \u00abla \u00fanica forma de avanzar de manera exitosa, es bajo una \u00e9pica del bien com\u00fan, sustentada en la corresponsabilidad y la coproducci\u00f3n de la seguridad. Desde la subsecretar\u00eda le hemos manifestado al General Director que la labor del Departamento OS-14 es fundamental para el \u00e9xito en la labor preventiva municipal\u00bb, indic\u00f3.<\/p>\n<p class=\"v1MsoNormal\" style=\"text-align: justify;\"><b>Los n\u00fameros son contundentes:<\/b><\/p>\n<p class=\"v1MsoNormal\" style=\"text-align: justify;\">Carabineros\u00a0 registra un promedio diario de 27 mil 860 actuaciones. Es decir, enfrentamos m\u00e1s de mil procedimientos por hora. 7,8 millones de controles preventivos a personas, veh\u00edculos, entidades bancarias y locales de alcoholes. 528 mil 235 detenciones en situaci\u00f3n de flagrancia.<\/p>\n<p class=\"v1MsoNormal\" style=\"text-align: justify;\">\u00abPor eso es tan relevante el Departamento OS-14, ya que deja de manifiesto una corresponsabilidad en el desarrollo de proyectos, programas y actividades que nos permitir\u00e1n -en conjunto con las municipalidades- mitigar el delito y fortalecer la prevenci\u00f3n\u00bb, expres\u00f3 Y\u00e1\u00f1ez.<\/p>\n<p class=\"v1MsoNormal\" style=\"text-align: justify;\">De esta forma se pretende orientar, coordinar y potenciar el trabajo junto a las 345 municipalidades a nivel nacional, para tener una visi\u00f3n a\u00fan m\u00e1s clara sobre las necesidades de cada comuna y lo que requieren los vecinos, disminuyendo los niveles de inseguridad.<\/p>\n<p class=\"v1MsoNormal\" style=\"text-align: justify;\">\u00abSabemos que lo m\u00e1s importante para la ciudadan\u00eda es la seguridad, y tengan la certeza que en ello, como Carabineros de Chile, no vamos a claudicar\u00bb, finaliz\u00f3 el General Director.<\/p>\n<p class=\"v1MsoNormal\" style=\"text-align: justify;\"><b>\u00abEst\u00e1 todo el inter\u00e9s y la voluntad\u00bb<\/b><\/p>\n<p class=\"v1MsoNormal\" style=\"text-align: justify;\">Por su parte el Jefe de la XI Zona de Carabineros Ays\u00e9n, General Hugo Zenteno V\u00e1squez, indic\u00f3 que la Instituci\u00f3n se debe a la comunidad y mantiene un compromiso con Ays\u00e9n y su gente.<\/p>\n<p class=\"v1MsoNormal\" style=\"text-align: justify;\">El Oficial General resalt\u00f3 la tranquilidad que presenta la regi\u00f3n en comparaci\u00f3n a la realidad que enfrentan otras zonas del pa\u00eds, por lo cual mantener esta condici\u00f3n de excepci\u00f3n requiere del trabajo y compromiso de todos.<\/p>\n<p class=\"v1MsoNormal\" style=\"text-align: justify;\">\u00abLa criminalidad, el comportamiento del delito ha cambiado. Carabineros siempre tiene y va a tener la voluntad, est\u00e1 todo el inter\u00e9s y la voluntad en seguir trabajando por la seguridad y tranquilidad de todos\u00bb, indic\u00f3 el Jefe de Zona.<\/p>\n<p class=\"v1MsoNormal\" style=\"text-align: justify;\"><b>Trabajo colaborativo<\/b><\/p>\n<p class=\"v1MsoNormal\" style=\"text-align: justify;\">Dicha actividad cont\u00f3 con la presencia online de los alcaldes y\/o representantes de las diez comunas de las regi\u00f3n, entre ellos la Encargada de Seguridad Ciudadana de la Ilustre Municipalidad de Coyhaique, Pamela Araneda Ren\u00edn, quien asisti\u00f3 de manera presencial en representaci\u00f3n del Alcalde Carlos Gatica Villegas, quien valor\u00f3 la firma del convenio del cual son parte las 345 municipalidades de todo el pa\u00eds.<\/p>\n<p class=\"v1MsoNormal\" style=\"text-align: justify;\">\u00abLa mejor forma de abordar el aumento de la delincuencia, es a trav\u00e9s de un trabajo colaborativo entre los entes municipales y las polic\u00edas de nuestro pa\u00eds. La creaci\u00f3n del OS-14, viene a ser un buen complemento a este trabajo colaborativo y que va a permitir una mayor coordinaci\u00f3n de manera m\u00e1s eficiente y m\u00e1s eficaz en nuestro trabajo, que \u2013tal como lo dijo el Subsecretario- es de un rol preventivo. Nuestra tarea desde el municipio es colaborar con Carabineros en el rol preventivo y en el cuidado de nuestros vecinos y vecinas de la comuna de Coyhaique\u00bb, indic\u00f3.<\/p>\n<p style=\"text-align: justify;\">Araneda a\u00f1adi\u00f3 que el municipio ya se encuentra construyendo -de manera colaborativa- el plan comunal de seguridad p\u00fablica que va a estar vigente desde el presente a\u00f1o hasta el a\u00f1o 2026, orientado a fortalecer la sociedad civil y a prevenir la delincuencia a partir de este trabajo integrado con la polic\u00eda.<\/p>\n<\/div><\/section><\/div><div  style='height:50px' class='hr hr-invisible   avia-builder-el-6  el_after_av_one_full  el_before_av_social_share '><span class='hr-inner ' ><span class='hr-inner-style'><\/span><\/span><\/div><\/p>\n<div  class='av-social-sharing-box  avia-builder-el-7  el_after_av_hr  el_before_av_hr  '><div class='av-share-box'><h5 class='av-share-link-description av-no-toc '>Compartir esta noticia<\/h5><ul class='av-share-box-list noLightbox'><li class='av-share-link av-social-link-facebook' ><a target=\"_blank\" aria-label=\"Compartir en Facebook\" href='https:\/\/www.facebook.com\/sharer.php?u=https:\/\/radiorevelacionfm.cl\/?p=16959&#038;t=Carabineros%20y%20la%20Subsecretar%C3%ADa%20de%20Prevenci%C3%B3n%20del%20Delito%20entregaron%20los%20avances%20sobre%20el%20trabajo%20del%20Departamento%20OS-14%2C%20de%20Coordinaci%C3%B3n%20Municipal' aria-hidden='false' data-av_icon='\ue8f3' data-av_iconfont='entypo-fontello' title='' data-avia-related-tooltip='Compartir en Facebook' rel=\"noopener\"><span class='avia_hidden_link_text'>Compartir en Facebook<\/span><\/a><\/li><li class='av-share-link av-social-link-twitter' ><a target=\"_blank\" aria-label=\"Compartir en Twitter\" href='https:\/\/twitter.com\/share?text=Carabineros%20y%20la%20Subsecretar%C3%ADa%20de%20Prevenci%C3%B3n%20del%20Delito%20entregaron%20los%20avances%20sobre%20el%20trabajo%20del%20Departamento%20OS-14%2C%20de%20Coordinaci%C3%B3n%20Municipal&#038;url=https:\/\/radiorevelacionfm.cl\/?p=16959' aria-hidden='false' data-av_icon='\ue8f1' data-av_iconfont='entypo-fontello' title='' data-avia-related-tooltip='Compartir en Twitter' rel=\"noopener\"><span class='avia_hidden_link_text'>Compartir en Twitter<\/span><\/a><\/li><li class='av-share-link av-social-link-whatsapp' ><a target=\"_blank\" aria-label=\"Compartir en Whatsapp\" href='https:\/\/api.whatsapp.com\/send?text=https:\/\/radiorevelacionfm.cl\/?p=16959' aria-hidden='false' data-av_icon='\uf232' data-av_iconfont='entypo-fontello' title='' data-avia-related-tooltip='Compartir en Whatsapp' rel=\"noopener\"><span class='avia_hidden_link_text'>Compartir en Whatsapp<\/span><\/a><\/li><li class='av-share-link av-social-link-linkedin' ><a target=\"_blank\" aria-label=\"Compartir en LinkedIn\" href='https:\/\/linkedin.com\/shareArticle?mini=true&#038;title=Carabineros%20y%20la%20Subsecretar%C3%ADa%20de%20Prevenci%C3%B3n%20del%20Delito%20entregaron%20los%20avances%20sobre%20el%20trabajo%20del%20Departamento%20OS-14%2C%20de%20Coordinaci%C3%B3n%20Municipal&#038;url=https:\/\/radiorevelacionfm.cl\/?p=16959' aria-hidden='false' data-av_icon='\ue8fc' data-av_iconfont='entypo-fontello' title='' data-avia-related-tooltip='Compartir en LinkedIn' rel=\"noopener\"><span class='avia_hidden_link_text'>Compartir en LinkedIn<\/span><\/a><\/li><li class='av-share-link av-social-link-mail' ><a  aria-label=\"Compartir por correo\" href='mailto:?subject=Carabineros%20y%20la%20Subsecretar%C3%ADa%20de%20Prevenci%C3%B3n%20del%20Delito%20entregaron%20los%20avances%20sobre%20el%20trabajo%20del%20Departamento%20OS-14%2C%20de%20Coordinaci%C3%B3n%20Municipal&#038;body=https:\/\/radiorevelacionfm.cl\/?p=16959' aria-hidden='false' data-av_icon='\ue805' data-av_iconfont='entypo-fontello' title='' data-avia-related-tooltip='Compartir por correo'><span class='avia_hidden_link_text'>Compartir por correo<\/span><\/a><\/li><\/ul><\/div><\/div>\n<div  style='height:50px' class='hr hr-invisible   avia-builder-el-8  el_after_av_social_share  el_before_av_comments_list '><span class='hr-inner ' ><span class='hr-inner-style'><\/span><\/span><\/div>\n<div  class='av-buildercomment  av-blog-meta-html-info-disabled av-blog-meta-tag-disabled  '><\/div>\n","protected":false},"excerpt":{"rendered":"","protected":false},"author":1,"featured_media":16960,"comment_status":"open","ping_status":"open","sticky":false,"template":"","format":"standard","meta":{"footnotes":""},"categories":[36],"tags":[],"class_list":["post-16959","post","type-post","status-publish","format-standard","has-post-thumbnail","hentry","category-policial"],"jetpack_featured_media_url":"https:\/\/radiorevelacionfm.cl\/wp-content\/uploads\/2022\/05\/20220518_111822-1_optimized.jpg","_links":{"self":[{"href":"https:\/\/radiorevelacionfm.cl\/index.php?rest_route=\/wp\/v2\/posts\/16959","targetHints":{"allow":["GET"]}}],"collection":[{"href":"https:\/\/radiorevelacionfm.cl\/index.php?rest_route=\/wp\/v2\/posts"}],"about":[{"href":"https:\/\/radiorevelacionfm.cl\/index.php?rest_route=\/wp\/v2\/types\/post"}],"author":[{"embeddable":true,"href":"https:\/\/radiorevelacionfm.cl\/index.php?rest_route=\/wp\/v2\/users\/1"}],"replies":[{"embeddable":true,"href":"https:\/\/radiorevelacionfm.cl\/index.php?rest_route=%2Fwp%2Fv2%2Fcomments&post=16959"}],"version-history":[{"count":2,"href":"https:\/\/radiorevelacionfm.cl\/index.php?rest_route=\/wp\/v2\/posts\/16959\/revisions"}],"predecessor-version":[{"id":16962,"href":"https:\/\/radiorevelacionfm.cl\/index.php?rest_route=\/wp\/v2\/posts\/16959\/revisions\/16962"}],"wp:featuredmedia":[{"embeddable":true,"href":"https:\/\/radiorevelacionfm.cl\/index.php?rest_route=\/wp\/v2\/media\/16960"}],"wp:attachment":[{"href":"https:\/\/radiorevelacionfm.cl\/index.php?rest_route=%2Fwp%2Fv2%2Fmedia&parent=16959"}],"wp:term":[{"taxonomy":"category","embeddable":true,"href":"https:\/\/radiorevelacionfm.cl\/index.php?rest_route=%2Fwp%2Fv2%2Fcategories&post=16959"},{"taxonomy":"post_tag","embeddable":true,"href":"https:\/\/radiorevelacionfm.cl\/index.php?rest_route=%2Fwp%2Fv2%2Ftags&post=16959"}],"curies":[{"name":"wp","href":"https:\/\/api.w.org\/{rel}","templated":true}]}}