{"id":16952,"date":"2022-05-18T18:42:48","date_gmt":"2022-05-18T21:42:48","guid":{"rendered":"https:\/\/radiorevelacionfm.cl\/?p=16952"},"modified":"2022-05-18T18:42:48","modified_gmt":"2022-05-18T21:42:48","slug":"creadores-de-la-ruta-del-acordeon-realizaran-conversatorios-para-poner-en-valor-el-patrimonio-musical-del-territorio-austral","status":"publish","type":"post","link":"https:\/\/radiorevelacionfm.cl\/?p=16952","title":{"rendered":"Creadores de \u201cLa Ruta del Acorde\u00f3n\u201d realizar\u00e1n conversatorios para poner en valor el patrimonio musical del territorio austral"},"content":{"rendered":"<div class=\"flex_column av_one_full  flex_column_div av-zero-column-padding first  avia-builder-el-0  el_before_av_one_full  avia-builder-el-first  \" style='border-radius:0px; '><div  class='avia-image-container  av-styling-    avia-builder-el-1  avia-builder-el-no-sibling  avia-align-center '  itemprop=\"image\" itemscope=\"itemscope\" itemtype=\"https:\/\/schema.org\/ImageObject\"  ><div class='avia-image-container-inner'><div class='avia-image-overlay-wrap'><img decoding=\"async\" class='wp-image-16953 avia-img-lazy-loading-not-16953 avia_image' src=\"https:\/\/radiorevelacionfm.cl\/wp-content\/uploads\/2022\/05\/Mate-Amargo-1-1.jpg\" alt='' title='Mate Amargo (1) (1)' height=\"600\" width=\"1074\"  itemprop=\"thumbnailUrl\" srcset=\"https:\/\/radiorevelacionfm.cl\/wp-content\/uploads\/2022\/05\/Mate-Amargo-1-1.jpg 1074w, https:\/\/radiorevelacionfm.cl\/wp-content\/uploads\/2022\/05\/Mate-Amargo-1-1-300x168.jpg 300w, https:\/\/radiorevelacionfm.cl\/wp-content\/uploads\/2022\/05\/Mate-Amargo-1-1-1030x575.jpg 1030w, https:\/\/radiorevelacionfm.cl\/wp-content\/uploads\/2022\/05\/Mate-Amargo-1-1-768x429.jpg 768w, https:\/\/radiorevelacionfm.cl\/wp-content\/uploads\/2022\/05\/Mate-Amargo-1-1-705x394.jpg 705w, https:\/\/radiorevelacionfm.cl\/wp-content\/uploads\/2022\/05\/Mate-Amargo-1-1-600x335.jpg 600w\" sizes=\"(max-width: 1074px) 100vw, 1074px\" \/><\/div><\/div><\/div><\/div><div class=\"flex_column av_one_full  flex_column_div av-zero-column-padding first  avia-builder-el-2  el_after_av_one_full  el_before_av_one_full  column-top-margin\" style='border-radius:0px; '><section class=\"av_textblock_section \"  itemscope=\"itemscope\" itemtype=\"https:\/\/schema.org\/BlogPosting\" itemprop=\"blogPost\" ><div class='avia_textblock  '   itemprop=\"text\" ><p style=\"text-align: center;\"><span style=\"font-size: 18pt;\"><b>Creadores de \u201cLa Ruta del Acorde\u00f3n\u201d realizar\u00e1n conversatorios para poner en valor el patrimonio musical del territorio austral<\/b><\/span><\/p>\n<div id=\"gtx-trans\" style=\"position: absolute; left: -50px; top: 4.31534px;\">\n<div class=\"gtx-trans-icon\"><\/div>\n<\/div>\n<\/div><\/section><\/div><div class=\"flex_column av_one_full  flex_column_div av-zero-column-padding first  avia-builder-el-4  el_after_av_one_full  el_before_av_hr  column-top-margin\" style='border-radius:0px; '><section class=\"av_textblock_section \"  itemscope=\"itemscope\" itemtype=\"https:\/\/schema.org\/BlogPosting\" itemprop=\"blogPost\" ><div class='avia_textblock  '   itemprop=\"text\" ><p style=\"font-weight: 400; text-align: justify;\">Luego de la realizaci\u00f3n de la serie documental\u00a0<strong>\u201cViento Acorde\u201d<\/strong>, sus creadores desarrollaron una segunda etapa financiada por FONDART para poner a disposici\u00f3n de la comunidad la plataforma multimedia\u00a0<strong><a href=\"http:\/\/larutadelacordeon.cl\/\" data-saferedirecturl=\"https:\/\/www.google.com\/url?q=http:\/\/larutadelacordeon.cl&amp;source=gmail&amp;ust=1652994795084000&amp;usg=AOvVaw21QcvG2K8VLTksdCZjaMUA\">larutadelacordeon.cl<\/a><\/strong>\u00a0que contiene una audioteca, fototeca, mapa de cultores y cultoras, la serie documental\u00a0<strong>\u201cViento acorde\u201d<\/strong>\u00a0y el libro descargable\u00a0<strong>\u201cLa ruta del acorde\u00f3n: el sur\u201d<\/strong>. En esta tercera etapa del proyecto, y gracias al fondo de Difusi\u00f3n del FONDART Regional del Ministerio de las Culturas, las Artes y el Patrimonio, se realizar\u00e1 una serie de conversatorios online con comunidades educativas de las regiones de Ays\u00e9n y Los Lagos para dar a conocer la experiencia y poner en valor el trabajo de cultores y cultoras del acorde\u00f3n de la zona austral del continente, as\u00ed como dar a conocer todo el material generado por La ruta del acorde\u00f3n.<\/p>\n<p style=\"font-weight: 400; text-align: justify;\">El ciclo de actividades de difusi\u00f3n se llama\u00a0<strong>\u201cSesiones en la Ruta del Acorde\u00f3n\u201d<\/strong>\u00a0y su primer encuentro se realizar\u00e1 el viernes 27 de mayo a las 18:30 horas por el Facebook Live de La Ruta del Acorde\u00f3n junto al grupo de Coyhaique\u00a0<strong>\u201cMate Amargo\u201d\u00a0<\/strong>que desde 1998 trabaja para rescatar y difundir la m\u00fasica y cultura tradicional de la regi\u00f3n de Ays\u00e9n.<\/p>\n<p style=\"font-weight: 400; text-align: justify;\">Tal como coment\u00f3 Alberto Gajardo, director de la serie\u00a0<strong>\u201cViento Acorde\u201d<\/strong>\u00a0y la plataforma multimedia: \u201cla idea de crear el proyecto la Ruta del Acorde\u00f3n nace a ra\u00edz del material que descubrimos de la investigaci\u00f3n Viento Acorde, mucho material gr\u00e1fico y audiovisual que ten\u00edamos la necesidad de compartir con las personas que disfrutan del acorde\u00f3n, que quieren investigar y saber m\u00e1s de los cultores y tradiciones que lo rodean y lo pusimos a disposici\u00f3n en el sitio web\u00a0<a href=\"http:\/\/larutadelacordeon.cl\/\" data-saferedirecturl=\"https:\/\/www.google.com\/url?q=http:\/\/larutadelacordeon.cl&amp;source=gmail&amp;ust=1652994795084000&amp;usg=AOvVaw21QcvG2K8VLTksdCZjaMUA\">larutadelacordeon.cl<\/a>\u201d.<\/p>\n<p style=\"font-weight: 400; text-align: justify;\">El proyecto se viene trabajando desde el a\u00f1o 2016 en las regiones de los Lagos, de Ays\u00e9n y tambi\u00e9n en la Patagonia desde el lado argentino con el objetivo de poner en valor el patrimonio cultural de los acordeonistas: \u201cno exist\u00eda mucha informaci\u00f3n del tema cuando nosotros comenzamos a investigar y hab\u00eda mucho material que se estaba perdiendo. En algunos lugares cassettes que se estaban echando a perder y en otros, fotograf\u00edas que estaban quedando en el olvido, y al digitalizar este material y ponerlo en un sitio web ya pod\u00eda ser accesible para las nuevas generaciones. Tambi\u00e9n es un buen punto de partida para poder desarrollarse, entendiendo de d\u00f3nde viene todo el concepto de la creaci\u00f3n musical y las antiguas formas de aprender y las melod\u00edas que fueron pioneras en este instrumento en esta regi\u00f3n\u201d, explica Alberto Gajardo.<\/p>\n<p style=\"font-weight: 400; text-align: justify;\">La ruta del acorde\u00f3n es una iniciativa que se viene trabajando desde el a\u00f1o 2016 y cuyo proceso de investigaci\u00f3n sigue en curso. Luego de la distribuci\u00f3n en todas las escuelas p\u00fablicas de la regi\u00f3n de Ays\u00e9n del primer libro: \u201cLa Ruta del Acorde\u00f3n: El Sur\u201d, actualmente se encuentran en el proceso de edici\u00f3n de un segundo libro. Por lo mismo, es muy importante para el equipo la realizaci\u00f3n de los conversatorios y la mediaci\u00f3n con escuelas y centros culturales para efectivamente generar una divulgaci\u00f3n de este patrimonio con la comunidad.<\/p>\n<p style=\"font-weight: 400; text-align: justify;\">Al respecto, Julissa Fern\u00e1ndez, productora, editora e investigadora de proyecto, precis\u00f3: \u201clas actividades van a ser en torno a los productos de la Ruta del acorde\u00f3n, que es un proyecto multidisciplinario; por lo tanto, se utilizar\u00e1 la serie documental, el nuevo libro que estamos publicando, el libro que ya publicamos y todo el material audiovisual que est\u00e1 alojado en el sitio web, donde hay una audioteca, una videoteca, un tutorial de reparaci\u00f3n de acordeones y tambi\u00e9n la fototeca de fotograf\u00edas de archivos que han sido proporcionadas por familias y por los propios m\u00fasicos\u201d.<\/p>\n<p style=\"font-weight: 400; text-align: justify;\">Las actividades de mediaci\u00f3n van a incluir visionados de cap\u00edtulos de la serie con cultores invitados que hayan participado de cada cap\u00edtulo, cuidando que cada invitado responda a la realidad local, por lo tanto, pueda haber un di\u00e1logo entre los estudiantes y la comunidad educativa con los m\u00fasicos y con el equipo que particip\u00f3 del proyecto La Ruta del Acorde\u00f3n.<\/p>\n<p style=\"font-weight: 400; text-align: justify;\">El libro \u201cLa ruta del acorde\u00f3n: el sur\u201d estar\u00e1 acompa\u00f1ado de gu\u00edas pedag\u00f3gicas para descargar de manera gratuita en el sitio web del proyecto para ser utilizadas por las escuelas, con esto se busca difundir y valorar esta tradici\u00f3n para que sea reconocida y practicada por las nuevas generaciones. Cada gu\u00eda tendr\u00e1 sugerencias did\u00e1cticas que puedan implementarse en los colegios y que incluir\u00e1n actividades did\u00e1cticas, con r\u00fabricas sugeridas para la autoevaluaci\u00f3n y distintas actividades que pueden servir para apoyar unidades en lenguaje, m\u00fasica e historia.<\/p>\n<p style=\"font-weight: 400; text-align: justify;\">\u201cCreo que para las comunidades educativas, los colegios, las instituciones culturales, es muy importante poder contar con este material que es completamente gratuito, descargable y que puede ser utilizado en varios niveles escolares y en varias asignaturas como en lenguaje, m\u00fasica e historia, porque involucra la historia regional, de las comunidades y tambi\u00e9n la historia viva que significa la presencia de la m\u00fasica, del acorde\u00f3n, tanto en cuestiones rituales, religiosas, como en el orden comunitario, una parte importante de su cultura y de su d\u00eda a d\u00eda que es importante trabajar en la escuela\u201d, enfatiza Julissa Fern\u00e1ndez.<\/p>\n<p style=\"font-weight: 400; text-align: justify;\">La invitaci\u00f3n es a explorar la plataforma multimedia\u00a0<a href=\"http:\/\/larutadelacordeon.cl\/\" data-saferedirecturl=\"https:\/\/www.google.com\/url?q=http:\/\/larutadelacordeon.cl&amp;source=gmail&amp;ust=1652994795084000&amp;usg=AOvVaw21QcvG2K8VLTksdCZjaMUA\">larutadelacordeon.cl<\/a>, tal como explica su director Alberto Gajardo: \u201cvan a descubrir un mundo muy bello, no s\u00f3lo habla del instrumento, sino tambi\u00e9n formas de vivir la vida y descubrir miradas, que es algo muy representativo del pueblo sure\u00f1o de Chile y tambi\u00e9n del pueblo argentino del sur. Tenemos la posibilidad, viendo la serie Viento Acorde, de conocer la reflexi\u00f3n que tiene V\u00edctor Contreras que nos parece muy importante, sobre el proceso de homogenizaci\u00f3n cultural que estamos viviendo hoy d\u00eda, donde el proceso creativo antiguo que han tenido los acordeonistas y las comunidades, se ha ido perdiendo\u201d.<\/p>\n<p style=\"font-weight: 400; text-align: justify;\">El equipo de La Ruta del Acorde\u00f3n est\u00e1 conformado por Julissa Fern\u00e1ndez (investigaci\u00f3n y producci\u00f3n), Martina Davicino (producci\u00f3n audiovisual e investigaci\u00f3n), Alberto Gajardo (direcci\u00f3n del proyecto e investigaci\u00f3n), V\u00edctor Contreras (music\u00f3logo), Eduardo Soto (Sonidista) y Dafne Moncada (Comunicaciones).<\/p>\n<\/div><\/section><\/div><div  style='height:50px' class='hr hr-invisible   avia-builder-el-6  el_after_av_one_full  el_before_av_social_share '><span class='hr-inner ' ><span class='hr-inner-style'><\/span><\/span><\/div><\/p>\n<div  class='av-social-sharing-box  avia-builder-el-7  el_after_av_hr  el_before_av_hr  '><div class='av-share-box'><h5 class='av-share-link-description av-no-toc '>Compartir esta noticia<\/h5><ul class='av-share-box-list noLightbox'><li class='av-share-link av-social-link-facebook' ><a target=\"_blank\" aria-label=\"Compartir en Facebook\" href='https:\/\/www.facebook.com\/sharer.php?u=https:\/\/radiorevelacionfm.cl\/?p=16952&#038;t=Creadores%20de%20%E2%80%9CLa%20Ruta%20del%20Acorde%C3%B3n%E2%80%9D%20realizar%C3%A1n%20conversatorios%20para%20poner%20en%20valor%20el%20patrimonio%20musical%20del%20territorio%20austral' aria-hidden='false' data-av_icon='\ue8f3' data-av_iconfont='entypo-fontello' title='' data-avia-related-tooltip='Compartir en Facebook' rel=\"noopener\"><span class='avia_hidden_link_text'>Compartir en Facebook<\/span><\/a><\/li><li class='av-share-link av-social-link-twitter' ><a target=\"_blank\" aria-label=\"Compartir en Twitter\" href='https:\/\/twitter.com\/share?text=Creadores%20de%20%E2%80%9CLa%20Ruta%20del%20Acorde%C3%B3n%E2%80%9D%20realizar%C3%A1n%20conversatorios%20para%20poner%20en%20valor%20el%20patrimonio%20musical%20del%20territorio%20austral&#038;url=https:\/\/radiorevelacionfm.cl\/?p=16952' aria-hidden='false' data-av_icon='\ue8f1' data-av_iconfont='entypo-fontello' title='' data-avia-related-tooltip='Compartir en Twitter' rel=\"noopener\"><span class='avia_hidden_link_text'>Compartir en Twitter<\/span><\/a><\/li><li class='av-share-link av-social-link-whatsapp' ><a target=\"_blank\" aria-label=\"Compartir en Whatsapp\" href='https:\/\/api.whatsapp.com\/send?text=https:\/\/radiorevelacionfm.cl\/?p=16952' aria-hidden='false' data-av_icon='\uf232' data-av_iconfont='entypo-fontello' title='' data-avia-related-tooltip='Compartir en Whatsapp' rel=\"noopener\"><span class='avia_hidden_link_text'>Compartir en Whatsapp<\/span><\/a><\/li><li class='av-share-link av-social-link-linkedin' ><a target=\"_blank\" aria-label=\"Compartir en LinkedIn\" href='https:\/\/linkedin.com\/shareArticle?mini=true&#038;title=Creadores%20de%20%E2%80%9CLa%20Ruta%20del%20Acorde%C3%B3n%E2%80%9D%20realizar%C3%A1n%20conversatorios%20para%20poner%20en%20valor%20el%20patrimonio%20musical%20del%20territorio%20austral&#038;url=https:\/\/radiorevelacionfm.cl\/?p=16952' aria-hidden='false' data-av_icon='\ue8fc' data-av_iconfont='entypo-fontello' title='' data-avia-related-tooltip='Compartir en LinkedIn' rel=\"noopener\"><span class='avia_hidden_link_text'>Compartir en LinkedIn<\/span><\/a><\/li><li class='av-share-link av-social-link-mail' ><a  aria-label=\"Compartir por correo\" href='mailto:?subject=Creadores%20de%20%E2%80%9CLa%20Ruta%20del%20Acorde%C3%B3n%E2%80%9D%20realizar%C3%A1n%20conversatorios%20para%20poner%20en%20valor%20el%20patrimonio%20musical%20del%20territorio%20austral&#038;body=https:\/\/radiorevelacionfm.cl\/?p=16952' aria-hidden='false' data-av_icon='\ue805' data-av_iconfont='entypo-fontello' title='' data-avia-related-tooltip='Compartir por correo'><span class='avia_hidden_link_text'>Compartir por correo<\/span><\/a><\/li><\/ul><\/div><\/div>\n<div  style='height:50px' class='hr hr-invisible   avia-builder-el-8  el_after_av_social_share  el_before_av_comments_list '><span class='hr-inner ' ><span class='hr-inner-style'><\/span><\/span><\/div>\n<div  class='av-buildercomment  av-blog-meta-html-info-disabled av-blog-meta-tag-disabled  '><\/div>\n","protected":false},"excerpt":{"rendered":"","protected":false},"author":1,"featured_media":16953,"comment_status":"open","ping_status":"open","sticky":false,"template":"","format":"standard","meta":{"footnotes":""},"categories":[52,43],"tags":[],"class_list":["post-16952","post","type-post","status-publish","format-standard","has-post-thumbnail","hentry","category-cultura","category-musica"],"jetpack_featured_media_url":"https:\/\/radiorevelacionfm.cl\/wp-content\/uploads\/2022\/05\/Mate-Amargo-1-1.jpg","_links":{"self":[{"href":"https:\/\/radiorevelacionfm.cl\/index.php?rest_route=\/wp\/v2\/posts\/16952","targetHints":{"allow":["GET"]}}],"collection":[{"href":"https:\/\/radiorevelacionfm.cl\/index.php?rest_route=\/wp\/v2\/posts"}],"about":[{"href":"https:\/\/radiorevelacionfm.cl\/index.php?rest_route=\/wp\/v2\/types\/post"}],"author":[{"embeddable":true,"href":"https:\/\/radiorevelacionfm.cl\/index.php?rest_route=\/wp\/v2\/users\/1"}],"replies":[{"embeddable":true,"href":"https:\/\/radiorevelacionfm.cl\/index.php?rest_route=%2Fwp%2Fv2%2Fcomments&post=16952"}],"version-history":[{"count":2,"href":"https:\/\/radiorevelacionfm.cl\/index.php?rest_route=\/wp\/v2\/posts\/16952\/revisions"}],"predecessor-version":[{"id":16957,"href":"https:\/\/radiorevelacionfm.cl\/index.php?rest_route=\/wp\/v2\/posts\/16952\/revisions\/16957"}],"wp:featuredmedia":[{"embeddable":true,"href":"https:\/\/radiorevelacionfm.cl\/index.php?rest_route=\/wp\/v2\/media\/16953"}],"wp:attachment":[{"href":"https:\/\/radiorevelacionfm.cl\/index.php?rest_route=%2Fwp%2Fv2%2Fmedia&parent=16952"}],"wp:term":[{"taxonomy":"category","embeddable":true,"href":"https:\/\/radiorevelacionfm.cl\/index.php?rest_route=%2Fwp%2Fv2%2Fcategories&post=16952"},{"taxonomy":"post_tag","embeddable":true,"href":"https:\/\/radiorevelacionfm.cl\/index.php?rest_route=%2Fwp%2Fv2%2Ftags&post=16952"}],"curies":[{"name":"wp","href":"https:\/\/api.w.org\/{rel}","templated":true}]}}