{"id":16944,"date":"2022-05-18T18:24:54","date_gmt":"2022-05-18T21:24:54","guid":{"rendered":"https:\/\/radiorevelacionfm.cl\/?p=16944"},"modified":"2022-05-18T18:24:54","modified_gmt":"2022-05-18T21:24:54","slug":"ministerio-del-deporte-lanza-programa-2022-de-talleres-deportivos-y-recreativos-en-escuelas-para-abordar-problema-de-convivencia-y-salud-mental","status":"publish","type":"post","link":"https:\/\/radiorevelacionfm.cl\/?p=16944","title":{"rendered":"Ministerio del Deporte lanza programa 2022 de talleres deportivos y recreativos en escuelas para abordar problema de convivencia y salud mental"},"content":{"rendered":"<div class=\"flex_column av_one_full  flex_column_div av-zero-column-padding first  avia-builder-el-0  el_before_av_one_full  avia-builder-el-first  \" style='border-radius:0px; '><div  class='avia-image-container  av-styling-    avia-builder-el-1  avia-builder-el-no-sibling  avia-align-center '  itemprop=\"image\" itemscope=\"itemscope\" itemtype=\"https:\/\/schema.org\/ImageObject\"  ><div class='avia-image-container-inner'><div class='avia-image-overlay-wrap'><img decoding=\"async\" class='wp-image-16945 avia-img-lazy-loading-not-16945 avia_image' src=\"https:\/\/radiorevelacionfm.cl\/wp-content\/uploads\/2022\/05\/1-95-1-1.jpg\" alt='' title='1 (95) (1) (1)' height=\"600\" width=\"900\"  itemprop=\"thumbnailUrl\" srcset=\"https:\/\/radiorevelacionfm.cl\/wp-content\/uploads\/2022\/05\/1-95-1-1.jpg 900w, https:\/\/radiorevelacionfm.cl\/wp-content\/uploads\/2022\/05\/1-95-1-1-300x200.jpg 300w, https:\/\/radiorevelacionfm.cl\/wp-content\/uploads\/2022\/05\/1-95-1-1-768x512.jpg 768w, https:\/\/radiorevelacionfm.cl\/wp-content\/uploads\/2022\/05\/1-95-1-1-705x470.jpg 705w, https:\/\/radiorevelacionfm.cl\/wp-content\/uploads\/2022\/05\/1-95-1-1-600x400.jpg 600w\" sizes=\"(max-width: 900px) 100vw, 900px\" \/><\/div><\/div><\/div><\/div><div class=\"flex_column av_one_full  flex_column_div av-zero-column-padding first  avia-builder-el-2  el_after_av_one_full  el_before_av_one_full  column-top-margin\" style='border-radius:0px; '><section class=\"av_textblock_section \"  itemscope=\"itemscope\" itemtype=\"https:\/\/schema.org\/BlogPosting\" itemprop=\"blogPost\" ><div class='avia_textblock  '   itemprop=\"text\" ><p style=\"text-align: center;\"><span style=\"font-size: 18pt;\"><b><span lang=\"ES\">Ministerio del Deporte lanza programa 2022 de talleres deportivos y recreativos en escuelas para abordar problema de convivencia y salud mental<\/span><\/b><\/span><\/p>\n<div id=\"gtx-trans\" style=\"position: absolute; left: -50px; top: 4.31534px;\">\n<div class=\"gtx-trans-icon\"><\/div>\n<\/div>\n<\/div><\/section><\/div><div class=\"flex_column av_one_full  flex_column_div av-zero-column-padding first  avia-builder-el-4  el_after_av_one_full  el_before_av_hr  column-top-margin\" style='border-radius:0px; '><section class=\"av_textblock_section \"  itemscope=\"itemscope\" itemtype=\"https:\/\/schema.org\/BlogPosting\" itemprop=\"blogPost\" ><div class='avia_textblock  '   itemprop=\"text\" ><div>\n<p class=\"v1MsoNormal\" style=\"text-align: justify;\"><span lang=\"ES\">Con m\u00e1s de 250 ni\u00f1os y ni\u00f1as de la Escuela Claudio Arrau de la comuna El Bosque, la Ministra del Deporte, Alexandra Benado, encabez\u00f3 el lanzamiento del programa \u00abCrecer en Movimiento 2022\u00bb, que permiti\u00f3 en esta jornada a los escolares disfrutar de una ma\u00f1ana diferente, con actividades l\u00fadicas y deportivas, en que compartieron con el alcalde de El Bosque, Manuel Z\u00fa\u00f1iga, el director nacional (s) del IND, Israel Castro y el director regional Metropolitano del IND, Luis Oliva.<\/span><\/p>\n<p class=\"v1MsoNormal\" style=\"text-align: justify;\"><span lang=\"ES\">\u00a0<\/span><span lang=\"ES\">Esta actividad es parte del programa \u00abCrecer en Movimiento\u00bb, que se ha orientado este a\u00f1o a fortalecer la actividad f\u00edsica, la recreaci\u00f3n y el juego de ni\u00f1os y ni\u00f1as en etapa preescolar y escolar, con el fin de abordar los problemas de salud mental asociados a la pandemia del Coronavirus y que han desembocado en severos trastornos de convivencia escolar desde el inicio de este a\u00f1o.<\/span><\/p>\n<p class=\"v1MsoNormal\" style=\"text-align: justify;\"><span lang=\"ES\">\u00a0<\/span><span lang=\"ES\">La iniciativa beneficiar\u00e1 a 119 mil ni\u00f1as y ni\u00f1os de escuelas de todo el pa\u00eds, a trav\u00e9s de una inversi\u00f3n de $7.555 millones, financiados por el Ministerio del Deporte, a trav\u00e9s del IND.<\/span><\/p>\n<p class=\"v1MsoNormal\" style=\"text-align: justify;\"><span lang=\"ES\">\u00a0<\/span><span lang=\"ES\">En la oportunidad la Ministra Benado sostuvo que \u00abla pandemia nos ha hecho pasar momentos dif\u00edciles, donde no hemos podido compartir, no hemos podido salir ni jugar. A trav\u00e9s de este programa podremos generar el espacio donde nuestras ni\u00f1as y ni\u00f1os puedan volver a sentirse seguros y protegidos y eso es lo que tenemos que hacer entre todas y todos los que estamos aqu\u00ed. La idea es que nos protejamos entre todos y nos cuidemos por medio de los valores que nos entregan el deporte y la actividad f\u00edsica\u00bb.<\/span><\/p>\n<p class=\"v1MsoNormal\" style=\"text-align: justify;\"><span lang=\"ES\">\u00a0<\/span><\/p>\n<p class=\"v1MsoNormal\" style=\"text-align: justify;\"><b><u><span lang=\"ES\">Regi\u00f3n de Ays\u00e9n<\/span><\/u><\/b><\/p>\n<p class=\"v1MsoNormal\" style=\"text-align: justify;\"><span lang=\"ES\">En Ays\u00e9n en Programa Crecer en Movimiento actualmente llega a las diez comunas de la regi\u00f3n con m\u00e1s de 90 talleres sistem\u00e1ticos que se ejecutan a trav\u00e9s de los componentes \u00abJugar y Aprender\u00bb, \u00abDel Juego al Deporte\u00bb y \u00abElecci\u00f3n Deportiva\u00bb respectivamente.<\/span><\/p>\n<p class=\"v1MsoNormal\" style=\"text-align: justify;\"><span lang=\"ES\">Los talleres que se ejecutan corresponden a formaci\u00f3n motora, taller polideportivo, deportes acu\u00e1ticos, hockey sobre c\u00e9sped, tenis y voleibol. Mientras que las disciplinas que corresponden a \u00abElecci\u00f3n Deportiva\u00bb corresponden a judo, karate, tenis de mesa, esgrima, k\u00e1rate, patinaje recreativo, b\u00e1squetbol, futsal, atletismo, balonmano, gimnasia r\u00edtmica, voleibol, Para Atletismo y Para Tenis de Mesa.<\/span><\/p>\n<\/div>\n<div><\/div>\n<\/div><\/section><\/div><div  style='height:50px' class='hr hr-invisible   avia-builder-el-6  el_after_av_one_full  el_before_av_social_share '><span class='hr-inner ' ><span class='hr-inner-style'><\/span><\/span><\/div><\/p>\n<div  class='av-social-sharing-box  avia-builder-el-7  el_after_av_hr  el_before_av_hr  '><div class='av-share-box'><h5 class='av-share-link-description av-no-toc '>Compartir esta noticia<\/h5><ul class='av-share-box-list noLightbox'><li class='av-share-link av-social-link-facebook' ><a target=\"_blank\" aria-label=\"Compartir en Facebook\" href='https:\/\/www.facebook.com\/sharer.php?u=https:\/\/radiorevelacionfm.cl\/?p=16944&#038;t=Ministerio%20del%20Deporte%20lanza%20programa%202022%20de%20talleres%20deportivos%20y%20recreativos%20en%20escuelas%20para%20abordar%20problema%20de%20convivencia%20y%20salud%20mental' aria-hidden='false' data-av_icon='\ue8f3' data-av_iconfont='entypo-fontello' title='' data-avia-related-tooltip='Compartir en Facebook' rel=\"noopener\"><span class='avia_hidden_link_text'>Compartir en Facebook<\/span><\/a><\/li><li class='av-share-link av-social-link-twitter' ><a target=\"_blank\" aria-label=\"Compartir en Twitter\" href='https:\/\/twitter.com\/share?text=Ministerio%20del%20Deporte%20lanza%20programa%202022%20de%20talleres%20deportivos%20y%20recreativos%20en%20escuelas%20para%20abordar%20problema%20de%20convivencia%20y%20salud%20mental&#038;url=https:\/\/radiorevelacionfm.cl\/?p=16944' aria-hidden='false' data-av_icon='\ue8f1' data-av_iconfont='entypo-fontello' title='' data-avia-related-tooltip='Compartir en Twitter' rel=\"noopener\"><span class='avia_hidden_link_text'>Compartir en Twitter<\/span><\/a><\/li><li class='av-share-link av-social-link-whatsapp' ><a target=\"_blank\" aria-label=\"Compartir en Whatsapp\" href='https:\/\/api.whatsapp.com\/send?text=https:\/\/radiorevelacionfm.cl\/?p=16944' aria-hidden='false' data-av_icon='\uf232' data-av_iconfont='entypo-fontello' title='' data-avia-related-tooltip='Compartir en Whatsapp' rel=\"noopener\"><span class='avia_hidden_link_text'>Compartir en Whatsapp<\/span><\/a><\/li><li class='av-share-link av-social-link-linkedin' ><a target=\"_blank\" aria-label=\"Compartir en LinkedIn\" href='https:\/\/linkedin.com\/shareArticle?mini=true&#038;title=Ministerio%20del%20Deporte%20lanza%20programa%202022%20de%20talleres%20deportivos%20y%20recreativos%20en%20escuelas%20para%20abordar%20problema%20de%20convivencia%20y%20salud%20mental&#038;url=https:\/\/radiorevelacionfm.cl\/?p=16944' aria-hidden='false' data-av_icon='\ue8fc' data-av_iconfont='entypo-fontello' title='' data-avia-related-tooltip='Compartir en LinkedIn' rel=\"noopener\"><span class='avia_hidden_link_text'>Compartir en LinkedIn<\/span><\/a><\/li><li class='av-share-link av-social-link-mail' ><a  aria-label=\"Compartir por correo\" href='mailto:?subject=Ministerio%20del%20Deporte%20lanza%20programa%202022%20de%20talleres%20deportivos%20y%20recreativos%20en%20escuelas%20para%20abordar%20problema%20de%20convivencia%20y%20salud%20mental&#038;body=https:\/\/radiorevelacionfm.cl\/?p=16944' aria-hidden='false' data-av_icon='\ue805' data-av_iconfont='entypo-fontello' title='' data-avia-related-tooltip='Compartir por correo'><span class='avia_hidden_link_text'>Compartir por correo<\/span><\/a><\/li><\/ul><\/div><\/div>\n<div  style='height:50px' class='hr hr-invisible   avia-builder-el-8  el_after_av_social_share  el_before_av_comments_list '><span class='hr-inner ' ><span class='hr-inner-style'><\/span><\/span><\/div>\n<div  class='av-buildercomment  av-blog-meta-html-info-disabled av-blog-meta-tag-disabled  '><\/div>\n","protected":false},"excerpt":{"rendered":"","protected":false},"author":1,"featured_media":16945,"comment_status":"open","ping_status":"open","sticky":false,"template":"","format":"standard","meta":{"footnotes":""},"categories":[40,49],"tags":[],"class_list":["post-16944","post","type-post","status-publish","format-standard","has-post-thumbnail","hentry","category-deportes","category-educacion"],"jetpack_featured_media_url":"https:\/\/radiorevelacionfm.cl\/wp-content\/uploads\/2022\/05\/1-95-1-1.jpg","_links":{"self":[{"href":"https:\/\/radiorevelacionfm.cl\/index.php?rest_route=\/wp\/v2\/posts\/16944","targetHints":{"allow":["GET"]}}],"collection":[{"href":"https:\/\/radiorevelacionfm.cl\/index.php?rest_route=\/wp\/v2\/posts"}],"about":[{"href":"https:\/\/radiorevelacionfm.cl\/index.php?rest_route=\/wp\/v2\/types\/post"}],"author":[{"embeddable":true,"href":"https:\/\/radiorevelacionfm.cl\/index.php?rest_route=\/wp\/v2\/users\/1"}],"replies":[{"embeddable":true,"href":"https:\/\/radiorevelacionfm.cl\/index.php?rest_route=%2Fwp%2Fv2%2Fcomments&post=16944"}],"version-history":[{"count":2,"href":"https:\/\/radiorevelacionfm.cl\/index.php?rest_route=\/wp\/v2\/posts\/16944\/revisions"}],"predecessor-version":[{"id":16947,"href":"https:\/\/radiorevelacionfm.cl\/index.php?rest_route=\/wp\/v2\/posts\/16944\/revisions\/16947"}],"wp:featuredmedia":[{"embeddable":true,"href":"https:\/\/radiorevelacionfm.cl\/index.php?rest_route=\/wp\/v2\/media\/16945"}],"wp:attachment":[{"href":"https:\/\/radiorevelacionfm.cl\/index.php?rest_route=%2Fwp%2Fv2%2Fmedia&parent=16944"}],"wp:term":[{"taxonomy":"category","embeddable":true,"href":"https:\/\/radiorevelacionfm.cl\/index.php?rest_route=%2Fwp%2Fv2%2Fcategories&post=16944"},{"taxonomy":"post_tag","embeddable":true,"href":"https:\/\/radiorevelacionfm.cl\/index.php?rest_route=%2Fwp%2Fv2%2Ftags&post=16944"}],"curies":[{"name":"wp","href":"https:\/\/api.w.org\/{rel}","templated":true}]}}