{"id":16940,"date":"2022-05-18T16:45:43","date_gmt":"2022-05-18T19:45:43","guid":{"rendered":"https:\/\/radiorevelacionfm.cl\/?p=16940"},"modified":"2022-05-18T16:45:43","modified_gmt":"2022-05-18T19:45:43","slug":"en-el-cft-estatal-de-aysen-se-celebro-el-dia-del-estudiante","status":"publish","type":"post","link":"https:\/\/radiorevelacionfm.cl\/?p=16940","title":{"rendered":"En el CFT Estatal de Ays\u00e9n se celebr\u00f3 el D\u00eda del Estudiante"},"content":{"rendered":"<div class=\"flex_column av_one_full  flex_column_div av-zero-column-padding first  avia-builder-el-0  el_before_av_one_full  avia-builder-el-first  \" style='border-radius:0px; '><div  class='avia-image-container  av-styling-    avia-builder-el-1  avia-builder-el-no-sibling  avia-align-center '  itemprop=\"image\" itemscope=\"itemscope\" itemtype=\"https:\/\/schema.org\/ImageObject\"  ><div class='avia-image-container-inner'><div class='avia-image-overlay-wrap'><img decoding=\"async\" class='wp-image-16941 avia-img-lazy-loading-not-16941 avia_image' src=\"https:\/\/radiorevelacionfm.cl\/wp-content\/uploads\/2022\/05\/WhatsApp-Image-2022-05-14-at-12.39.57-PM-14-1-1.jpeg\" alt='' title='WhatsApp Image 2022-05-14 at 12.39.57 PM (14) (1) (1)' height=\"600\" width=\"800\"  itemprop=\"thumbnailUrl\" srcset=\"https:\/\/radiorevelacionfm.cl\/wp-content\/uploads\/2022\/05\/WhatsApp-Image-2022-05-14-at-12.39.57-PM-14-1-1.jpeg 800w, https:\/\/radiorevelacionfm.cl\/wp-content\/uploads\/2022\/05\/WhatsApp-Image-2022-05-14-at-12.39.57-PM-14-1-1-300x225.jpeg 300w, https:\/\/radiorevelacionfm.cl\/wp-content\/uploads\/2022\/05\/WhatsApp-Image-2022-05-14-at-12.39.57-PM-14-1-1-768x576.jpeg 768w, https:\/\/radiorevelacionfm.cl\/wp-content\/uploads\/2022\/05\/WhatsApp-Image-2022-05-14-at-12.39.57-PM-14-1-1-705x529.jpeg 705w, https:\/\/radiorevelacionfm.cl\/wp-content\/uploads\/2022\/05\/WhatsApp-Image-2022-05-14-at-12.39.57-PM-14-1-1-600x450.jpeg 600w\" sizes=\"(max-width: 800px) 100vw, 800px\" \/><\/div><\/div><\/div><\/div><div class=\"flex_column av_one_full  flex_column_div av-zero-column-padding first  avia-builder-el-2  el_after_av_one_full  el_before_av_one_full  column-top-margin\" style='border-radius:0px; '><section class=\"av_textblock_section \"  itemscope=\"itemscope\" itemtype=\"https:\/\/schema.org\/BlogPosting\" itemprop=\"blogPost\" ><div class='avia_textblock  '   itemprop=\"text\" ><p style=\"text-align: center;\"><strong><span style=\"font-size: 18pt;\"> En el CFT Estatal de Ays\u00e9n se celebr\u00f3 el D\u00eda del Estudiante<\/span><\/strong><\/p>\n<div id=\"gtx-trans\" style=\"position: absolute; left: -50px; top: 4.31534px;\">\n<div class=\"gtx-trans-icon\"><\/div>\n<\/div>\n<\/div><\/section><\/div><div class=\"flex_column av_one_full  flex_column_div av-zero-column-padding first  avia-builder-el-4  el_after_av_one_full  el_before_av_hr  column-top-margin\" style='border-radius:0px; '><section class=\"av_textblock_section \"  itemscope=\"itemscope\" itemtype=\"https:\/\/schema.org\/BlogPosting\" itemprop=\"blogPost\" ><div class='avia_textblock  '   itemprop=\"text\" ><p style=\"text-align: justify;\">El pasado viernes 13 de mayo en dependencias del Liceo Polit\u00e9cnico de Puerto Ays\u00e9n (lugar donde desarrollan las clases) los\/as estudiantes hicieron una pausa en sus actividades acad\u00e9micas para poder compartir un grato momento con funcionarios del CFT Estatal, quienes ten\u00edan preparado una recepci\u00f3n para celebrar el D\u00eda del Estudiante.<\/p>\n<p style=\"text-align: justify;\">Esta actividad dio instancia para dialogar acerca de lo que ha sido el trabajo del CFT Estatal en Puerto Ays\u00e9n, conocer por parte de los\/as estudiantes su apreciaci\u00f3n en materia acad\u00e9mica recibida por Docentes y tambi\u00e9n conocer las aspiraciones que tienen cada uno de ellos en esta casa de estudios de ense\u00f1anza de nivel superior.<\/p>\n<p style=\"text-align: justify;\">El se\u00f1or Rector V\u00edctor \u00c1lvarez Vel\u00e1squez agradeci\u00f3 a los\/as estudiantes la manera que se han desarrollado, no solamente en la parte acad\u00e9mica, sino que tambi\u00e9n el esp\u00edritu de trabajo en equipo y solidaridad con sus pares a la hora de compartir conocimientos.<\/p>\n<p style=\"text-align: justify;\">Una vez concluida la actividad uno de los Delegados Estudiantiles Francisco Ayanc\u00e1n se\u00f1alaba: \u201cha sido una sorpresa, nosotros creemos que se ha formado un equipo de trabajo muy cohesionado entre los estudiantes, personal de apoyo y las carreras, es la primera impresi\u00f3n que tenemos del CFT que es fant\u00e1stica, muy buena impresi\u00f3n que las personas vean que lo que se est\u00e1 haciendo ac\u00e1 va a tener una repercusi\u00f3n sin lugar a dudas en nuestra comunidad\u201d.<\/p>\n<p style=\"text-align: justify;\">Finalmente el Rector del CFT Estatal de Ays\u00e9n agregaba \u201cestamos muy contentos porque estamos en nuestro primer D\u00eda del Estudiante de nuestro CFT Estatal, nosotros como modelo educativo hemos puesto al centro al estudiante como un eje fundamental dentro de nuestro de nuestro proceso ense\u00f1anza-aprendizaje, por tanto hoy estamos muy contentos como equipo directivo celebrando el D\u00eda del Estudiante\u201d.<\/p>\n<\/div><\/section><\/div><div  style='height:50px' class='hr hr-invisible   avia-builder-el-6  el_after_av_one_full  el_before_av_social_share '><span class='hr-inner ' ><span class='hr-inner-style'><\/span><\/span><\/div><\/p>\n<div  class='av-social-sharing-box  avia-builder-el-7  el_after_av_hr  el_before_av_hr  '><div class='av-share-box'><h5 class='av-share-link-description av-no-toc '>Compartir esta noticia<\/h5><ul class='av-share-box-list noLightbox'><li class='av-share-link av-social-link-facebook' ><a target=\"_blank\" aria-label=\"Compartir en Facebook\" href='https:\/\/www.facebook.com\/sharer.php?u=https:\/\/radiorevelacionfm.cl\/?p=16940&#038;t=En%20el%20CFT%20Estatal%20de%20Ays%C3%A9n%20se%20celebr%C3%B3%20el%20D%C3%ADa%20del%20Estudiante' aria-hidden='false' data-av_icon='\ue8f3' data-av_iconfont='entypo-fontello' title='' data-avia-related-tooltip='Compartir en Facebook' rel=\"noopener\"><span class='avia_hidden_link_text'>Compartir en Facebook<\/span><\/a><\/li><li class='av-share-link av-social-link-twitter' ><a target=\"_blank\" aria-label=\"Compartir en Twitter\" href='https:\/\/twitter.com\/share?text=En%20el%20CFT%20Estatal%20de%20Ays%C3%A9n%20se%20celebr%C3%B3%20el%20D%C3%ADa%20del%20Estudiante&#038;url=https:\/\/radiorevelacionfm.cl\/?p=16940' aria-hidden='false' data-av_icon='\ue8f1' data-av_iconfont='entypo-fontello' title='' data-avia-related-tooltip='Compartir en Twitter' rel=\"noopener\"><span class='avia_hidden_link_text'>Compartir en Twitter<\/span><\/a><\/li><li class='av-share-link av-social-link-whatsapp' ><a target=\"_blank\" aria-label=\"Compartir en Whatsapp\" href='https:\/\/api.whatsapp.com\/send?text=https:\/\/radiorevelacionfm.cl\/?p=16940' aria-hidden='false' data-av_icon='\uf232' data-av_iconfont='entypo-fontello' title='' data-avia-related-tooltip='Compartir en Whatsapp' rel=\"noopener\"><span class='avia_hidden_link_text'>Compartir en Whatsapp<\/span><\/a><\/li><li class='av-share-link av-social-link-linkedin' ><a target=\"_blank\" aria-label=\"Compartir en LinkedIn\" href='https:\/\/linkedin.com\/shareArticle?mini=true&#038;title=En%20el%20CFT%20Estatal%20de%20Ays%C3%A9n%20se%20celebr%C3%B3%20el%20D%C3%ADa%20del%20Estudiante&#038;url=https:\/\/radiorevelacionfm.cl\/?p=16940' aria-hidden='false' data-av_icon='\ue8fc' data-av_iconfont='entypo-fontello' title='' data-avia-related-tooltip='Compartir en LinkedIn' rel=\"noopener\"><span class='avia_hidden_link_text'>Compartir en LinkedIn<\/span><\/a><\/li><li class='av-share-link av-social-link-mail' ><a  aria-label=\"Compartir por correo\" href='mailto:?subject=En%20el%20CFT%20Estatal%20de%20Ays%C3%A9n%20se%20celebr%C3%B3%20el%20D%C3%ADa%20del%20Estudiante&#038;body=https:\/\/radiorevelacionfm.cl\/?p=16940' aria-hidden='false' data-av_icon='\ue805' data-av_iconfont='entypo-fontello' title='' data-avia-related-tooltip='Compartir por correo'><span class='avia_hidden_link_text'>Compartir por correo<\/span><\/a><\/li><\/ul><\/div><\/div>\n<div  style='height:50px' class='hr hr-invisible   avia-builder-el-8  el_after_av_social_share  el_before_av_comments_list '><span class='hr-inner ' ><span class='hr-inner-style'><\/span><\/span><\/div>\n<div  class='av-buildercomment  av-blog-meta-html-info-disabled av-blog-meta-tag-disabled  '><\/div>\n","protected":false},"excerpt":{"rendered":"","protected":false},"author":1,"featured_media":16941,"comment_status":"open","ping_status":"open","sticky":false,"template":"","format":"standard","meta":{"footnotes":""},"categories":[49],"tags":[],"class_list":["post-16940","post","type-post","status-publish","format-standard","has-post-thumbnail","hentry","category-educacion"],"jetpack_featured_media_url":"https:\/\/radiorevelacionfm.cl\/wp-content\/uploads\/2022\/05\/WhatsApp-Image-2022-05-14-at-12.39.57-PM-14-1-1.jpeg","_links":{"self":[{"href":"https:\/\/radiorevelacionfm.cl\/index.php?rest_route=\/wp\/v2\/posts\/16940","targetHints":{"allow":["GET"]}}],"collection":[{"href":"https:\/\/radiorevelacionfm.cl\/index.php?rest_route=\/wp\/v2\/posts"}],"about":[{"href":"https:\/\/radiorevelacionfm.cl\/index.php?rest_route=\/wp\/v2\/types\/post"}],"author":[{"embeddable":true,"href":"https:\/\/radiorevelacionfm.cl\/index.php?rest_route=\/wp\/v2\/users\/1"}],"replies":[{"embeddable":true,"href":"https:\/\/radiorevelacionfm.cl\/index.php?rest_route=%2Fwp%2Fv2%2Fcomments&post=16940"}],"version-history":[{"count":2,"href":"https:\/\/radiorevelacionfm.cl\/index.php?rest_route=\/wp\/v2\/posts\/16940\/revisions"}],"predecessor-version":[{"id":16943,"href":"https:\/\/radiorevelacionfm.cl\/index.php?rest_route=\/wp\/v2\/posts\/16940\/revisions\/16943"}],"wp:featuredmedia":[{"embeddable":true,"href":"https:\/\/radiorevelacionfm.cl\/index.php?rest_route=\/wp\/v2\/media\/16941"}],"wp:attachment":[{"href":"https:\/\/radiorevelacionfm.cl\/index.php?rest_route=%2Fwp%2Fv2%2Fmedia&parent=16940"}],"wp:term":[{"taxonomy":"category","embeddable":true,"href":"https:\/\/radiorevelacionfm.cl\/index.php?rest_route=%2Fwp%2Fv2%2Fcategories&post=16940"},{"taxonomy":"post_tag","embeddable":true,"href":"https:\/\/radiorevelacionfm.cl\/index.php?rest_route=%2Fwp%2Fv2%2Ftags&post=16940"}],"curies":[{"name":"wp","href":"https:\/\/api.w.org\/{rel}","templated":true}]}}