{"id":16936,"date":"2022-05-18T15:24:59","date_gmt":"2022-05-18T18:24:59","guid":{"rendered":"https:\/\/radiorevelacionfm.cl\/?p=16936"},"modified":"2022-05-18T15:24:59","modified_gmt":"2022-05-18T18:24:59","slug":"diputado-calisto-insiste-con-el-bono-lena-y-ministro-de-hacienda-se-abre-a-posible-aumento-de-la-cobertura","status":"publish","type":"post","link":"https:\/\/radiorevelacionfm.cl\/?p=16936","title":{"rendered":"Diputado Calisto insiste con el bono le\u00f1a y Ministro de Hacienda se abre a posible aumento de la cobertura"},"content":{"rendered":"<div class=\"flex_column av_one_full  flex_column_div av-zero-column-padding first  avia-builder-el-0  el_before_av_one_full  avia-builder-el-first  \" style='border-radius:0px; '><div  class='avia-image-container  av-styling-    avia-builder-el-1  avia-builder-el-no-sibling  avia-align-center '  itemprop=\"image\" itemscope=\"itemscope\" itemtype=\"https:\/\/schema.org\/ImageObject\"  ><div class='avia-image-container-inner'><div class='avia-image-overlay-wrap'><img decoding=\"async\" class='wp-image-16937 avia-img-lazy-loading-not-16937 avia_image' src=\"https:\/\/radiorevelacionfm.cl\/wp-content\/uploads\/2022\/05\/CON-MARIO-MARCEL-1-1.jpg\" alt='' title='CON MARIO MARCEL (1) (1)' height=\"600\" width=\"710\"  itemprop=\"thumbnailUrl\" srcset=\"https:\/\/radiorevelacionfm.cl\/wp-content\/uploads\/2022\/05\/CON-MARIO-MARCEL-1-1.jpg 710w, https:\/\/radiorevelacionfm.cl\/wp-content\/uploads\/2022\/05\/CON-MARIO-MARCEL-1-1-300x254.jpg 300w, https:\/\/radiorevelacionfm.cl\/wp-content\/uploads\/2022\/05\/CON-MARIO-MARCEL-1-1-705x596.jpg 705w, https:\/\/radiorevelacionfm.cl\/wp-content\/uploads\/2022\/05\/CON-MARIO-MARCEL-1-1-600x507.jpg 600w\" sizes=\"(max-width: 710px) 100vw, 710px\" \/><\/div><\/div><\/div><\/div><div class=\"flex_column av_one_full  flex_column_div av-zero-column-padding first  avia-builder-el-2  el_after_av_one_full  el_before_av_one_full  column-top-margin\" style='border-radius:0px; '><section class=\"av_textblock_section \"  itemscope=\"itemscope\" itemtype=\"https:\/\/schema.org\/BlogPosting\" itemprop=\"blogPost\" ><div class='avia_textblock  '   itemprop=\"text\" ><p style=\"text-align: center;\"><span style=\"font-size: 18pt;\"><b>Diputado Calisto insiste con el bono le\u00f1a y Ministro de Hacienda se abre a posible aumento de la cobertura<\/b><\/span><\/p>\n<div id=\"gtx-trans\" style=\"position: absolute; left: -50px; top: 4.31534px;\">\n<div class=\"gtx-trans-icon\"><\/div>\n<\/div>\n<\/div><\/section><\/div><div class=\"flex_column av_one_full  flex_column_div av-zero-column-padding first  avia-builder-el-4  el_after_av_one_full  el_before_av_hr  column-top-margin\" style='border-radius:0px; '><section class=\"av_textblock_section \"  itemscope=\"itemscope\" itemtype=\"https:\/\/schema.org\/BlogPosting\" itemprop=\"blogPost\" ><div class='avia_textblock  '   itemprop=\"text\" ><p style=\"font-weight: 400; text-align: justify;\">Las gestiones del diputado Miguel \u00c1ngel Calisto para aumentar la cobertura del bono le\u00f1a van por buen camino, esto porque hoy (mi\u00e9rcoles) el propio Ministro de Hacienda, Mario Marcel, se abri\u00f3 a la posibilidad de concretar este aumento tras reunirse en el Congreso con el parlamentario, quien le reiter\u00f3 esta problem\u00e1tica.<\/p>\n<p style=\"font-weight: 400; text-align: justify;\">Seg\u00fan el Ministro Marcel, \u201chemos estado conversando con el diputado Calisto en particular respecto al tema bono le\u00f1a, y en general sobre el costo de la energ\u00eda en la regi\u00f3n de Ays\u00e9n. Hemos estado trabajando con la Direcci\u00f3n de Presupuesto viendo la cobertura del bono le\u00f1a, y vamos a estudiar alternativas que se puedan implementar para poder llegar con este beneficio a los hogares, dentro de las metas que se han establecido a\u00f1os anteriores\u201d.<\/p>\n<p style=\"font-weight: 400; text-align: justify;\">El Ministro agreg\u00f3 que \u201cde manera de responder a una necesidad que es muy comprensible de calefacci\u00f3n, en ciudades que durante varios meses del a\u00f1o tienen temperaturas bajo cero y donde obviamente esto es central en el presupuesto de los hogares\u201d.<\/p>\n<p style=\"font-weight: 400; text-align: justify;\">Seg\u00fan el diputado Miguel \u00c1ngel Calisto \u201ctuvimos una buena reuni\u00f3n con el Ministro de Hacienda para ratificar la gesti\u00f3n que estamos haciendo hace varias semanas para aumentar los cupos del bono le\u00f1a. El Gobierno inicialmente inform\u00f3 que son 26 mil familias las cuales van a recibir el bono le\u00f1a, y ya hemos visto estos d\u00edas a quienes ya han sido beneficiados\u201d.<\/p>\n<p style=\"font-weight: 400; text-align: justify;\">\u201cSin embargo, hay un segmento bien importante, incluso familias que est\u00e1n en el 40% o 60% del Registro Social de Hogares, que no han recibido el bono. Cuando uno ve la p\u00e1gina y la informaci\u00f3n oficial, se anuncia que recibir\u00e1n todas las familias que est\u00e9n hasta el 80% del RSH\u201d, se\u00f1al\u00f3.<\/p>\n<p style=\"font-weight: 400; text-align: justify;\">Calisto agreg\u00f3 que \u201cel Ministro ha entendido ciertamente la problem\u00e1tica que tiene Ays\u00e9n, le expliqu\u00e9 lo que significa adem\u00e1s pagar mensualmente el costo de calefacci\u00f3n, que es muy alto en la regi\u00f3n, especialmente tomando en cuenta que ya estamos con temperaturas muy bajas. Esto impacta fuertemente a los adultos mayores y a la gente m\u00e1s modesta que vive en la regi\u00f3n.<\/p>\n<p style=\"text-align: justify;\"><span style=\"font-weight: 400;\">Finalmente, el diputado Calisto afirm\u00f3 que \u201cesperamos que el Ministro nos confirme prontamente, pero ya nos adelant\u00f3 que est\u00e1n generando un aumento de los cupos del bono le\u00f1a, que yo espero que se confirmen a la brevedad\u201d\u00a0<\/span><span style=\"font-weight: 400;\">\u00a0<\/span><span style=\"font-weight: 400;\">\u00a0<\/span><\/p>\n<\/div><\/section><\/div><div  style='height:50px' class='hr hr-invisible   avia-builder-el-6  el_after_av_one_full  el_before_av_social_share '><span class='hr-inner ' ><span class='hr-inner-style'><\/span><\/span><\/div><\/p>\n<div  class='av-social-sharing-box  avia-builder-el-7  el_after_av_hr  el_before_av_hr  '><div class='av-share-box'><h5 class='av-share-link-description av-no-toc '>Compartir esta noticia<\/h5><ul class='av-share-box-list noLightbox'><li class='av-share-link av-social-link-facebook' ><a target=\"_blank\" aria-label=\"Compartir en Facebook\" href='https:\/\/www.facebook.com\/sharer.php?u=https:\/\/radiorevelacionfm.cl\/?p=16936&#038;t=Diputado%20Calisto%20insiste%20con%20el%20bono%20le%C3%B1a%20y%20Ministro%20de%20Hacienda%20se%20abre%20a%20posible%20aumento%20de%20la%20cobertura' aria-hidden='false' data-av_icon='\ue8f3' data-av_iconfont='entypo-fontello' title='' data-avia-related-tooltip='Compartir en Facebook' rel=\"noopener\"><span class='avia_hidden_link_text'>Compartir en Facebook<\/span><\/a><\/li><li class='av-share-link av-social-link-twitter' ><a target=\"_blank\" aria-label=\"Compartir en Twitter\" href='https:\/\/twitter.com\/share?text=Diputado%20Calisto%20insiste%20con%20el%20bono%20le%C3%B1a%20y%20Ministro%20de%20Hacienda%20se%20abre%20a%20posible%20aumento%20de%20la%20cobertura&#038;url=https:\/\/radiorevelacionfm.cl\/?p=16936' aria-hidden='false' data-av_icon='\ue8f1' data-av_iconfont='entypo-fontello' title='' data-avia-related-tooltip='Compartir en Twitter' rel=\"noopener\"><span class='avia_hidden_link_text'>Compartir en Twitter<\/span><\/a><\/li><li class='av-share-link av-social-link-whatsapp' ><a target=\"_blank\" aria-label=\"Compartir en Whatsapp\" href='https:\/\/api.whatsapp.com\/send?text=https:\/\/radiorevelacionfm.cl\/?p=16936' aria-hidden='false' data-av_icon='\uf232' data-av_iconfont='entypo-fontello' title='' data-avia-related-tooltip='Compartir en Whatsapp' rel=\"noopener\"><span class='avia_hidden_link_text'>Compartir en Whatsapp<\/span><\/a><\/li><li class='av-share-link av-social-link-linkedin' ><a target=\"_blank\" aria-label=\"Compartir en LinkedIn\" href='https:\/\/linkedin.com\/shareArticle?mini=true&#038;title=Diputado%20Calisto%20insiste%20con%20el%20bono%20le%C3%B1a%20y%20Ministro%20de%20Hacienda%20se%20abre%20a%20posible%20aumento%20de%20la%20cobertura&#038;url=https:\/\/radiorevelacionfm.cl\/?p=16936' aria-hidden='false' data-av_icon='\ue8fc' data-av_iconfont='entypo-fontello' title='' data-avia-related-tooltip='Compartir en LinkedIn' rel=\"noopener\"><span class='avia_hidden_link_text'>Compartir en LinkedIn<\/span><\/a><\/li><li class='av-share-link av-social-link-mail' ><a  aria-label=\"Compartir por correo\" href='mailto:?subject=Diputado%20Calisto%20insiste%20con%20el%20bono%20le%C3%B1a%20y%20Ministro%20de%20Hacienda%20se%20abre%20a%20posible%20aumento%20de%20la%20cobertura&#038;body=https:\/\/radiorevelacionfm.cl\/?p=16936' aria-hidden='false' data-av_icon='\ue805' data-av_iconfont='entypo-fontello' title='' data-avia-related-tooltip='Compartir por correo'><span class='avia_hidden_link_text'>Compartir por correo<\/span><\/a><\/li><\/ul><\/div><\/div>\n<div  style='height:50px' class='hr hr-invisible   avia-builder-el-8  el_after_av_social_share  el_before_av_comments_list '><span class='hr-inner ' ><span class='hr-inner-style'><\/span><\/span><\/div>\n<div  class='av-buildercomment  av-blog-meta-html-info-disabled av-blog-meta-tag-disabled  '><\/div>\n","protected":false},"excerpt":{"rendered":"","protected":false},"author":1,"featured_media":16937,"comment_status":"open","ping_status":"open","sticky":false,"template":"","format":"standard","meta":{"footnotes":""},"categories":[35],"tags":[],"class_list":["post-16936","post","type-post","status-publish","format-standard","has-post-thumbnail","hentry","category-politica"],"jetpack_featured_media_url":"https:\/\/radiorevelacionfm.cl\/wp-content\/uploads\/2022\/05\/CON-MARIO-MARCEL-1-1.jpg","_links":{"self":[{"href":"https:\/\/radiorevelacionfm.cl\/index.php?rest_route=\/wp\/v2\/posts\/16936","targetHints":{"allow":["GET"]}}],"collection":[{"href":"https:\/\/radiorevelacionfm.cl\/index.php?rest_route=\/wp\/v2\/posts"}],"about":[{"href":"https:\/\/radiorevelacionfm.cl\/index.php?rest_route=\/wp\/v2\/types\/post"}],"author":[{"embeddable":true,"href":"https:\/\/radiorevelacionfm.cl\/index.php?rest_route=\/wp\/v2\/users\/1"}],"replies":[{"embeddable":true,"href":"https:\/\/radiorevelacionfm.cl\/index.php?rest_route=%2Fwp%2Fv2%2Fcomments&post=16936"}],"version-history":[{"count":2,"href":"https:\/\/radiorevelacionfm.cl\/index.php?rest_route=\/wp\/v2\/posts\/16936\/revisions"}],"predecessor-version":[{"id":16939,"href":"https:\/\/radiorevelacionfm.cl\/index.php?rest_route=\/wp\/v2\/posts\/16936\/revisions\/16939"}],"wp:featuredmedia":[{"embeddable":true,"href":"https:\/\/radiorevelacionfm.cl\/index.php?rest_route=\/wp\/v2\/media\/16937"}],"wp:attachment":[{"href":"https:\/\/radiorevelacionfm.cl\/index.php?rest_route=%2Fwp%2Fv2%2Fmedia&parent=16936"}],"wp:term":[{"taxonomy":"category","embeddable":true,"href":"https:\/\/radiorevelacionfm.cl\/index.php?rest_route=%2Fwp%2Fv2%2Fcategories&post=16936"},{"taxonomy":"post_tag","embeddable":true,"href":"https:\/\/radiorevelacionfm.cl\/index.php?rest_route=%2Fwp%2Fv2%2Ftags&post=16936"}],"curies":[{"name":"wp","href":"https:\/\/api.w.org\/{rel}","templated":true}]}}