{"id":16920,"date":"2022-05-18T11:43:08","date_gmt":"2022-05-18T14:43:08","guid":{"rendered":"https:\/\/radiorevelacionfm.cl\/?p=16920"},"modified":"2022-05-18T11:43:08","modified_gmt":"2022-05-18T14:43:08","slug":"seremi-del-mop-patricio-sanhueza-ulloa-vamos-a-disminuir-al-maximo-los-tiempos-para-licitar-pavimentacion-del-camino-hacia-lago-atravesado-a-la-brevedad","status":"publish","type":"post","link":"https:\/\/radiorevelacionfm.cl\/?p=16920","title":{"rendered":"SEREMI del MOP, Patricio Sanhueza Ulloa: \u201cVamos a disminuir al m\u00e1ximo los tiempos para licitar pavimentaci\u00f3n del camino hacia Lago Atravesado a la brevedad\u201d"},"content":{"rendered":"<div class=\"flex_column av_one_full  flex_column_div av-zero-column-padding first  avia-builder-el-0  el_before_av_one_full  avia-builder-el-first  \" style='border-radius:0px; '><div  class='avia-image-container  av-styling-    avia-builder-el-1  avia-builder-el-no-sibling  avia-align-center '  itemprop=\"image\" itemscope=\"itemscope\" itemtype=\"https:\/\/schema.org\/ImageObject\"  ><div class='avia-image-container-inner'><div class='avia-image-overlay-wrap'><img decoding=\"async\" class='wp-image-16921 avia-img-lazy-loading-not-16921 avia_image' src=\"https:\/\/radiorevelacionfm.cl\/wp-content\/uploads\/2022\/05\/IMG_7444-1-1.jpg\" alt='' title='IMG_7444 (1) (1)' height=\"600\" width=\"900\"  itemprop=\"thumbnailUrl\" srcset=\"https:\/\/radiorevelacionfm.cl\/wp-content\/uploads\/2022\/05\/IMG_7444-1-1.jpg 900w, https:\/\/radiorevelacionfm.cl\/wp-content\/uploads\/2022\/05\/IMG_7444-1-1-300x200.jpg 300w, https:\/\/radiorevelacionfm.cl\/wp-content\/uploads\/2022\/05\/IMG_7444-1-1-768x512.jpg 768w, https:\/\/radiorevelacionfm.cl\/wp-content\/uploads\/2022\/05\/IMG_7444-1-1-705x470.jpg 705w, https:\/\/radiorevelacionfm.cl\/wp-content\/uploads\/2022\/05\/IMG_7444-1-1-600x400.jpg 600w\" sizes=\"(max-width: 900px) 100vw, 900px\" \/><\/div><\/div><\/div><\/div><div class=\"flex_column av_one_full  flex_column_div av-zero-column-padding first  avia-builder-el-2  el_after_av_one_full  el_before_av_one_full  column-top-margin\" style='border-radius:0px; '><section class=\"av_textblock_section \"  itemscope=\"itemscope\" itemtype=\"https:\/\/schema.org\/BlogPosting\" itemprop=\"blogPost\" ><div class='avia_textblock  '   itemprop=\"text\" ><p style=\"text-align: center;\"><span style=\"font-size: 18pt;\"><strong>SEREMI del MOP, Patricio Sanhueza Ulloa:\u00a0<\/strong><strong>\u201cVamos a disminuir al m\u00e1ximo los tiempos para licitar pavimentaci\u00f3n del camino hacia Lago Atravesado a la brevedad\u201d<\/strong><\/span><\/p>\n<div id=\"gtx-trans\" style=\"position: absolute; left: -50px; top: 4.31534px;\">\n<div class=\"gtx-trans-icon\"><\/div>\n<\/div>\n<\/div><\/section><\/div><div class=\"flex_column av_one_full  flex_column_div av-zero-column-padding first  avia-builder-el-4  el_after_av_one_full  el_before_av_hr  column-top-margin\" style='border-radius:0px; '><section class=\"av_textblock_section \"  itemscope=\"itemscope\" itemtype=\"https:\/\/schema.org\/BlogPosting\" itemprop=\"blogPost\" ><div class='avia_textblock  '   itemprop=\"text\" ><p style=\"text-align: justify;\">\u201cVamos a disminuir al m\u00e1ximo los tiempos de la nueva licitaci\u00f3n para poder iniciar este a\u00f1o la pavimentaci\u00f3n del camino Aer\u00f3dromo Teniente Vidal- lago Atravesado-cruce Seis Lagunas\u201d, afirm\u00f3 el Secretario Regional Ministerial de Obras P\u00fablicas Patricio Sanhueza Ulloa esta ma\u00f1ana, al ser consultado respecto al estado de la licitaci\u00f3n del mejoramiento de esta Ruta la que en una primera etapa se extiende por 10 kil\u00f3metros, siendo muy esperada por las vecinas y vecinos del sector.<\/p>\n<p style=\"text-align: justify;\">La autoridad regional de Obras P\u00fablicas, sobre el particular indic\u00f3 que \u201ccomo gobierno y Ministerio de Obras P\u00fablicas tenemos que ser responsables y no entregar falsas expectativas a la comunidad, por eso creemos importante aclarar que en esta licitaci\u00f3n se presentaron cuatro oferentes y la propuesta econ\u00f3mica m\u00e1s baja result\u00f3 un 30% superior al valor del presupuesto oficial asignado a esa obra y con ese monto no fue factible efectuar la adjudicaci\u00f3n de los trabajos. Adicionalmente, la Comisi\u00f3n T\u00e9cnica que evalu\u00f3 los antecedentes presentados por la referida empresa constructora y determin\u00f3 que \u00e9sta no cumpl\u00eda con todos los requerimientos\u201d.<\/p>\n<p style=\"text-align: justify;\">El SEREMI del MOP agreg\u00f3 que \u201cdesde la fecha de la presentaci\u00f3n de las ofertas y hasta ahora, nuestro equipo de proyectos de la Direcci\u00f3n Regional de Vialidad ha estado abocado a realizar un an\u00e1lisis t\u00e9cnico y econ\u00f3mico de las ofertas y a efectuar la evaluaci\u00f3n del proyecto con los nuevos costos, para poder cumplir con los requisitos de rentabilidad social que debe tener el proyecto para su ejecuci\u00f3n, proceso que dio cuenta que no se pod\u00eda adjudicar esta obra al segundo oferente \u00a0porque en este caso la oferta era un 60% m\u00e1s alta que el presupuesto oficial designado a esta obra y el proyecto perd\u00eda la rentabilidad social que exige el Sistema Nacional de Inversiones. Por otra parte, la totalidad de este proyecto considera la pavimentaci\u00f3n de 23 kil\u00f3metros y en esta primera etapa s\u00f3lo se contempla la materializaci\u00f3n de 10 kil\u00f3metros pavimentados, por lo tanto, si hoy aumentamos el costo es imposible adjudicar despu\u00e9s otro contrato para pavimentar el resto de kil\u00f3metros que faltan para completar la totalidad el proyecto\u201d.<\/p>\n<p style=\"text-align: justify;\">Ante esta situaci\u00f3n, \u201choy lo que estamos haciendo es avanzar en dejar sin efecto la licitaci\u00f3n en el Mercado P\u00fablico a la brevedad para\u00a0 llamar inmediatamente la nueva licitaci\u00f3n con las mismas bases para acelerar el proceso y poder adjudicar la ejecuci\u00f3n de las obras durante este a\u00f1o y de esta forma apoyar a las comunidades del sector lago Atravesado, Seis lagunas, Lago Portales, Lago Centeno y El Barroso que transitan diariamente por este sector hacia otros puntos de la regi\u00f3n y que sabemos esperan por muchos a\u00f1os y con gran inter\u00e9s estos trabajos que entregar\u00e1n mejores condiciones para el tr\u00e1nsito vehicular y seguridad vial y un mejor vivir, lo que sintoniza claramente con el inter\u00e9s de nuestro gobierno de Gabriel Boric de escuchar las necesidades de las comunidades, generar fuentes de empleo, avanzar en disminuir brechas y hacia un desarrollo productivo, econ\u00f3mico y tur\u00edstico sostenible en el tiempo tanto en las comunidades, as\u00ed como tambi\u00e9n en el territorio \u201d, concluy\u00f3 Patricio Sanhueza.<\/p>\n<\/div><\/section><\/div><div  style='height:50px' class='hr hr-invisible   avia-builder-el-6  el_after_av_one_full  el_before_av_social_share '><span class='hr-inner ' ><span class='hr-inner-style'><\/span><\/span><\/div><\/p>\n<div  class='av-social-sharing-box  avia-builder-el-7  el_after_av_hr  el_before_av_hr  '><div class='av-share-box'><h5 class='av-share-link-description av-no-toc '>Compartir esta noticia<\/h5><ul class='av-share-box-list noLightbox'><li class='av-share-link av-social-link-facebook' ><a target=\"_blank\" aria-label=\"Compartir en Facebook\" href='https:\/\/www.facebook.com\/sharer.php?u=https:\/\/radiorevelacionfm.cl\/?p=16920&#038;t=SEREMI%20del%20MOP%2C%20Patricio%20Sanhueza%20Ulloa%3A%20%E2%80%9CVamos%20a%20disminuir%20al%20m%C3%A1ximo%20los%20tiempos%20para%20licitar%20pavimentaci%C3%B3n%20del%20camino%20hacia%20Lago%20Atravesado%20a%20la%20brevedad%E2%80%9D' aria-hidden='false' data-av_icon='\ue8f3' data-av_iconfont='entypo-fontello' title='' data-avia-related-tooltip='Compartir en Facebook' rel=\"noopener\"><span class='avia_hidden_link_text'>Compartir en Facebook<\/span><\/a><\/li><li class='av-share-link av-social-link-twitter' ><a target=\"_blank\" aria-label=\"Compartir en Twitter\" href='https:\/\/twitter.com\/share?text=SEREMI%20del%20MOP%2C%20Patricio%20Sanhueza%20Ulloa%3A%20%E2%80%9CVamos%20a%20disminuir%20al%20m%C3%A1ximo%20los%20tiempos%20para%20licitar%20pavimentaci%C3%B3n%20del%20camino%20hacia%20Lago%20Atravesado%20a%20la%20brevedad%E2%80%9D&#038;url=https:\/\/radiorevelacionfm.cl\/?p=16920' aria-hidden='false' data-av_icon='\ue8f1' data-av_iconfont='entypo-fontello' title='' data-avia-related-tooltip='Compartir en Twitter' rel=\"noopener\"><span class='avia_hidden_link_text'>Compartir en Twitter<\/span><\/a><\/li><li class='av-share-link av-social-link-whatsapp' ><a target=\"_blank\" aria-label=\"Compartir en Whatsapp\" href='https:\/\/api.whatsapp.com\/send?text=https:\/\/radiorevelacionfm.cl\/?p=16920' aria-hidden='false' data-av_icon='\uf232' data-av_iconfont='entypo-fontello' title='' data-avia-related-tooltip='Compartir en Whatsapp' rel=\"noopener\"><span class='avia_hidden_link_text'>Compartir en Whatsapp<\/span><\/a><\/li><li class='av-share-link av-social-link-linkedin' ><a target=\"_blank\" aria-label=\"Compartir en LinkedIn\" href='https:\/\/linkedin.com\/shareArticle?mini=true&#038;title=SEREMI%20del%20MOP%2C%20Patricio%20Sanhueza%20Ulloa%3A%20%E2%80%9CVamos%20a%20disminuir%20al%20m%C3%A1ximo%20los%20tiempos%20para%20licitar%20pavimentaci%C3%B3n%20del%20camino%20hacia%20Lago%20Atravesado%20a%20la%20brevedad%E2%80%9D&#038;url=https:\/\/radiorevelacionfm.cl\/?p=16920' aria-hidden='false' data-av_icon='\ue8fc' data-av_iconfont='entypo-fontello' title='' data-avia-related-tooltip='Compartir en LinkedIn' rel=\"noopener\"><span class='avia_hidden_link_text'>Compartir en LinkedIn<\/span><\/a><\/li><li class='av-share-link av-social-link-mail' ><a  aria-label=\"Compartir por correo\" href='mailto:?subject=SEREMI%20del%20MOP%2C%20Patricio%20Sanhueza%20Ulloa%3A%20%E2%80%9CVamos%20a%20disminuir%20al%20m%C3%A1ximo%20los%20tiempos%20para%20licitar%20pavimentaci%C3%B3n%20del%20camino%20hacia%20Lago%20Atravesado%20a%20la%20brevedad%E2%80%9D&#038;body=https:\/\/radiorevelacionfm.cl\/?p=16920' aria-hidden='false' data-av_icon='\ue805' data-av_iconfont='entypo-fontello' title='' data-avia-related-tooltip='Compartir por correo'><span class='avia_hidden_link_text'>Compartir por correo<\/span><\/a><\/li><\/ul><\/div><\/div>\n<div  style='height:50px' class='hr hr-invisible   avia-builder-el-8  el_after_av_social_share  el_before_av_comments_list '><span class='hr-inner ' ><span class='hr-inner-style'><\/span><\/span><\/div>\n<div  class='av-buildercomment  av-blog-meta-html-info-disabled av-blog-meta-tag-disabled  '><\/div>\n","protected":false},"excerpt":{"rendered":"","protected":false},"author":1,"featured_media":16921,"comment_status":"open","ping_status":"open","sticky":false,"template":"","format":"standard","meta":{"footnotes":""},"categories":[35,38],"tags":[],"class_list":["post-16920","post","type-post","status-publish","format-standard","has-post-thumbnail","hentry","category-politica","category-regional"],"jetpack_featured_media_url":"https:\/\/radiorevelacionfm.cl\/wp-content\/uploads\/2022\/05\/IMG_7444-1-1.jpg","_links":{"self":[{"href":"https:\/\/radiorevelacionfm.cl\/index.php?rest_route=\/wp\/v2\/posts\/16920","targetHints":{"allow":["GET"]}}],"collection":[{"href":"https:\/\/radiorevelacionfm.cl\/index.php?rest_route=\/wp\/v2\/posts"}],"about":[{"href":"https:\/\/radiorevelacionfm.cl\/index.php?rest_route=\/wp\/v2\/types\/post"}],"author":[{"embeddable":true,"href":"https:\/\/radiorevelacionfm.cl\/index.php?rest_route=\/wp\/v2\/users\/1"}],"replies":[{"embeddable":true,"href":"https:\/\/radiorevelacionfm.cl\/index.php?rest_route=%2Fwp%2Fv2%2Fcomments&post=16920"}],"version-history":[{"count":2,"href":"https:\/\/radiorevelacionfm.cl\/index.php?rest_route=\/wp\/v2\/posts\/16920\/revisions"}],"predecessor-version":[{"id":16927,"href":"https:\/\/radiorevelacionfm.cl\/index.php?rest_route=\/wp\/v2\/posts\/16920\/revisions\/16927"}],"wp:featuredmedia":[{"embeddable":true,"href":"https:\/\/radiorevelacionfm.cl\/index.php?rest_route=\/wp\/v2\/media\/16921"}],"wp:attachment":[{"href":"https:\/\/radiorevelacionfm.cl\/index.php?rest_route=%2Fwp%2Fv2%2Fmedia&parent=16920"}],"wp:term":[{"taxonomy":"category","embeddable":true,"href":"https:\/\/radiorevelacionfm.cl\/index.php?rest_route=%2Fwp%2Fv2%2Fcategories&post=16920"},{"taxonomy":"post_tag","embeddable":true,"href":"https:\/\/radiorevelacionfm.cl\/index.php?rest_route=%2Fwp%2Fv2%2Ftags&post=16920"}],"curies":[{"name":"wp","href":"https:\/\/api.w.org\/{rel}","templated":true}]}}