{"id":16917,"date":"2022-05-18T12:26:35","date_gmt":"2022-05-18T15:26:35","guid":{"rendered":"https:\/\/radiorevelacionfm.cl\/?p=16917"},"modified":"2022-05-18T12:26:35","modified_gmt":"2022-05-18T15:26:35","slug":"estudiantes-del-liceo-politecnico-conforman-primera-orquesta-juvenil-de-la-provincia-de-aysenina","status":"publish","type":"post","link":"https:\/\/radiorevelacionfm.cl\/?p=16917","title":{"rendered":"Estudiantes del liceo Polit\u00e9cnico conforman Primera Orquesta Juvenil de la provincia de aysenina"},"content":{"rendered":"<div class=\"flex_column av_one_full  flex_column_div av-zero-column-padding first  avia-builder-el-0  el_before_av_one_full  avia-builder-el-first  \" style='border-radius:0px; '><div  class='avia-image-container  av-styling-    avia-builder-el-1  avia-builder-el-no-sibling  avia-align-center '  itemprop=\"image\" itemscope=\"itemscope\" itemtype=\"https:\/\/schema.org\/ImageObject\"  ><div class='avia-image-container-inner'><div class='avia-image-overlay-wrap'><img decoding=\"async\" class='wp-image-16918 avia-img-lazy-loading-not-16918 avia_image' src=\"https:\/\/radiorevelacionfm.cl\/wp-content\/uploads\/2022\/05\/281545364_10225889393048958_8293702748853186779_n-1-1.jpg\" alt='' title='281545364_10225889393048958_8293702748853186779_n (1) (1)' height=\"600\" width=\"800\"  itemprop=\"thumbnailUrl\" srcset=\"https:\/\/radiorevelacionfm.cl\/wp-content\/uploads\/2022\/05\/281545364_10225889393048958_8293702748853186779_n-1-1.jpg 800w, https:\/\/radiorevelacionfm.cl\/wp-content\/uploads\/2022\/05\/281545364_10225889393048958_8293702748853186779_n-1-1-300x225.jpg 300w, https:\/\/radiorevelacionfm.cl\/wp-content\/uploads\/2022\/05\/281545364_10225889393048958_8293702748853186779_n-1-1-768x576.jpg 768w, https:\/\/radiorevelacionfm.cl\/wp-content\/uploads\/2022\/05\/281545364_10225889393048958_8293702748853186779_n-1-1-705x529.jpg 705w, https:\/\/radiorevelacionfm.cl\/wp-content\/uploads\/2022\/05\/281545364_10225889393048958_8293702748853186779_n-1-1-600x450.jpg 600w\" sizes=\"(max-width: 800px) 100vw, 800px\" \/><\/div><\/div><\/div><\/div><div class=\"flex_column av_one_full  flex_column_div av-zero-column-padding first  avia-builder-el-2  el_after_av_one_full  el_before_av_one_full  column-top-margin\" style='border-radius:0px; '><section class=\"av_textblock_section \"  itemscope=\"itemscope\" itemtype=\"https:\/\/schema.org\/BlogPosting\" itemprop=\"blogPost\" ><div class='avia_textblock  '   itemprop=\"text\" ><p style=\"text-align: center;\"><span style=\"font-size: 18pt;\"><strong>Estudiantes del liceo Polit\u00e9cnico conforman Primera Orquesta Juvenil de la provincia de aysenina <\/strong><\/span><\/p>\n<div id=\"gtx-trans\" style=\"position: absolute; left: -50px; top: 4.31534px;\">\n<div class=\"gtx-trans-icon\"><\/div>\n<\/div>\n<\/div><\/section><\/div><div class=\"flex_column av_one_full  flex_column_div av-zero-column-padding first  avia-builder-el-4  el_after_av_one_full  el_before_av_hr  column-top-margin\" style='border-radius:0px; '><section class=\"av_textblock_section \"  itemscope=\"itemscope\" itemtype=\"https:\/\/schema.org\/BlogPosting\" itemprop=\"blogPost\" ><div class='avia_textblock  '   itemprop=\"text\" ><p style=\"text-align: justify;\">Con la presencia de padres y apoderados del liceo Polit\u00e9cnico, este lunes se dio el vamos a un nuevo hito por parte de la Unidad de Orquestas Escolares de la Direcci\u00f3n de Educaci\u00f3n Municipal de Ays\u00e9n.<\/p>\n<p style=\"text-align: justify;\">Es que, sumado a la creaci\u00f3n de la primera Orquesta Infantil de regi\u00f3n en la escuela Ays\u00e9n; y de la Camerata de Cuerdas en la escuela Litoral Austral; se puso en marcha la fundaci\u00f3n de la primera Orquesta Juvenil en la provincia de Ays\u00e9n, compuesta por 26 estudiantes del liceo Polit\u00e9cnico, quienes de forma p\u00fablica mostraron sus dotes y talentos musicales, en esta ceremonia llevada a cabo en dependencias del recinto Polideportivo 21 de Abril.<\/p>\n<p style=\"text-align: justify;\">Ya en la instancia -a la que asistieron el edil aysenino, Julio Uribe, junto a representantes del Concejo Municipal; la directora DEM, Tamara Villegas; el seremi de Cultura y las Artes, Felipe Quiroz; y la directora del establecimiento t\u00e9cnico profesional, Mar\u00eda Celeste Rojas, entre otros-, los alumnos y alumnas se mostraron felices por la culminaci\u00f3n de este proceso de iniciaci\u00f3n musical, que comenz\u00f3 durante el mes de marzo y que hoy da cuenta de la constancia, disciplina y compromiso por parte de los integrantes de este cuerpo musical, quienes en tiempo r\u00e9cord han alcanzado un gran nivel cada uno en sus instrumentos musicales y la interpretaci\u00f3n musical.<\/p>\n<p style=\"text-align: justify;\">Al respecto, el alcalde de la comuna, Julio Uribe, felicit\u00f3 el trabajo de la unidad de Orquestas Escolares del DEM -a cargo de la directora musical, Patricia Araya- quienes, a trav\u00e9s de sus profesores, ejecutan talleres en diversos recintos educacionales de la red municipal, sumando alrededor de 300 estudiantes a lo largo de la comuna.<\/p>\n<p style=\"text-align: justify;\">\u00a0\u201cMuy contento, hoy d\u00eda nuevamente la orquesta nos da de qu\u00e9 hablar, entreg\u00e1ndonos mucha felicidad. El poder contar con la orquesta donde nuestros ni\u00f1os, si bien hacen una actividad extraescolar, adem\u00e1s se les entrega muchas herramientas que les ser\u00e1n \u00fatiles en la vida\u201d, indic\u00f3 la primera autoridad comunal, agregando que \u201choy esta entrega de 26 instrumentos a nuestros estudiantes del liceo Polit\u00e9cnico, realmente nos llena de orgullo. Por eso nuestro compromiso es seguir potenciando, tanto al liceo como a nuestras orquestas que est\u00e1n en los diferentes establecimientos, porque al asumir dijimos que para nosotros la cultura y el deporte eran primordiales, y hoy estamos haciendo carne este discurso, apoyando al cien por ciento para poder seguir cultivando nuestros talentos\u201d.<\/p>\n<p style=\"text-align: justify;\">Por su parte, sorprendidas se mostraron las concejalas de la comuna que asistieron al evento art\u00edstico, quienes se refirieron principalmente a la trayectoria y vasta experiencia por parte de los monitores a cargo de ense\u00f1ar y formar a los estudiantes.<\/p>\n<p style=\"text-align: justify;\">\u201cFelices, en mi caso particular, hoy representando al diputado Miguel \u00c1ngel Calisto, quien apoy\u00f3 con las gestiones para que todos estos instrumentos pudiesen llegar a tiempo, a trav\u00e9s del ministerio de Defensa y la Fuerza A\u00e9rea de Chile. Estamos impresionados con la calidad de los profesores que forman parte de estas orquestas. Vemos un escenario muy esperanzador respecto a la apertura de los espacios culturales en Puerto Ays\u00e9n\u201d, manifest\u00f3 la concejala Rosa Gonz\u00e1lez.<\/p>\n<p style=\"text-align: justify;\">\u201cIncre\u00edble el curr\u00edculum de nuestros monitores. Un nivel alt\u00edsimo que debemos aprovechar y del cual debemos impregnarnos, creo que la m\u00fasica nos permita alegrar el alma, invadirnos de sue\u00f1os y eso es maravilloso\u201d, se\u00f1al\u00f3 su par, Silvia Kagges.<\/p>\n<p style=\"text-align: justify;\">Para la concejala Tatiana Villarroel, el entorno es fundamental para el desarrollo de estas capacidades en los ni\u00f1os y ni\u00f1as, haciendo un llamado a cada una de las familias a que refuercen este talento. \u201cLos pap\u00e1s son super importantes aqu\u00ed, el apoyo por parte de quienes son el hogar de estos estudiantes es primordial de aqu\u00ed para adelante. Esto ser\u00e1 la oportunidad para que nuestros ni\u00f1os puedan buscar o descubrir alguna veta art\u00edstica que tengan escondida y con granas de aflorar. Felicitaciones a todos y todas, y que contin\u00faen adelante porque, sin duda, la m\u00fasica sana el alma\u201d.<\/p>\n<p style=\"text-align: justify;\"><strong>REACCIONES<\/strong><\/p>\n<p style=\"text-align: justify;\">Tras la presentaci\u00f3n de cuatro cuadros musicales -de viola, violonchelo, violines y contrabajo- los y las estudiantes recibieron sus instrumentos musicales, aportados por la Fundaci\u00f3n de Orquestas Juveniles e Infantiles, FOJI -fundaci\u00f3n chilena, que forma parte de la Direcci\u00f3n Sociocultural de la Presidencia de la Rep\u00fablica, y que busca entregar oportunidades de desarrollo a trav\u00e9s de la m\u00fasica a ni\u00f1os y j\u00f3venes de Chile-, que marc\u00f3 el inicio de este cuerpo musical.<\/p>\n<p style=\"text-align: justify;\">Felices se mostraron los integrantes de la Orquesta Juvenil del liceo Polit\u00e9cnico por este importante paso, que les permite proyectarse en el camino musical, tal como relev\u00f3 Marcel Mondaca, del taller de viol\u00edn. \u201cContento y orgulloso aporque no sab\u00eda que esta la primera orquesta juvenil y, adem\u00e1s, un poco nervioso porque fue mi primera vez tocando en p\u00fablico luego de m\u00e1s de un a\u00f1o practicando. Todo super bien, en la casa y en el liceo nos apoyan much\u00edsimo y nos alientan para que podamos sacar lo mejor de nosotros\u201d.<\/p>\n<p style=\"text-align: justify;\">\u201cContento, como dec\u00eda mi profesora hoy marcamos historia en Puerto Ays\u00e9n al ser la primera orquesta juvenil en la provincia, y eso se siente bac\u00e1n. Igual he pensado que cuando sea grande quiero ser violinista y hacer conciertos de forma solista, nunca he tocado solito, pero se sentir\u00eda bac\u00e1n\u201d, a\u00f1adi\u00f3 Luis Toledo, de s\u00e9ptimo a\u00f1o b\u00e1sico.<\/p>\n<p style=\"text-align: justify;\">Finalmente, Vicente Subiabre, integrante de la orquesta -y quien fuese parte de los talleres desde pr\u00e1cticamente sus inicios, siendo alumno en ese entonces de la escuela B\u00e1sica Ribera Sur-, realiz\u00f3 un llamado a sus compa\u00f1eros destacando que se trata de un hito para la educaci\u00f3n y la m\u00fasica. \u201cMe siento orgulloso de ser parte de esta orquesta pionera, me alegra estar aqu\u00ed. A mis compa\u00f1eros les digo que sigamos nom\u00e1s, porque con el tiempo se le va tomando el gustito a la m\u00fasica, a tocar, a aprender. Y que no nos rindamos poque es la \u00fanica manera de cumplir nuestros sue\u00f1os\u201d.<\/p>\n<\/div><\/section><\/div><div  style='height:50px' class='hr hr-invisible   avia-builder-el-6  el_after_av_one_full  el_before_av_social_share '><span class='hr-inner ' ><span class='hr-inner-style'><\/span><\/span><\/div><\/p>\n<div  class='av-social-sharing-box  avia-builder-el-7  el_after_av_hr  el_before_av_hr  '><div class='av-share-box'><h5 class='av-share-link-description av-no-toc '>Compartir esta noticia<\/h5><ul class='av-share-box-list noLightbox'><li class='av-share-link av-social-link-facebook' ><a target=\"_blank\" aria-label=\"Compartir en Facebook\" href='https:\/\/www.facebook.com\/sharer.php?u=https:\/\/radiorevelacionfm.cl\/?p=16917&#038;t=Estudiantes%20del%20liceo%20Polit%C3%A9cnico%20conforman%20Primera%20Orquesta%20Juvenil%20de%20la%20provincia%20de%20aysenina' aria-hidden='false' data-av_icon='\ue8f3' data-av_iconfont='entypo-fontello' title='' data-avia-related-tooltip='Compartir en Facebook' rel=\"noopener\"><span class='avia_hidden_link_text'>Compartir en Facebook<\/span><\/a><\/li><li class='av-share-link av-social-link-twitter' ><a target=\"_blank\" aria-label=\"Compartir en Twitter\" href='https:\/\/twitter.com\/share?text=Estudiantes%20del%20liceo%20Polit%C3%A9cnico%20conforman%20Primera%20Orquesta%20Juvenil%20de%20la%20provincia%20de%20aysenina&#038;url=https:\/\/radiorevelacionfm.cl\/?p=16917' aria-hidden='false' data-av_icon='\ue8f1' data-av_iconfont='entypo-fontello' title='' data-avia-related-tooltip='Compartir en Twitter' rel=\"noopener\"><span class='avia_hidden_link_text'>Compartir en Twitter<\/span><\/a><\/li><li class='av-share-link av-social-link-whatsapp' ><a target=\"_blank\" aria-label=\"Compartir en Whatsapp\" href='https:\/\/api.whatsapp.com\/send?text=https:\/\/radiorevelacionfm.cl\/?p=16917' aria-hidden='false' data-av_icon='\uf232' data-av_iconfont='entypo-fontello' title='' data-avia-related-tooltip='Compartir en Whatsapp' rel=\"noopener\"><span class='avia_hidden_link_text'>Compartir en Whatsapp<\/span><\/a><\/li><li class='av-share-link av-social-link-linkedin' ><a target=\"_blank\" aria-label=\"Compartir en LinkedIn\" href='https:\/\/linkedin.com\/shareArticle?mini=true&#038;title=Estudiantes%20del%20liceo%20Polit%C3%A9cnico%20conforman%20Primera%20Orquesta%20Juvenil%20de%20la%20provincia%20de%20aysenina&#038;url=https:\/\/radiorevelacionfm.cl\/?p=16917' aria-hidden='false' data-av_icon='\ue8fc' data-av_iconfont='entypo-fontello' title='' data-avia-related-tooltip='Compartir en LinkedIn' rel=\"noopener\"><span class='avia_hidden_link_text'>Compartir en LinkedIn<\/span><\/a><\/li><li class='av-share-link av-social-link-mail' ><a  aria-label=\"Compartir por correo\" href='mailto:?subject=Estudiantes%20del%20liceo%20Polit%C3%A9cnico%20conforman%20Primera%20Orquesta%20Juvenil%20de%20la%20provincia%20de%20aysenina&#038;body=https:\/\/radiorevelacionfm.cl\/?p=16917' aria-hidden='false' data-av_icon='\ue805' data-av_iconfont='entypo-fontello' title='' data-avia-related-tooltip='Compartir por correo'><span class='avia_hidden_link_text'>Compartir por correo<\/span><\/a><\/li><\/ul><\/div><\/div>\n<div  style='height:50px' class='hr hr-invisible   avia-builder-el-8  el_after_av_social_share  el_before_av_comments_list '><span class='hr-inner ' ><span class='hr-inner-style'><\/span><\/span><\/div>\n<div  class='av-buildercomment  av-blog-meta-html-info-disabled av-blog-meta-tag-disabled  '><\/div>\n","protected":false},"excerpt":{"rendered":"","protected":false},"author":1,"featured_media":16918,"comment_status":"open","ping_status":"open","sticky":false,"template":"","format":"standard","meta":{"footnotes":""},"categories":[52,43,38],"tags":[],"class_list":["post-16917","post","type-post","status-publish","format-standard","has-post-thumbnail","hentry","category-cultura","category-musica","category-regional"],"jetpack_featured_media_url":"https:\/\/radiorevelacionfm.cl\/wp-content\/uploads\/2022\/05\/281545364_10225889393048958_8293702748853186779_n-1-1.jpg","_links":{"self":[{"href":"https:\/\/radiorevelacionfm.cl\/index.php?rest_route=\/wp\/v2\/posts\/16917","targetHints":{"allow":["GET"]}}],"collection":[{"href":"https:\/\/radiorevelacionfm.cl\/index.php?rest_route=\/wp\/v2\/posts"}],"about":[{"href":"https:\/\/radiorevelacionfm.cl\/index.php?rest_route=\/wp\/v2\/types\/post"}],"author":[{"embeddable":true,"href":"https:\/\/radiorevelacionfm.cl\/index.php?rest_route=\/wp\/v2\/users\/1"}],"replies":[{"embeddable":true,"href":"https:\/\/radiorevelacionfm.cl\/index.php?rest_route=%2Fwp%2Fv2%2Fcomments&post=16917"}],"version-history":[{"count":2,"href":"https:\/\/radiorevelacionfm.cl\/index.php?rest_route=\/wp\/v2\/posts\/16917\/revisions"}],"predecessor-version":[{"id":16933,"href":"https:\/\/radiorevelacionfm.cl\/index.php?rest_route=\/wp\/v2\/posts\/16917\/revisions\/16933"}],"wp:featuredmedia":[{"embeddable":true,"href":"https:\/\/radiorevelacionfm.cl\/index.php?rest_route=\/wp\/v2\/media\/16918"}],"wp:attachment":[{"href":"https:\/\/radiorevelacionfm.cl\/index.php?rest_route=%2Fwp%2Fv2%2Fmedia&parent=16917"}],"wp:term":[{"taxonomy":"category","embeddable":true,"href":"https:\/\/radiorevelacionfm.cl\/index.php?rest_route=%2Fwp%2Fv2%2Fcategories&post=16917"},{"taxonomy":"post_tag","embeddable":true,"href":"https:\/\/radiorevelacionfm.cl\/index.php?rest_route=%2Fwp%2Fv2%2Ftags&post=16917"}],"curies":[{"name":"wp","href":"https:\/\/api.w.org\/{rel}","templated":true}]}}