{"id":16903,"date":"2022-05-17T21:39:29","date_gmt":"2022-05-18T00:39:29","guid":{"rendered":"https:\/\/radiorevelacionfm.cl\/?p=16903"},"modified":"2022-05-17T21:39:29","modified_gmt":"2022-05-18T00:39:29","slug":"carabineros-aumenta-a-nivel-nacional-sus-registros-y-realiza-46-detenciones-por-hora","status":"publish","type":"post","link":"https:\/\/radiorevelacionfm.cl\/?p=16903","title":{"rendered":"Carabineros aumenta a nivel nacional sus registros y realiza 46 detenciones por hora"},"content":{"rendered":"<div class=\"flex_column av_one_full  flex_column_div av-zero-column-padding first  avia-builder-el-0  el_before_av_one_full  avia-builder-el-first  \" style='border-radius:0px; '><div  class='avia-image-container  av-styling-    avia-builder-el-1  avia-builder-el-no-sibling  avia-align-center '  itemprop=\"image\" itemscope=\"itemscope\" itemtype=\"https:\/\/schema.org\/ImageObject\"  ><div class='avia-image-container-inner'><div class='avia-image-overlay-wrap'><img decoding=\"async\" class='wp-image-16904 avia-img-lazy-loading-not-16904 avia_image' src=\"https:\/\/radiorevelacionfm.cl\/wp-content\/uploads\/2022\/05\/7e630349-9091-43d2-a2e7-27de1687e93d-1-1.jpg\" alt='' title='7e630349-9091-43d2-a2e7-27de1687e93d (1) (1)' height=\"600\" width=\"878\"  itemprop=\"thumbnailUrl\" srcset=\"https:\/\/radiorevelacionfm.cl\/wp-content\/uploads\/2022\/05\/7e630349-9091-43d2-a2e7-27de1687e93d-1-1.jpg 878w, https:\/\/radiorevelacionfm.cl\/wp-content\/uploads\/2022\/05\/7e630349-9091-43d2-a2e7-27de1687e93d-1-1-300x205.jpg 300w, https:\/\/radiorevelacionfm.cl\/wp-content\/uploads\/2022\/05\/7e630349-9091-43d2-a2e7-27de1687e93d-1-1-768x525.jpg 768w, https:\/\/radiorevelacionfm.cl\/wp-content\/uploads\/2022\/05\/7e630349-9091-43d2-a2e7-27de1687e93d-1-1-705x482.jpg 705w, https:\/\/radiorevelacionfm.cl\/wp-content\/uploads\/2022\/05\/7e630349-9091-43d2-a2e7-27de1687e93d-1-1-600x410.jpg 600w\" sizes=\"(max-width: 878px) 100vw, 878px\" \/><\/div><\/div><\/div><\/div><div class=\"flex_column av_one_full  flex_column_div av-zero-column-padding first  avia-builder-el-2  el_after_av_one_full  el_before_av_one_full  column-top-margin\" style='border-radius:0px; '><section class=\"av_textblock_section \"  itemscope=\"itemscope\" itemtype=\"https:\/\/schema.org\/BlogPosting\" itemprop=\"blogPost\" ><div class='avia_textblock  '   itemprop=\"text\" ><p style=\"text-align: center;\"><span style=\"font-size: 18pt;\"><b>Carabineros aumenta a nivel nacional sus registros y realiza 46 detenciones por hora<\/b><\/span><\/p>\n<div id=\"gtx-trans\" style=\"position: absolute; left: -50px; top: 4.31534px;\">\n<div class=\"gtx-trans-icon\"><\/div>\n<\/div>\n<\/div><\/section><\/div><div class=\"flex_column av_one_full  flex_column_div av-zero-column-padding first  avia-builder-el-4  el_after_av_one_full  el_before_av_hr  column-top-margin\" style='border-radius:0px; '><section class=\"av_textblock_section \"  itemscope=\"itemscope\" itemtype=\"https:\/\/schema.org\/BlogPosting\" itemprop=\"blogPost\" ><div class='avia_textblock  '   itemprop=\"text\" ><p class=\"v1MsoNormal\" style=\"text-align: justify;\">Un importante incremento en sus resultados operativos est\u00e1 protagonizando \u2013a nivel nacional- Carabineros de Chile, registrando hasta 46 detenciones por cada hora. \u00abComo lo dijo el General Director en nuestro aniversario: en m\u00e1s de 95 a\u00f1os, nuestros cuarteles jam\u00e1s han cerrado sus puertas y nuestros carabineros no han descansado ni un minuto. Ese trabajo incesante, que la ciudadan\u00eda est\u00e1 reconociendo cada vez m\u00e1s, se ve reflejado en estos resultados\u00bb, dijo el Director Nacional de Orden y Seguridad, General Inspector Marcelo Araya Zapata.<\/p>\n<p class=\"v1MsoNormal\" style=\"text-align: justify;\">El alto Oficial indic\u00f3 que, en lo que va de este a\u00f1o, los uniformados han aprehendido a 130.067 delincuentes, la mitad de los cuales (64.580) fueron capturados en las \u00faltimas nueve semanas, en que los registros nunca bajaron de 37 detenidos por hora, y que desde inicios de marzo han mantenido una tendencia al alza, que se confirm\u00f3 durante el inicio del mes de mayo, con 43 y 44 aprehensiones cada hora en las primeras dos semanas del mes.<\/p>\n<p class=\"v1MsoNormal\" style=\"text-align: justify;\">\u00abJunto con felicitar la entrega, vocaci\u00f3n y profesionalismo de nuestros Carabineros, agradecemos el apoyo de la comunidad, y llamamos a todos los habitantes a seguir colaborando, realizando las denuncias y aportando informaci\u00f3n para que, juntos, podamos llevar tranquilidad a todos los rincones de nuestro pa\u00eds\u00bb, agreg\u00f3 el General Inspector Araya.<\/p>\n<p class=\"v1MsoNormal\" style=\"text-align: justify;\">Cabe se\u00f1alar que durante la \u00faltima semana, Carabineros detuvo a 7.356 antisociales, con un promedio diario de 1.050 aprehendidos. Del total, 1.639 cometieron Delitos de Mayor Connotaci\u00f3n Social (444 por robos), mientras que 339 infringieron la Ley de Drogas y 212 la Ley de Armas. A ellos se suman 2.094 pr\u00f3fugos, que fueron sorprendidos circulando pese a tener \u00d3rdenes Judiciales pendientes.<\/p>\n<p class=\"v1MsoNormal\" style=\"text-align: justify;\">En lo que va de este a\u00f1o, la polic\u00eda uniformada ha incautado m\u00e1s de ocho toneladas de drogas y 1.140 armas de fuego, adem\u00e1s de haber recuperado 8.600 veh\u00edculos y desarticulado 324 bandas criminales.<\/p>\n<\/div><\/section><\/div><div  style='height:50px' class='hr hr-invisible   avia-builder-el-6  el_after_av_one_full  el_before_av_social_share '><span class='hr-inner ' ><span class='hr-inner-style'><\/span><\/span><\/div><\/p>\n<div  class='av-social-sharing-box  avia-builder-el-7  el_after_av_hr  el_before_av_hr  '><div class='av-share-box'><h5 class='av-share-link-description av-no-toc '>Compartir esta noticia<\/h5><ul class='av-share-box-list noLightbox'><li class='av-share-link av-social-link-facebook' ><a target=\"_blank\" aria-label=\"Compartir en Facebook\" href='https:\/\/www.facebook.com\/sharer.php?u=https:\/\/radiorevelacionfm.cl\/?p=16903&#038;t=Carabineros%20aumenta%20a%20nivel%20nacional%20sus%20registros%20y%20realiza%2046%20detenciones%20por%20hora' aria-hidden='false' data-av_icon='\ue8f3' data-av_iconfont='entypo-fontello' title='' data-avia-related-tooltip='Compartir en Facebook' rel=\"noopener\"><span class='avia_hidden_link_text'>Compartir en Facebook<\/span><\/a><\/li><li class='av-share-link av-social-link-twitter' ><a target=\"_blank\" aria-label=\"Compartir en Twitter\" href='https:\/\/twitter.com\/share?text=Carabineros%20aumenta%20a%20nivel%20nacional%20sus%20registros%20y%20realiza%2046%20detenciones%20por%20hora&#038;url=https:\/\/radiorevelacionfm.cl\/?p=16903' aria-hidden='false' data-av_icon='\ue8f1' data-av_iconfont='entypo-fontello' title='' data-avia-related-tooltip='Compartir en Twitter' rel=\"noopener\"><span class='avia_hidden_link_text'>Compartir en Twitter<\/span><\/a><\/li><li class='av-share-link av-social-link-whatsapp' ><a target=\"_blank\" aria-label=\"Compartir en Whatsapp\" href='https:\/\/api.whatsapp.com\/send?text=https:\/\/radiorevelacionfm.cl\/?p=16903' aria-hidden='false' data-av_icon='\uf232' data-av_iconfont='entypo-fontello' title='' data-avia-related-tooltip='Compartir en Whatsapp' rel=\"noopener\"><span class='avia_hidden_link_text'>Compartir en Whatsapp<\/span><\/a><\/li><li class='av-share-link av-social-link-linkedin' ><a target=\"_blank\" aria-label=\"Compartir en LinkedIn\" href='https:\/\/linkedin.com\/shareArticle?mini=true&#038;title=Carabineros%20aumenta%20a%20nivel%20nacional%20sus%20registros%20y%20realiza%2046%20detenciones%20por%20hora&#038;url=https:\/\/radiorevelacionfm.cl\/?p=16903' aria-hidden='false' data-av_icon='\ue8fc' data-av_iconfont='entypo-fontello' title='' data-avia-related-tooltip='Compartir en LinkedIn' rel=\"noopener\"><span class='avia_hidden_link_text'>Compartir en LinkedIn<\/span><\/a><\/li><li class='av-share-link av-social-link-mail' ><a  aria-label=\"Compartir por correo\" href='mailto:?subject=Carabineros%20aumenta%20a%20nivel%20nacional%20sus%20registros%20y%20realiza%2046%20detenciones%20por%20hora&#038;body=https:\/\/radiorevelacionfm.cl\/?p=16903' aria-hidden='false' data-av_icon='\ue805' data-av_iconfont='entypo-fontello' title='' data-avia-related-tooltip='Compartir por correo'><span class='avia_hidden_link_text'>Compartir por correo<\/span><\/a><\/li><\/ul><\/div><\/div>\n<div  style='height:50px' class='hr hr-invisible   avia-builder-el-8  el_after_av_social_share  el_before_av_comments_list '><span class='hr-inner ' ><span class='hr-inner-style'><\/span><\/span><\/div>\n<div  class='av-buildercomment  av-blog-meta-html-info-disabled av-blog-meta-tag-disabled  '><\/div>\n","protected":false},"excerpt":{"rendered":"","protected":false},"author":1,"featured_media":16904,"comment_status":"open","ping_status":"open","sticky":false,"template":"","format":"standard","meta":{"footnotes":""},"categories":[36],"tags":[],"class_list":["post-16903","post","type-post","status-publish","format-standard","has-post-thumbnail","hentry","category-policial"],"jetpack_featured_media_url":"https:\/\/radiorevelacionfm.cl\/wp-content\/uploads\/2022\/05\/7e630349-9091-43d2-a2e7-27de1687e93d-1-1.jpg","_links":{"self":[{"href":"https:\/\/radiorevelacionfm.cl\/index.php?rest_route=\/wp\/v2\/posts\/16903","targetHints":{"allow":["GET"]}}],"collection":[{"href":"https:\/\/radiorevelacionfm.cl\/index.php?rest_route=\/wp\/v2\/posts"}],"about":[{"href":"https:\/\/radiorevelacionfm.cl\/index.php?rest_route=\/wp\/v2\/types\/post"}],"author":[{"embeddable":true,"href":"https:\/\/radiorevelacionfm.cl\/index.php?rest_route=\/wp\/v2\/users\/1"}],"replies":[{"embeddable":true,"href":"https:\/\/radiorevelacionfm.cl\/index.php?rest_route=%2Fwp%2Fv2%2Fcomments&post=16903"}],"version-history":[{"count":2,"href":"https:\/\/radiorevelacionfm.cl\/index.php?rest_route=\/wp\/v2\/posts\/16903\/revisions"}],"predecessor-version":[{"id":16906,"href":"https:\/\/radiorevelacionfm.cl\/index.php?rest_route=\/wp\/v2\/posts\/16903\/revisions\/16906"}],"wp:featuredmedia":[{"embeddable":true,"href":"https:\/\/radiorevelacionfm.cl\/index.php?rest_route=\/wp\/v2\/media\/16904"}],"wp:attachment":[{"href":"https:\/\/radiorevelacionfm.cl\/index.php?rest_route=%2Fwp%2Fv2%2Fmedia&parent=16903"}],"wp:term":[{"taxonomy":"category","embeddable":true,"href":"https:\/\/radiorevelacionfm.cl\/index.php?rest_route=%2Fwp%2Fv2%2Fcategories&post=16903"},{"taxonomy":"post_tag","embeddable":true,"href":"https:\/\/radiorevelacionfm.cl\/index.php?rest_route=%2Fwp%2Fv2%2Ftags&post=16903"}],"curies":[{"name":"wp","href":"https:\/\/api.w.org\/{rel}","templated":true}]}}