{"id":16900,"date":"2022-05-18T10:38:46","date_gmt":"2022-05-18T13:38:46","guid":{"rendered":"https:\/\/radiorevelacionfm.cl\/?p=16900"},"modified":"2022-05-18T10:38:58","modified_gmt":"2022-05-18T13:38:58","slug":"programa-para-pequenas-localidades-del-minvu-comienza-intervencion-en-el-norte-de-la-region","status":"publish","type":"post","link":"https:\/\/radiorevelacionfm.cl\/?p=16900","title":{"rendered":"Programa para Peque\u00f1as Localidades del Minvu comienza intervenci\u00f3n en el norte de la Regi\u00f3n"},"content":{"rendered":"<div class=\"flex_column av_one_full  flex_column_div av-zero-column-padding first  avia-builder-el-0  el_before_av_one_full  avia-builder-el-first  \" style='border-radius:0px; '><div  class='avia-image-container  av-styling-    avia-builder-el-1  avia-builder-el-no-sibling  avia-align-center '  itemprop=\"image\" itemscope=\"itemscope\" itemtype=\"https:\/\/schema.org\/ImageObject\"  ><div class='avia-image-container-inner'><div class='avia-image-overlay-wrap'><img decoding=\"async\" class='wp-image-16901 avia-img-lazy-loading-not-16901 avia_image' src=\"https:\/\/radiorevelacionfm.cl\/wp-content\/uploads\/2022\/05\/Lago-verde-3-2-1.jpg\" alt='' title='Lago verde 3 (2) (1)' height=\"600\" width=\"1081\"  itemprop=\"thumbnailUrl\" srcset=\"https:\/\/radiorevelacionfm.cl\/wp-content\/uploads\/2022\/05\/Lago-verde-3-2-1.jpg 1081w, https:\/\/radiorevelacionfm.cl\/wp-content\/uploads\/2022\/05\/Lago-verde-3-2-1-300x167.jpg 300w, https:\/\/radiorevelacionfm.cl\/wp-content\/uploads\/2022\/05\/Lago-verde-3-2-1-1030x572.jpg 1030w, https:\/\/radiorevelacionfm.cl\/wp-content\/uploads\/2022\/05\/Lago-verde-3-2-1-768x426.jpg 768w, https:\/\/radiorevelacionfm.cl\/wp-content\/uploads\/2022\/05\/Lago-verde-3-2-1-705x391.jpg 705w, https:\/\/radiorevelacionfm.cl\/wp-content\/uploads\/2022\/05\/Lago-verde-3-2-1-600x333.jpg 600w\" sizes=\"(max-width: 1081px) 100vw, 1081px\" \/><\/div><\/div><\/div><\/div><div class=\"flex_column av_one_full  flex_column_div av-zero-column-padding first  avia-builder-el-2  el_after_av_one_full  el_before_av_one_full  column-top-margin\" style='border-radius:0px; '><section class=\"av_textblock_section \"  itemscope=\"itemscope\" itemtype=\"https:\/\/schema.org\/BlogPosting\" itemprop=\"blogPost\" ><div class='avia_textblock  '   itemprop=\"text\" ><p style=\"text-align: center;\"><span style=\"font-size: 18pt;\"><strong>Programa para Peque\u00f1as Localidades del Minvu comienza intervenci\u00f3n en el norte de la Regi\u00f3n<\/strong><\/span><\/p>\n<div id=\"gtx-trans\" style=\"position: absolute; left: -50px; top: 4.31534px;\">\n<div class=\"gtx-trans-icon\"><\/div>\n<\/div>\n<\/div><\/section><\/div><div class=\"flex_column av_one_full  flex_column_div av-zero-column-padding first  avia-builder-el-4  el_after_av_one_full  el_before_av_hr  column-top-margin\" style='border-radius:0px; '><section class=\"av_textblock_section \"  itemscope=\"itemscope\" itemtype=\"https:\/\/schema.org\/BlogPosting\" itemprop=\"blogPost\" ><div class='avia_textblock  '   itemprop=\"text\" ><p style=\"text-align: justify;\">Con una inversi\u00f3n de mil quinientos millones de pesos, el Ministerio de Vivienda y Urbanismo, lanz\u00f3 el Programa para Peque\u00f1as Localidades que beneficiar\u00e1 a tres localidades de la Comuna de Lago Verde.<\/p>\n<p style=\"text-align: justify;\">Se trata de La Tapera, Lago Verde y Villa Amengual, que se suman a los trabajos que este mismo programa ya realiza en Villa O\u2019Higgins y Candelario Mancilla, en el extremo sur de la Regi\u00f3n de Ays\u00e9n.<\/p>\n<p style=\"text-align: justify;\">Para la Seremi de Vivienda, Paulina Ruz Delf\u00edn, con esta inversi\u00f3n, \u201cqueremos mejorar la calidad de vida de los habitantes de Lago Verde a trav\u00e9s de este programa, que tiene un presupuesto de 1.500 millones de pesos, para desarrollar proyectos durante 4 a\u00f1os\u201d.<\/p>\n<p style=\"text-align: justify;\">Seg\u00fan la autoridad gubernamental, el Programa para Peque\u00f1as Localidades tiene un \u201cfuerte componente social, comunitario y de participaci\u00f3n ciudadana, ya que son los propios vecinos los que deciden en comunidad, las obras que se pueden hacer en estas localidades\u201d.<\/p>\n<p style=\"text-align: justify;\">Por lo mismo, explic\u00f3 Paulina Ruz, ya se encuentran trabajando en la etapa de diagn\u00f3stico junto a la comunidad de estas tres localidades, \u201cpara que desde el pr\u00f3ximo a\u00f1o se comience ya la ejecuci\u00f3n de obras\u201d.<\/p>\n<p style=\"text-align: justify;\">Para este a\u00f1o 2022, se contempla realizar el diagn\u00f3stico que permita identificar las intervenciones a ejecutar, adem\u00e1s de definir el Plan de desarrollo Junto a la comunidad y el arquitecto y asistente social que llevar\u00e1n adelante el proceso.<\/p>\n<p style=\"text-align: justify;\">Igualmente, en conjunto con la comunidad, se identificar\u00e1n la obra de confianza, que tendr\u00e1n una inversi\u00f3n de 80 millones de pesos y que dar\u00e1 inicio de manera formal al programa en el norte de la Regi\u00f3n.<\/p>\n<p style=\"text-align: justify;\">\u201cEsto tiene un fuerte componente de mayor equidad territorial, entendiendo que el Minvu va a llegar a las comunas m\u00e1s apartadas de la Regi\u00f3n de Ays\u00e9n, donde si bien nosotros tenemos un sello habitacional, tambi\u00e9n tenemos una vocaci\u00f3n de mejorar y hacer propuestas de desarrollo urbano para optimizar la calidad de vida de las vecinas y vecinos, que en este caso, va a beneficiar a m\u00e1s de 850 personas\u201d, finaliz\u00f3 la Seremi de Vivienda.<\/p>\n<p style=\"text-align: justify;\">En esta intervenci\u00f3n, el Minvu aportar\u00e1 mil 220 millones de pesos, que permitir\u00e1n el dise\u00f1o y la ejecuci\u00f3n de los proyectos que se identifiquen y la Municipalidad de Lago Verde, se har\u00e1 cargo de la implementaci\u00f3n del Programa, que considera la contrataci\u00f3n de los dos profesionales a cargo, por un monto total de 200 millones de pesos.<\/p>\n<\/div><\/section><\/div><div  style='height:50px' class='hr hr-invisible   avia-builder-el-6  el_after_av_one_full  el_before_av_social_share '><span class='hr-inner ' ><span class='hr-inner-style'><\/span><\/span><\/div><\/p>\n<div  class='av-social-sharing-box  avia-builder-el-7  el_after_av_hr  el_before_av_hr  '><div class='av-share-box'><h5 class='av-share-link-description av-no-toc '>Compartir esta noticia<\/h5><ul class='av-share-box-list noLightbox'><li class='av-share-link av-social-link-facebook' ><a target=\"_blank\" aria-label=\"Compartir en Facebook\" href='https:\/\/www.facebook.com\/sharer.php?u=https:\/\/radiorevelacionfm.cl\/?p=16900&#038;t=Programa%20para%20Peque%C3%B1as%20Localidades%20del%20Minvu%20comienza%20intervenci%C3%B3n%20en%20el%20norte%20de%20la%20Regi%C3%B3n' aria-hidden='false' data-av_icon='\ue8f3' data-av_iconfont='entypo-fontello' title='' data-avia-related-tooltip='Compartir en Facebook' rel=\"noopener\"><span class='avia_hidden_link_text'>Compartir en Facebook<\/span><\/a><\/li><li class='av-share-link av-social-link-twitter' ><a target=\"_blank\" aria-label=\"Compartir en Twitter\" href='https:\/\/twitter.com\/share?text=Programa%20para%20Peque%C3%B1as%20Localidades%20del%20Minvu%20comienza%20intervenci%C3%B3n%20en%20el%20norte%20de%20la%20Regi%C3%B3n&#038;url=https:\/\/radiorevelacionfm.cl\/?p=16900' aria-hidden='false' data-av_icon='\ue8f1' data-av_iconfont='entypo-fontello' title='' data-avia-related-tooltip='Compartir en Twitter' rel=\"noopener\"><span class='avia_hidden_link_text'>Compartir en Twitter<\/span><\/a><\/li><li class='av-share-link av-social-link-whatsapp' ><a target=\"_blank\" aria-label=\"Compartir en Whatsapp\" href='https:\/\/api.whatsapp.com\/send?text=https:\/\/radiorevelacionfm.cl\/?p=16900' aria-hidden='false' data-av_icon='\uf232' data-av_iconfont='entypo-fontello' title='' data-avia-related-tooltip='Compartir en Whatsapp' rel=\"noopener\"><span class='avia_hidden_link_text'>Compartir en Whatsapp<\/span><\/a><\/li><li class='av-share-link av-social-link-linkedin' ><a target=\"_blank\" aria-label=\"Compartir en LinkedIn\" href='https:\/\/linkedin.com\/shareArticle?mini=true&#038;title=Programa%20para%20Peque%C3%B1as%20Localidades%20del%20Minvu%20comienza%20intervenci%C3%B3n%20en%20el%20norte%20de%20la%20Regi%C3%B3n&#038;url=https:\/\/radiorevelacionfm.cl\/?p=16900' aria-hidden='false' data-av_icon='\ue8fc' data-av_iconfont='entypo-fontello' title='' data-avia-related-tooltip='Compartir en LinkedIn' rel=\"noopener\"><span class='avia_hidden_link_text'>Compartir en LinkedIn<\/span><\/a><\/li><li class='av-share-link av-social-link-mail' ><a  aria-label=\"Compartir por correo\" href='mailto:?subject=Programa%20para%20Peque%C3%B1as%20Localidades%20del%20Minvu%20comienza%20intervenci%C3%B3n%20en%20el%20norte%20de%20la%20Regi%C3%B3n&#038;body=https:\/\/radiorevelacionfm.cl\/?p=16900' aria-hidden='false' data-av_icon='\ue805' data-av_iconfont='entypo-fontello' title='' data-avia-related-tooltip='Compartir por correo'><span class='avia_hidden_link_text'>Compartir por correo<\/span><\/a><\/li><\/ul><\/div><\/div>\n<div  style='height:50px' class='hr hr-invisible   avia-builder-el-8  el_after_av_social_share  el_before_av_comments_list '><span class='hr-inner ' ><span class='hr-inner-style'><\/span><\/span><\/div>\n<div  class='av-buildercomment  av-blog-meta-html-info-disabled av-blog-meta-tag-disabled  '><\/div>\n","protected":false},"excerpt":{"rendered":"","protected":false},"author":1,"featured_media":16901,"comment_status":"open","ping_status":"open","sticky":false,"template":"","format":"standard","meta":{"footnotes":""},"categories":[57],"tags":[],"class_list":["post-16900","post","type-post","status-publish","format-standard","has-post-thumbnail","hentry","category-vivienda"],"jetpack_featured_media_url":"https:\/\/radiorevelacionfm.cl\/wp-content\/uploads\/2022\/05\/Lago-verde-3-2-1.jpg","_links":{"self":[{"href":"https:\/\/radiorevelacionfm.cl\/index.php?rest_route=\/wp\/v2\/posts\/16900","targetHints":{"allow":["GET"]}}],"collection":[{"href":"https:\/\/radiorevelacionfm.cl\/index.php?rest_route=\/wp\/v2\/posts"}],"about":[{"href":"https:\/\/radiorevelacionfm.cl\/index.php?rest_route=\/wp\/v2\/types\/post"}],"author":[{"embeddable":true,"href":"https:\/\/radiorevelacionfm.cl\/index.php?rest_route=\/wp\/v2\/users\/1"}],"replies":[{"embeddable":true,"href":"https:\/\/radiorevelacionfm.cl\/index.php?rest_route=%2Fwp%2Fv2%2Fcomments&post=16900"}],"version-history":[{"count":2,"href":"https:\/\/radiorevelacionfm.cl\/index.php?rest_route=\/wp\/v2\/posts\/16900\/revisions"}],"predecessor-version":[{"id":16907,"href":"https:\/\/radiorevelacionfm.cl\/index.php?rest_route=\/wp\/v2\/posts\/16900\/revisions\/16907"}],"wp:featuredmedia":[{"embeddable":true,"href":"https:\/\/radiorevelacionfm.cl\/index.php?rest_route=\/wp\/v2\/media\/16901"}],"wp:attachment":[{"href":"https:\/\/radiorevelacionfm.cl\/index.php?rest_route=%2Fwp%2Fv2%2Fmedia&parent=16900"}],"wp:term":[{"taxonomy":"category","embeddable":true,"href":"https:\/\/radiorevelacionfm.cl\/index.php?rest_route=%2Fwp%2Fv2%2Fcategories&post=16900"},{"taxonomy":"post_tag","embeddable":true,"href":"https:\/\/radiorevelacionfm.cl\/index.php?rest_route=%2Fwp%2Fv2%2Ftags&post=16900"}],"curies":[{"name":"wp","href":"https:\/\/api.w.org\/{rel}","templated":true}]}}