{"id":16896,"date":"2022-05-17T19:57:53","date_gmt":"2022-05-17T22:57:53","guid":{"rendered":"https:\/\/radiorevelacionfm.cl\/?p=16896"},"modified":"2022-05-17T19:57:53","modified_gmt":"2022-05-17T22:57:53","slug":"exitoso-operativo-de-vacunacion-se-desarrollo-en-poblacion-clotario-blest-de-coyhaique","status":"publish","type":"post","link":"https:\/\/radiorevelacionfm.cl\/?p=16896","title":{"rendered":"Exitoso operativo de vacunaci\u00f3n se desarroll\u00f3 en poblaci\u00f3n Clotario Blest de Coyhaique"},"content":{"rendered":"<div class=\"flex_column av_one_full  flex_column_div av-zero-column-padding first  avia-builder-el-0  el_before_av_one_full  avia-builder-el-first  \" style='border-radius:0px; '><div  class='avia-image-container  av-styling-    avia-builder-el-1  avia-builder-el-no-sibling  avia-align-center '  itemprop=\"image\" itemscope=\"itemscope\" itemtype=\"https:\/\/schema.org\/ImageObject\"  ><div class='avia-image-container-inner'><div class='avia-image-overlay-wrap'><img decoding=\"async\" class='wp-image-16897 avia-img-lazy-loading-not-16897 avia_image' src=\"https:\/\/radiorevelacionfm.cl\/wp-content\/uploads\/2022\/05\/jornada-vacunacion-1-1.jpg\" alt='' title='jornada vacunaci\u00f3n (1) (1)' height=\"600\" width=\"901\"  itemprop=\"thumbnailUrl\" srcset=\"https:\/\/radiorevelacionfm.cl\/wp-content\/uploads\/2022\/05\/jornada-vacunacion-1-1.jpg 901w, https:\/\/radiorevelacionfm.cl\/wp-content\/uploads\/2022\/05\/jornada-vacunacion-1-1-300x200.jpg 300w, https:\/\/radiorevelacionfm.cl\/wp-content\/uploads\/2022\/05\/jornada-vacunacion-1-1-768x511.jpg 768w, https:\/\/radiorevelacionfm.cl\/wp-content\/uploads\/2022\/05\/jornada-vacunacion-1-1-705x469.jpg 705w, https:\/\/radiorevelacionfm.cl\/wp-content\/uploads\/2022\/05\/jornada-vacunacion-1-1-600x400.jpg 600w\" sizes=\"(max-width: 901px) 100vw, 901px\" \/><\/div><\/div><\/div><\/div><div class=\"flex_column av_one_full  flex_column_div av-zero-column-padding first  avia-builder-el-2  el_after_av_one_full  el_before_av_one_full  column-top-margin\" style='border-radius:0px; '><section class=\"av_textblock_section \"  itemscope=\"itemscope\" itemtype=\"https:\/\/schema.org\/BlogPosting\" itemprop=\"blogPost\" ><div class='avia_textblock  '   itemprop=\"text\" ><p style=\"text-align: center;\"><span style=\"font-size: 18pt;\"><strong>Exitoso operativo de vacunaci\u00f3n se desarroll\u00f3 en poblaci\u00f3n Clotario Blest de Coyhaique<\/strong><\/span><\/p>\n<div id=\"gtx-trans\" style=\"position: absolute; left: -50px; top: 4.31534px;\">\n<div class=\"gtx-trans-icon\"><\/div>\n<\/div>\n<\/div><\/section><\/div><div class=\"flex_column av_one_full  flex_column_div av-zero-column-padding first  avia-builder-el-4  el_after_av_one_full  el_before_av_hr  column-top-margin\" style='border-radius:0px; '><section class=\"av_textblock_section \"  itemscope=\"itemscope\" itemtype=\"https:\/\/schema.org\/BlogPosting\" itemprop=\"blogPost\" ><div class='avia_textblock  '   itemprop=\"text\" ><p style=\"text-align: justify;\">M\u00e1s de un centenar de personas pudieron completar sus esquemas de vacunaci\u00f3n para COVID-19 durante una jornada de vacunaci\u00f3n especial desarrollada este fin de semana en la JJVV de la poblaci\u00f3n Clotario Blest de la ciudad de Coyhaique; lugar hasta el cual un equipo de salud, junto a profesionales de JUNJI, dieron vida a un punto de vacunaci\u00f3n familiar donde los ni\u00f1os contar\u00f3n con un rinc\u00f3n de juegos, adem\u00e1s de educaci\u00f3n bucal, a la espera de recibir sus vacunas para COVID-19\u00a0 e Influenza.<\/p>\n<p style=\"text-align: justify;\">Para la Seremi de Salud, Carmen Monsalve, la puesta en marcha de estas acciones buscan acercar la salud hacia los sectores que m\u00e1s lo requieren. \u201cEl equipo de salud se despleg\u00f3 hacia la JJVV Clotario Blest del sector alto de Coyhaique para poder acercar la estrategia de vacunaci\u00f3n hacia la comunidad.\u00a0 Este es un llamado del Gobierno de poder desplegar las estrategias no solo de vacunaci\u00f3n, sino que acercar lo relacionado a promoci\u00f3n, prevenci\u00f3n y oferta de salud, hicimos un trabajo m\u00e1s integral porque adem\u00e1s de la vacunaci\u00f3n para el COVID e Influenza, tambi\u00e9n se ofreci\u00f3 el testeo a trav\u00e9s de ant\u00edgenos para adultos y ni\u00f1os, y se entreg\u00f3 educaci\u00f3n para la salud bucal de los ni\u00f1os. Estas instancias de vacunaci\u00f3n en familia es una estrategia que desde el Gobierno nos han solicitado mantener de manera permanente, porque tiene buenos resultados, siempre que la salud se mueve hacia los territorios la respuesta es favorable, por eso que el compromiso de la seremi es mantener esta estrategia de vacunaci\u00f3n itinerante hacia los sectores donde hay mayor cantidad de personas\u201d.<\/p>\n<p style=\"text-align: justify;\">Jornada de vacunaci\u00f3n en terreno que fue altamente valorada por la Pdta. De la JJVV Clotario Blest (etapa 2 y 3), Sandra Vargas.\u00a0 \u201cQuiero agradecer a todos los chiquillos que han estado ac\u00e1 apoyando, a las enfermeras, a los pinta caritas, a la dentista, y agradecer que hoy se est\u00e1n acercando mucho m\u00e1s a nuestra poblaci\u00f3n, ustedes ven a adultos mayores que muchas veces no tienen la capacidad de ir a los puntos de vacunaci\u00f3n y esperar, y hoy d\u00eda han estado ac\u00e1 vacun\u00e1ndose con la dosis de que les faltaba en COVID e Influenza.\u00a0 Estoy agradecida de la Seremi de Salud, agradecer a la Gobernadora que nos vino a apoyar, estoy contenta porque cada d\u00eda vamos reforzando m\u00e1s el vacunatorio para prevenir que no tengamos m\u00e1s COVID\u201d.<\/p>\n<p style=\"text-align: justify;\">En esta ocasi\u00f3n, se cont\u00f3 con la participaci\u00f3n de la Gobernadora Regional, Andrea Macias, quien a su vez tambi\u00e9n destac\u00f3 la puesta en marcha de esta iniciativa.\u00a0 \u201cEsto es muy importante, quiero felicitar a la Seremi de Salud, a todo su equipo y al Gobierno, por asumir esta estrategia porque hoy d\u00eda debemos aumentar los niveles de vacunaci\u00f3n frente al COVID, por lo tanto, que sean las propias instituciones las que se desplazan a los territorios es una tremenda ayuda para las personas, porque eso tambi\u00e9n tiene un costo econ\u00f3mico para ellas, y acercar los servicios a la ciudadan\u00eda es algo que nos va a dar muchos mayores resultados. En la medida que aumentemos los niveles de vacunaci\u00f3n y cobertura, vamos a estar todos muchos mas seguros en nuestros espacios de trabajo, incluso los ni\u00f1os m\u00e1s seguros en los espacios de estudio, as\u00ed que el llamado es a vacunarse\u201d.<\/p>\n<p style=\"text-align: justify;\">Fue as\u00ed como durante la jornada de este s\u00e1bado, se logr\u00f3 inmunizar a 105 personas del sector Clotario Blest; mientras que en esa misma jornada, contabilizando todos los puntos de vacunaci\u00f3n en Coyhaique, se alcanz\u00f3 una cobertura de 386 personas, quienes junto con actualizar sus esquemas contra el COVID \u2013 en el caso de los grupos objetivos, como adultos mayores- tambi\u00e9n recibieron la inmunizaci\u00f3n para la Influenza.<\/p>\n<\/div><\/section><\/div><div  style='height:50px' class='hr hr-invisible   avia-builder-el-6  el_after_av_one_full  el_before_av_social_share '><span class='hr-inner ' ><span class='hr-inner-style'><\/span><\/span><\/div><\/p>\n<div  class='av-social-sharing-box  avia-builder-el-7  el_after_av_hr  el_before_av_hr  '><div class='av-share-box'><h5 class='av-share-link-description av-no-toc '>Compartir esta noticia<\/h5><ul class='av-share-box-list noLightbox'><li class='av-share-link av-social-link-facebook' ><a target=\"_blank\" aria-label=\"Compartir en Facebook\" href='https:\/\/www.facebook.com\/sharer.php?u=https:\/\/radiorevelacionfm.cl\/?p=16896&#038;t=Exitoso%20operativo%20de%20vacunaci%C3%B3n%20se%20desarroll%C3%B3%20en%20poblaci%C3%B3n%20Clotario%20Blest%20de%20Coyhaique' aria-hidden='false' data-av_icon='\ue8f3' data-av_iconfont='entypo-fontello' title='' data-avia-related-tooltip='Compartir en Facebook' rel=\"noopener\"><span class='avia_hidden_link_text'>Compartir en Facebook<\/span><\/a><\/li><li class='av-share-link av-social-link-twitter' ><a target=\"_blank\" aria-label=\"Compartir en Twitter\" href='https:\/\/twitter.com\/share?text=Exitoso%20operativo%20de%20vacunaci%C3%B3n%20se%20desarroll%C3%B3%20en%20poblaci%C3%B3n%20Clotario%20Blest%20de%20Coyhaique&#038;url=https:\/\/radiorevelacionfm.cl\/?p=16896' aria-hidden='false' data-av_icon='\ue8f1' data-av_iconfont='entypo-fontello' title='' data-avia-related-tooltip='Compartir en Twitter' rel=\"noopener\"><span class='avia_hidden_link_text'>Compartir en Twitter<\/span><\/a><\/li><li class='av-share-link av-social-link-whatsapp' ><a target=\"_blank\" aria-label=\"Compartir en Whatsapp\" href='https:\/\/api.whatsapp.com\/send?text=https:\/\/radiorevelacionfm.cl\/?p=16896' aria-hidden='false' data-av_icon='\uf232' data-av_iconfont='entypo-fontello' title='' data-avia-related-tooltip='Compartir en Whatsapp' rel=\"noopener\"><span class='avia_hidden_link_text'>Compartir en Whatsapp<\/span><\/a><\/li><li class='av-share-link av-social-link-linkedin' ><a target=\"_blank\" aria-label=\"Compartir en LinkedIn\" href='https:\/\/linkedin.com\/shareArticle?mini=true&#038;title=Exitoso%20operativo%20de%20vacunaci%C3%B3n%20se%20desarroll%C3%B3%20en%20poblaci%C3%B3n%20Clotario%20Blest%20de%20Coyhaique&#038;url=https:\/\/radiorevelacionfm.cl\/?p=16896' aria-hidden='false' data-av_icon='\ue8fc' data-av_iconfont='entypo-fontello' title='' data-avia-related-tooltip='Compartir en LinkedIn' rel=\"noopener\"><span class='avia_hidden_link_text'>Compartir en LinkedIn<\/span><\/a><\/li><li class='av-share-link av-social-link-mail' ><a  aria-label=\"Compartir por correo\" href='mailto:?subject=Exitoso%20operativo%20de%20vacunaci%C3%B3n%20se%20desarroll%C3%B3%20en%20poblaci%C3%B3n%20Clotario%20Blest%20de%20Coyhaique&#038;body=https:\/\/radiorevelacionfm.cl\/?p=16896' aria-hidden='false' data-av_icon='\ue805' data-av_iconfont='entypo-fontello' title='' data-avia-related-tooltip='Compartir por correo'><span class='avia_hidden_link_text'>Compartir por correo<\/span><\/a><\/li><\/ul><\/div><\/div>\n<div  style='height:50px' class='hr hr-invisible   avia-builder-el-8  el_after_av_social_share  el_before_av_comments_list '><span class='hr-inner ' ><span class='hr-inner-style'><\/span><\/span><\/div>\n<div  class='av-buildercomment  av-blog-meta-html-info-disabled av-blog-meta-tag-disabled  '><\/div>\n","protected":false},"excerpt":{"rendered":"","protected":false},"author":1,"featured_media":16897,"comment_status":"open","ping_status":"open","sticky":false,"template":"","format":"standard","meta":{"footnotes":""},"categories":[46],"tags":[],"class_list":["post-16896","post","type-post","status-publish","format-standard","has-post-thumbnail","hentry","category-salud"],"jetpack_featured_media_url":"https:\/\/radiorevelacionfm.cl\/wp-content\/uploads\/2022\/05\/jornada-vacunacion-1-1.jpg","_links":{"self":[{"href":"https:\/\/radiorevelacionfm.cl\/index.php?rest_route=\/wp\/v2\/posts\/16896","targetHints":{"allow":["GET"]}}],"collection":[{"href":"https:\/\/radiorevelacionfm.cl\/index.php?rest_route=\/wp\/v2\/posts"}],"about":[{"href":"https:\/\/radiorevelacionfm.cl\/index.php?rest_route=\/wp\/v2\/types\/post"}],"author":[{"embeddable":true,"href":"https:\/\/radiorevelacionfm.cl\/index.php?rest_route=\/wp\/v2\/users\/1"}],"replies":[{"embeddable":true,"href":"https:\/\/radiorevelacionfm.cl\/index.php?rest_route=%2Fwp%2Fv2%2Fcomments&post=16896"}],"version-history":[{"count":2,"href":"https:\/\/radiorevelacionfm.cl\/index.php?rest_route=\/wp\/v2\/posts\/16896\/revisions"}],"predecessor-version":[{"id":16899,"href":"https:\/\/radiorevelacionfm.cl\/index.php?rest_route=\/wp\/v2\/posts\/16896\/revisions\/16899"}],"wp:featuredmedia":[{"embeddable":true,"href":"https:\/\/radiorevelacionfm.cl\/index.php?rest_route=\/wp\/v2\/media\/16897"}],"wp:attachment":[{"href":"https:\/\/radiorevelacionfm.cl\/index.php?rest_route=%2Fwp%2Fv2%2Fmedia&parent=16896"}],"wp:term":[{"taxonomy":"category","embeddable":true,"href":"https:\/\/radiorevelacionfm.cl\/index.php?rest_route=%2Fwp%2Fv2%2Fcategories&post=16896"},{"taxonomy":"post_tag","embeddable":true,"href":"https:\/\/radiorevelacionfm.cl\/index.php?rest_route=%2Fwp%2Fv2%2Ftags&post=16896"}],"curies":[{"name":"wp","href":"https:\/\/api.w.org\/{rel}","templated":true}]}}