{"id":16892,"date":"2022-05-17T19:43:47","date_gmt":"2022-05-17T22:43:47","guid":{"rendered":"https:\/\/radiorevelacionfm.cl\/?p=16892"},"modified":"2022-05-17T19:43:47","modified_gmt":"2022-05-17T22:43:47","slug":"injuv-aysen-conmemora-dia-internacional-contra-la-homofobia-bifobia-y-trasfobia-izando-bandera-de-la-diversidad","status":"publish","type":"post","link":"https:\/\/radiorevelacionfm.cl\/?p=16892","title":{"rendered":"INJUV Ays\u00e9n conmemora D\u00eda Internacional contra la Homofobia, Bifobia y Trasfobia izando Bandera de la Diversidad"},"content":{"rendered":"<div class=\"flex_column av_one_full  flex_column_div av-zero-column-padding first  avia-builder-el-0  el_before_av_one_full  avia-builder-el-first  \" style='border-radius:0px; '><div  class='avia-image-container  av-styling-    avia-builder-el-1  avia-builder-el-no-sibling  avia-align-center '  itemprop=\"image\" itemscope=\"itemscope\" itemtype=\"https:\/\/schema.org\/ImageObject\"  ><div class='avia-image-container-inner'><div class='avia-image-overlay-wrap'><img decoding=\"async\" class='wp-image-16893 avia-img-lazy-loading-not-16893 avia_image' src=\"https:\/\/radiorevelacionfm.cl\/wp-content\/uploads\/2022\/05\/Foto-3-10-1-1.jpg\" alt='' title='Foto 3 (10) (1) (1)' height=\"600\" width=\"831\"  itemprop=\"thumbnailUrl\" srcset=\"https:\/\/radiorevelacionfm.cl\/wp-content\/uploads\/2022\/05\/Foto-3-10-1-1.jpg 831w, https:\/\/radiorevelacionfm.cl\/wp-content\/uploads\/2022\/05\/Foto-3-10-1-1-300x217.jpg 300w, https:\/\/radiorevelacionfm.cl\/wp-content\/uploads\/2022\/05\/Foto-3-10-1-1-768x555.jpg 768w, https:\/\/radiorevelacionfm.cl\/wp-content\/uploads\/2022\/05\/Foto-3-10-1-1-705x509.jpg 705w, https:\/\/radiorevelacionfm.cl\/wp-content\/uploads\/2022\/05\/Foto-3-10-1-1-600x433.jpg 600w\" sizes=\"(max-width: 831px) 100vw, 831px\" \/><\/div><\/div><\/div><\/div><div class=\"flex_column av_one_full  flex_column_div av-zero-column-padding first  avia-builder-el-2  el_after_av_one_full  el_before_av_one_full  column-top-margin\" style='border-radius:0px; '><section class=\"av_textblock_section \"  itemscope=\"itemscope\" itemtype=\"https:\/\/schema.org\/BlogPosting\" itemprop=\"blogPost\" ><div class='avia_textblock  '   itemprop=\"text\" ><p style=\"text-align: center;\"><span style=\"font-size: 18pt;\"><strong>INJUV Ays\u00e9n conmemora D\u00eda Internacional contra la Homofobia, Bifobia y Trasfobia izando Bandera de la Diversidad<\/strong><\/span><\/p>\n<div id=\"gtx-trans\" style=\"position: absolute; left: -50px; top: 4.31534px;\">\n<div class=\"gtx-trans-icon\"><\/div>\n<\/div>\n<\/div><\/section><\/div><div class=\"flex_column av_one_full  flex_column_div av-zero-column-padding first  avia-builder-el-4  el_after_av_one_full  el_before_av_hr  column-top-margin\" style='border-radius:0px; '><section class=\"av_textblock_section \"  itemscope=\"itemscope\" itemtype=\"https:\/\/schema.org\/BlogPosting\" itemprop=\"blogPost\" ><div class='avia_textblock  '   itemprop=\"text\" ><p style=\"text-align: justify;\">En el marco de la conmemoraci\u00f3n del D\u00eda Internacional contra la Homofobia, Bifobia y Transfobia, que se record\u00f3 en todas las regiones del pa\u00eds, el Instituto Nacional de la Juventud de la regi\u00f3n de Ays\u00e9n junto a la ONG Diversa Patagonia y la Seremi de Desarrollo Social y Familia, realizaron un acto simb\u00f3lico de izamiento de la bandera arco\u00edris\u00a0en el frontis de la entidad regional.<\/p>\n<p style=\"text-align: justify;\">En la oportunidad tambi\u00e9n se realiz\u00f3 el lanzamiento de un video regional donde participaron j\u00f3venes representantes de la ONG Diversa Patagonia, se llev\u00f3 a cabo un conversatorio y los asistentes se deleitaron con una significativa presentaci\u00f3n de la Drag Queen Zafiro Star.<\/p>\n<p style=\"text-align: justify;\">A la actividad asisti\u00f3 la Seremi de Desarrollo Social y Familia, Karina Acevedo, Seremi de las Culturas, las Artes y el Patrimonio, Felipe Quiroz, Directora Regional (s) de INJUV Ays\u00e9n, G\u00e9nesis Arias, representante de la directiva de la ONG Diversa Patagonia, Constanza Chiguay, encargada de la Oficina de Asuntos Juveniles de Puerto Ays\u00e9n, Karen Roa, Gabinete Social y representantes de distintos servicios p\u00fablicos de nuestra regi\u00f3n.<\/p>\n<p style=\"text-align: justify;\">La Seremi de Desarrollo Social y Familia, Karina Acevedo, destac\u00f3 la importancia de conmemorar estas fechas, pero por sobre todo consolidar una sociedad inclusiva y de igualdad de oportunidades, donde el respeto sea lo cotidiano. \u201cEl estar con todo el Gabinete Social, junto a seremis de otras carteras y con la sociedad civil, las organizaciones sociales y agrupaciones vivas de nuestra comunidad demuestra cuanto hemos avanzado. Sabemos que falta y desde el gobierno del Presidente Boric nos comprometemos para hacer de esta sociedad una sociedad basada en el respeto, donde el Estado debe reconocer las diferencias e igualmente debe ser garante de igualdad para mujeres, hombres, independiente de sus diversas orientaciones sexuales, identidades o expresiones de g\u00e9nero\u201d.<\/p>\n<p style=\"text-align: justify;\">En tanto la Directora Regional (s) de INJUV, G\u00e9nesis Arias, sostuvo que \u201ccon esta importante actividad como Instituto Nacional de la Juventud reafirmamos nuestro compromiso en trabajar a diario por la no discriminaci\u00f3n y reivindicaci\u00f3n de los derechos de la comunidad LGBTQIA+, actualmente nos encontramos apoyando activamente la campa\u00f1a Arco\u00edris impulsada desde el a\u00f1o 2012 por el Movimiento de Integraci\u00f3n y Liberaci\u00f3n Homosexual (Movilh). Agradecemos la participaci\u00f3n activa de la ONG Diversa Patagonia y de todos quienes hicieron posible esta hermosa actividad hoy\u201d.<\/p>\n<p style=\"text-align: justify;\">Por su parte el Presidente de la ONG Diversa Patagonia, Israel Cot\u00e9s, indic\u00f3 que \u201cagradecer el espacio de visibilizaci\u00f3n por el d\u00eda de la no discriminaci\u00f3n LGBTQIA+, que viene a conmemorar el 17 de mayo de 1990 la salida de la homosexualidad de los libros de medicina como enfermedad mental, estamos conmemorando y visibilizando la no discriminaci\u00f3n hacia las diversidades, es un d\u00eda para pensar, reflexionar, mirarse uno mismo para interiorizarse sobre la discriminaci\u00f3n y el auto estigma que cada persona puede tener, de aceptar la diferencia en otras personas y tratar justamente de resolver esos espacios de convivencia, de bullying, de acoso, de violencia, para evitar que esas situaciones sigan ocurriendo, y que muchos chiques de las nuevas generaciones y que son m\u00e1s peque\u00f1os sufran esa violencia y tiendan a crear una conducta suicida y la lleguen a concretar, lamentablemente esto sigue pasando, es por ello que queremos visibilizar este estigma y discriminaci\u00f3n que a\u00fan se sigue viviendo d\u00eda a d\u00eda y es importante el apoyo que las instituciones nos puedan brindar para poder justamente luchar contra esa discriminaci\u00f3n y estigma\u201d.<\/p>\n<\/div><\/section><\/div><div  style='height:50px' class='hr hr-invisible   avia-builder-el-6  el_after_av_one_full  el_before_av_social_share '><span class='hr-inner ' ><span class='hr-inner-style'><\/span><\/span><\/div><\/p>\n<div  class='av-social-sharing-box  avia-builder-el-7  el_after_av_hr  el_before_av_hr  '><div class='av-share-box'><h5 class='av-share-link-description av-no-toc '>Compartir esta noticia<\/h5><ul class='av-share-box-list noLightbox'><li class='av-share-link av-social-link-facebook' ><a target=\"_blank\" aria-label=\"Compartir en Facebook\" href='https:\/\/www.facebook.com\/sharer.php?u=https:\/\/radiorevelacionfm.cl\/?p=16892&#038;t=INJUV%20Ays%C3%A9n%20conmemora%20D%C3%ADa%20Internacional%20contra%20la%20Homofobia%2C%20Bifobia%20y%20Trasfobia%20izando%20Bandera%20de%20la%20Diversidad' aria-hidden='false' data-av_icon='\ue8f3' data-av_iconfont='entypo-fontello' title='' data-avia-related-tooltip='Compartir en Facebook' rel=\"noopener\"><span class='avia_hidden_link_text'>Compartir en Facebook<\/span><\/a><\/li><li class='av-share-link av-social-link-twitter' ><a target=\"_blank\" aria-label=\"Compartir en Twitter\" href='https:\/\/twitter.com\/share?text=INJUV%20Ays%C3%A9n%20conmemora%20D%C3%ADa%20Internacional%20contra%20la%20Homofobia%2C%20Bifobia%20y%20Trasfobia%20izando%20Bandera%20de%20la%20Diversidad&#038;url=https:\/\/radiorevelacionfm.cl\/?p=16892' aria-hidden='false' data-av_icon='\ue8f1' data-av_iconfont='entypo-fontello' title='' data-avia-related-tooltip='Compartir en Twitter' rel=\"noopener\"><span class='avia_hidden_link_text'>Compartir en Twitter<\/span><\/a><\/li><li class='av-share-link av-social-link-whatsapp' ><a target=\"_blank\" aria-label=\"Compartir en Whatsapp\" href='https:\/\/api.whatsapp.com\/send?text=https:\/\/radiorevelacionfm.cl\/?p=16892' aria-hidden='false' data-av_icon='\uf232' data-av_iconfont='entypo-fontello' title='' data-avia-related-tooltip='Compartir en Whatsapp' rel=\"noopener\"><span class='avia_hidden_link_text'>Compartir en Whatsapp<\/span><\/a><\/li><li class='av-share-link av-social-link-linkedin' ><a target=\"_blank\" aria-label=\"Compartir en LinkedIn\" href='https:\/\/linkedin.com\/shareArticle?mini=true&#038;title=INJUV%20Ays%C3%A9n%20conmemora%20D%C3%ADa%20Internacional%20contra%20la%20Homofobia%2C%20Bifobia%20y%20Trasfobia%20izando%20Bandera%20de%20la%20Diversidad&#038;url=https:\/\/radiorevelacionfm.cl\/?p=16892' aria-hidden='false' data-av_icon='\ue8fc' data-av_iconfont='entypo-fontello' title='' data-avia-related-tooltip='Compartir en LinkedIn' rel=\"noopener\"><span class='avia_hidden_link_text'>Compartir en LinkedIn<\/span><\/a><\/li><li class='av-share-link av-social-link-mail' ><a  aria-label=\"Compartir por correo\" href='mailto:?subject=INJUV%20Ays%C3%A9n%20conmemora%20D%C3%ADa%20Internacional%20contra%20la%20Homofobia%2C%20Bifobia%20y%20Trasfobia%20izando%20Bandera%20de%20la%20Diversidad&#038;body=https:\/\/radiorevelacionfm.cl\/?p=16892' aria-hidden='false' data-av_icon='\ue805' data-av_iconfont='entypo-fontello' title='' data-avia-related-tooltip='Compartir por correo'><span class='avia_hidden_link_text'>Compartir por correo<\/span><\/a><\/li><\/ul><\/div><\/div>\n<div  style='height:50px' class='hr hr-invisible   avia-builder-el-8  el_after_av_social_share  el_before_av_comments_list '><span class='hr-inner ' ><span class='hr-inner-style'><\/span><\/span><\/div>\n<div  class='av-buildercomment  av-blog-meta-html-info-disabled av-blog-meta-tag-disabled  '><\/div>\n","protected":false},"excerpt":{"rendered":"","protected":false},"author":1,"featured_media":16893,"comment_status":"open","ping_status":"open","sticky":false,"template":"","format":"standard","meta":{"footnotes":""},"categories":[63,38],"tags":[],"class_list":["post-16892","post","type-post","status-publish","format-standard","has-post-thumbnail","hentry","category-mujer-y-genero","category-regional"],"jetpack_featured_media_url":"https:\/\/radiorevelacionfm.cl\/wp-content\/uploads\/2022\/05\/Foto-3-10-1-1.jpg","_links":{"self":[{"href":"https:\/\/radiorevelacionfm.cl\/index.php?rest_route=\/wp\/v2\/posts\/16892","targetHints":{"allow":["GET"]}}],"collection":[{"href":"https:\/\/radiorevelacionfm.cl\/index.php?rest_route=\/wp\/v2\/posts"}],"about":[{"href":"https:\/\/radiorevelacionfm.cl\/index.php?rest_route=\/wp\/v2\/types\/post"}],"author":[{"embeddable":true,"href":"https:\/\/radiorevelacionfm.cl\/index.php?rest_route=\/wp\/v2\/users\/1"}],"replies":[{"embeddable":true,"href":"https:\/\/radiorevelacionfm.cl\/index.php?rest_route=%2Fwp%2Fv2%2Fcomments&post=16892"}],"version-history":[{"count":2,"href":"https:\/\/radiorevelacionfm.cl\/index.php?rest_route=\/wp\/v2\/posts\/16892\/revisions"}],"predecessor-version":[{"id":16895,"href":"https:\/\/radiorevelacionfm.cl\/index.php?rest_route=\/wp\/v2\/posts\/16892\/revisions\/16895"}],"wp:featuredmedia":[{"embeddable":true,"href":"https:\/\/radiorevelacionfm.cl\/index.php?rest_route=\/wp\/v2\/media\/16893"}],"wp:attachment":[{"href":"https:\/\/radiorevelacionfm.cl\/index.php?rest_route=%2Fwp%2Fv2%2Fmedia&parent=16892"}],"wp:term":[{"taxonomy":"category","embeddable":true,"href":"https:\/\/radiorevelacionfm.cl\/index.php?rest_route=%2Fwp%2Fv2%2Fcategories&post=16892"},{"taxonomy":"post_tag","embeddable":true,"href":"https:\/\/radiorevelacionfm.cl\/index.php?rest_route=%2Fwp%2Fv2%2Ftags&post=16892"}],"curies":[{"name":"wp","href":"https:\/\/api.w.org\/{rel}","templated":true}]}}