{"id":16883,"date":"2022-05-17T13:27:02","date_gmt":"2022-05-17T16:27:02","guid":{"rendered":"https:\/\/radiorevelacionfm.cl\/?p=16883"},"modified":"2022-05-17T14:00:47","modified_gmt":"2022-05-17T17:00:47","slug":"consejo-regional-aprueba-recursos-para-la-construccion-de-agua-potable-rural-para-vecinas-y-vecinos-de-villa-jara","status":"publish","type":"post","link":"https:\/\/radiorevelacionfm.cl\/?p=16883","title":{"rendered":"Consejo Regional aprueba recursos para la construcci\u00f3n de Agua Potable Rural para vecinas y vecinos de Villa Jara"},"content":{"rendered":"<div class=\"flex_column av_one_full  flex_column_div av-zero-column-padding first  avia-builder-el-0  el_before_av_one_full  avia-builder-el-first  \" style='border-radius:0px; '><div  class='avia-image-container  av-styling-    avia-builder-el-1  avia-builder-el-no-sibling  avia-align-center '  itemprop=\"image\" itemscope=\"itemscope\" itemtype=\"https:\/\/schema.org\/ImageObject\"  ><div class='avia-image-container-inner'><div class='avia-image-overlay-wrap'><img decoding=\"async\" class='wp-image-16884 avia-img-lazy-loading-not-16884 avia_image' src=\"https:\/\/radiorevelacionfm.cl\/wp-content\/uploads\/2022\/05\/villa-jara-1_optimized.jpeg\" alt='' title='villa-jara-(1)_optimized' height=\"600\" width=\"800\"  itemprop=\"thumbnailUrl\" srcset=\"https:\/\/radiorevelacionfm.cl\/wp-content\/uploads\/2022\/05\/villa-jara-1_optimized.jpeg 800w, https:\/\/radiorevelacionfm.cl\/wp-content\/uploads\/2022\/05\/villa-jara-1_optimized-300x225.jpeg 300w, https:\/\/radiorevelacionfm.cl\/wp-content\/uploads\/2022\/05\/villa-jara-1_optimized-768x576.jpeg 768w, https:\/\/radiorevelacionfm.cl\/wp-content\/uploads\/2022\/05\/villa-jara-1_optimized-705x529.jpeg 705w, https:\/\/radiorevelacionfm.cl\/wp-content\/uploads\/2022\/05\/villa-jara-1_optimized-600x450.jpeg 600w\" sizes=\"(max-width: 800px) 100vw, 800px\" \/><\/div><\/div><\/div><\/div>\n<div class=\"flex_column av_one_full  flex_column_div av-zero-column-padding first  avia-builder-el-2  el_after_av_one_full  el_before_av_one_full  column-top-margin\" style='border-radius:0px; '><section class=\"av_textblock_section \"  itemscope=\"itemscope\" itemtype=\"https:\/\/schema.org\/BlogPosting\" itemprop=\"blogPost\" ><div class='avia_textblock  '   itemprop=\"text\" ><p style=\"text-align: center;\"><span style=\"font-size: 18pt;\"><strong>Consejo Regional aprueba recursos para la construcci\u00f3n de Agua Potable Rural para vecinas y vecinos de Villa Jara<\/strong><\/span><\/p>\n<div id=\"gtx-trans\" style=\"position: absolute; left: -50px; top: 4.31534px;\">\n<div class=\"gtx-trans-icon\"><\/div>\n<\/div>\n<\/div><\/section><\/div>\n<div class=\"flex_column av_one_full  flex_column_div av-zero-column-padding first  avia-builder-el-4  el_after_av_one_full  el_before_av_hr  column-top-margin\" style='border-radius:0px; '><section class=\"av_textblock_section \"  itemscope=\"itemscope\" itemtype=\"https:\/\/schema.org\/BlogPosting\" itemprop=\"blogPost\" ><div class='avia_textblock  '   itemprop=\"text\" ><p style=\"text-align: justify;\">En la \u00faltima sesi\u00f3n plenaria del Consejo Regional de Ays\u00e9n, se aprob\u00f3 de manera un\u00e1nime el financiamiento para la construcci\u00f3n del Sistema de Agua Potable Rural en Villa Jara, comuna de Coyhaique.<\/p>\n<p style=\"text-align: justify;\">Para la m\u00e1xima autoridad regional, Gobernadora Andrea Mac\u00edas Palma, esta aprobaci\u00f3n va en la l\u00ednea de lo que est\u00e1 tratando de instalar el Gobierno Regional de Ays\u00e9n, en t\u00e9rminos de justicia para todas y todos sus habitantes.<\/p>\n<p style=\"text-align: justify;\">\u00abEstamos muy contentos y comprometidos, porque es un paso para que en toda la regi\u00f3n podamos acceder a servicios b\u00e1sicos que garanticen la calidad de vida de los habitantes de los territorios. En ese sentido estamos muy contentos tras la aprobaci\u00f3n de la construcci\u00f3n del sistema de agua potable rural del sector Villa Jara, un proyecto que va a beneficiar a m\u00e1s de 60 familias que se constituye en un aporte importante que se realiza el Ministerio de Obras P\u00fablicas (MOP) y que es tambi\u00e9n priorizado por nuestro Gobierno Regional de Ays\u00e9n. En ese sentido, reiterar el compromiso del Gobierno Regional y su Consejo en todas aquellas materias que tengan que ver con acceso a servicios b\u00e1sicos que es lo m\u00ednimo que debemos garantizar para toda la familia de nuestra regi\u00f3n\u00bb, coment\u00f3.<\/p>\n<p style=\"text-align: justify;\">Por su parte, la Consejera Regional y presidenta de la Comisi\u00f3n RIMA, Marisol Mart\u00ednez, coincidi\u00f3 en la necesidad de apoyar los esfuerzos sectoriales con recursos del Gobierno Regional para llevar soluciones a los habitantes de la regi\u00f3n.<\/p>\n<p style=\"text-align: justify;\">\u00abEstamos muy felices de poder compartir con sus dirigentes, con don Dagoberto Uribe y quienes lo acompa\u00f1aron en la sesi\u00f3n de ayer y hoy d\u00eda en el plenario, para escuchar estas buenas noticias para 66 familias de ese sector que va a permitir cambiarles la calidad de vida, porque ellos hoy d\u00eda tienen agua pero no es potable, as\u00ed que hoy d\u00eda van a poder comenzar a con este proyecto que se va a desarrollar \u00a0por parte del MOP y la Direcci\u00f3n de Obras Hidr\u00e1ulicas (DOH). Se beneficiar\u00e1 a un grupo importante de familias que est\u00e1n viviendo cerca de Coyhaique\u00bb, afirm\u00f3 el d\u00eda del plenario.<\/p>\n<p style=\"text-align: justify;\">Sin duda se plantea un avance para esta comunidad de la ciudad de Coyhaique. Dagoberto Uribe, uno de los dirigentes de la comunidad, no esconde su felicidad con la noticia realizada.<\/p>\n<p style=\"text-align: justify;\">\u00abLa verdad que es bien feliz tomar una noticia que ya estaba a la espera ya de varios a\u00f1os y todos muy contentos. Estamos muy contentos de que se haya probado este proyecto porque la verdad que ya estaba siendo una necesidad. Nosotros empezamos con muy pocas familias y ah\u00ed hicimos unas instalaciones de aguas con medidas artesanales que funcionaron y funcionan hasta el d\u00eda de hoy. Pero se necesitan mejores instalaciones por c\u00f3mo ha crecido la comunidad, la Villa ya hoy d\u00eda cuenta con m\u00e1s de 100 familias y eso significa tener mejores instalaciones un agua clorada y todo, entonces estamos muy agradecidos tanto del Gobierno Regional como quienes financian este proyecto\u00bb, finaliz\u00f3.<\/p>\n<p style=\"text-align: justify;\">El proyecto se realizar\u00e1 se estima para desarrollarse durante un per\u00edodo de previsi\u00f3n de 20 a\u00f1os con una inversi\u00f3n de setecientos ochenta y un millones de pesos.<\/p>\n<\/div><\/section><\/div><div  style='height:50px' class='hr hr-invisible   avia-builder-el-6  el_after_av_one_full  el_before_av_social_share '><span class='hr-inner ' ><span class='hr-inner-style'><\/span><\/span><\/div><\/p>\n<div  class='av-social-sharing-box  avia-builder-el-7  el_after_av_hr  el_before_av_hr  '><div class='av-share-box'><h5 class='av-share-link-description av-no-toc '>Compartir esta noticia<\/h5><ul class='av-share-box-list noLightbox'><li class='av-share-link av-social-link-facebook' ><a target=\"_blank\" aria-label=\"Compartir en Facebook\" href='https:\/\/www.facebook.com\/sharer.php?u=https:\/\/radiorevelacionfm.cl\/?p=16883&#038;t=Consejo%20Regional%20aprueba%20recursos%20para%20la%20construcci%C3%B3n%20de%20Agua%20Potable%20Rural%20para%20vecinas%20y%20vecinos%20de%20Villa%20Jara' aria-hidden='false' data-av_icon='\ue8f3' data-av_iconfont='entypo-fontello' title='' data-avia-related-tooltip='Compartir en Facebook' rel=\"noopener\"><span class='avia_hidden_link_text'>Compartir en Facebook<\/span><\/a><\/li><li class='av-share-link av-social-link-twitter' ><a target=\"_blank\" aria-label=\"Compartir en Twitter\" href='https:\/\/twitter.com\/share?text=Consejo%20Regional%20aprueba%20recursos%20para%20la%20construcci%C3%B3n%20de%20Agua%20Potable%20Rural%20para%20vecinas%20y%20vecinos%20de%20Villa%20Jara&#038;url=https:\/\/radiorevelacionfm.cl\/?p=16883' aria-hidden='false' data-av_icon='\ue8f1' data-av_iconfont='entypo-fontello' title='' data-avia-related-tooltip='Compartir en Twitter' rel=\"noopener\"><span class='avia_hidden_link_text'>Compartir en Twitter<\/span><\/a><\/li><li class='av-share-link av-social-link-whatsapp' ><a target=\"_blank\" aria-label=\"Compartir en Whatsapp\" href='https:\/\/api.whatsapp.com\/send?text=https:\/\/radiorevelacionfm.cl\/?p=16883' aria-hidden='false' data-av_icon='\uf232' data-av_iconfont='entypo-fontello' title='' data-avia-related-tooltip='Compartir en Whatsapp' rel=\"noopener\"><span class='avia_hidden_link_text'>Compartir en Whatsapp<\/span><\/a><\/li><li class='av-share-link av-social-link-linkedin' ><a target=\"_blank\" aria-label=\"Compartir en LinkedIn\" href='https:\/\/linkedin.com\/shareArticle?mini=true&#038;title=Consejo%20Regional%20aprueba%20recursos%20para%20la%20construcci%C3%B3n%20de%20Agua%20Potable%20Rural%20para%20vecinas%20y%20vecinos%20de%20Villa%20Jara&#038;url=https:\/\/radiorevelacionfm.cl\/?p=16883' aria-hidden='false' data-av_icon='\ue8fc' data-av_iconfont='entypo-fontello' title='' data-avia-related-tooltip='Compartir en LinkedIn' rel=\"noopener\"><span class='avia_hidden_link_text'>Compartir en LinkedIn<\/span><\/a><\/li><li class='av-share-link av-social-link-mail' ><a  aria-label=\"Compartir por correo\" href='mailto:?subject=Consejo%20Regional%20aprueba%20recursos%20para%20la%20construcci%C3%B3n%20de%20Agua%20Potable%20Rural%20para%20vecinas%20y%20vecinos%20de%20Villa%20Jara&#038;body=https:\/\/radiorevelacionfm.cl\/?p=16883' aria-hidden='false' data-av_icon='\ue805' data-av_iconfont='entypo-fontello' title='' data-avia-related-tooltip='Compartir por correo'><span class='avia_hidden_link_text'>Compartir por correo<\/span><\/a><\/li><\/ul><\/div><\/div>\n<div  style='height:50px' class='hr hr-invisible   avia-builder-el-8  el_after_av_social_share  el_before_av_comments_list '><span class='hr-inner ' ><span class='hr-inner-style'><\/span><\/span><\/div>\n<div  class='av-buildercomment  av-blog-meta-html-info-disabled av-blog-meta-tag-disabled  '><\/div>\n","protected":false},"excerpt":{"rendered":"","protected":false},"author":1,"featured_media":16884,"comment_status":"open","ping_status":"open","sticky":false,"template":"","format":"standard","meta":{"footnotes":""},"categories":[38],"tags":[],"class_list":["post-16883","post","type-post","status-publish","format-standard","has-post-thumbnail","hentry","category-regional"],"jetpack_featured_media_url":"https:\/\/radiorevelacionfm.cl\/wp-content\/uploads\/2022\/05\/villa-jara-1_optimized.jpeg","_links":{"self":[{"href":"https:\/\/radiorevelacionfm.cl\/index.php?rest_route=\/wp\/v2\/posts\/16883","targetHints":{"allow":["GET"]}}],"collection":[{"href":"https:\/\/radiorevelacionfm.cl\/index.php?rest_route=\/wp\/v2\/posts"}],"about":[{"href":"https:\/\/radiorevelacionfm.cl\/index.php?rest_route=\/wp\/v2\/types\/post"}],"author":[{"embeddable":true,"href":"https:\/\/radiorevelacionfm.cl\/index.php?rest_route=\/wp\/v2\/users\/1"}],"replies":[{"embeddable":true,"href":"https:\/\/radiorevelacionfm.cl\/index.php?rest_route=%2Fwp%2Fv2%2Fcomments&post=16883"}],"version-history":[{"count":3,"href":"https:\/\/radiorevelacionfm.cl\/index.php?rest_route=\/wp\/v2\/posts\/16883\/revisions"}],"predecessor-version":[{"id":16908,"href":"https:\/\/radiorevelacionfm.cl\/index.php?rest_route=\/wp\/v2\/posts\/16883\/revisions\/16908"}],"wp:featuredmedia":[{"embeddable":true,"href":"https:\/\/radiorevelacionfm.cl\/index.php?rest_route=\/wp\/v2\/media\/16884"}],"wp:attachment":[{"href":"https:\/\/radiorevelacionfm.cl\/index.php?rest_route=%2Fwp%2Fv2%2Fmedia&parent=16883"}],"wp:term":[{"taxonomy":"category","embeddable":true,"href":"https:\/\/radiorevelacionfm.cl\/index.php?rest_route=%2Fwp%2Fv2%2Fcategories&post=16883"},{"taxonomy":"post_tag","embeddable":true,"href":"https:\/\/radiorevelacionfm.cl\/index.php?rest_route=%2Fwp%2Fv2%2Ftags&post=16883"}],"curies":[{"name":"wp","href":"https:\/\/api.w.org\/{rel}","templated":true}]}}