{"id":16877,"date":"2022-05-16T20:13:19","date_gmt":"2022-05-16T23:13:19","guid":{"rendered":"https:\/\/radiorevelacionfm.cl\/?p=16877"},"modified":"2022-05-16T20:13:19","modified_gmt":"2022-05-16T23:13:19","slug":"fiscalizacion-de-pdi-y-aduanas-en-muelle-de-puerto-cisnes-culmina-con-persona-detenida-por-microtrafico","status":"publish","type":"post","link":"https:\/\/radiorevelacionfm.cl\/?p=16877","title":{"rendered":"Fiscalizaci\u00f3n de PDI y Aduanas en muelle de Puerto Cisnes culmina con persona detenida por microtr\u00e1fico"},"content":{"rendered":"<div class=\"flex_column av_one_full  flex_column_div av-zero-column-padding first  avia-builder-el-0  el_before_av_one_full  avia-builder-el-first  \" style='border-radius:0px; '><div  class='avia-image-container  av-styling-    avia-builder-el-1  avia-builder-el-no-sibling  avia-align-center '  itemprop=\"image\" itemscope=\"itemscope\" itemtype=\"https:\/\/schema.org\/ImageObject\"  ><div class='avia-image-container-inner'><div class='avia-image-overlay-wrap'><img decoding=\"async\" class='wp-image-16878 avia-img-lazy-loading-not-16878 avia_image' src=\"https:\/\/radiorevelacionfm.cl\/wp-content\/uploads\/2022\/05\/Fiscalizacion-Puerto-Cisnes-003-1-1.jpg\" alt='' title='Fiscalizaci\u00f3n Puerto Cisnes 003 (1) (1)' height=\"600\" width=\"900\"  itemprop=\"thumbnailUrl\" srcset=\"https:\/\/radiorevelacionfm.cl\/wp-content\/uploads\/2022\/05\/Fiscalizacion-Puerto-Cisnes-003-1-1.jpg 900w, https:\/\/radiorevelacionfm.cl\/wp-content\/uploads\/2022\/05\/Fiscalizacion-Puerto-Cisnes-003-1-1-300x200.jpg 300w, https:\/\/radiorevelacionfm.cl\/wp-content\/uploads\/2022\/05\/Fiscalizacion-Puerto-Cisnes-003-1-1-768x512.jpg 768w, https:\/\/radiorevelacionfm.cl\/wp-content\/uploads\/2022\/05\/Fiscalizacion-Puerto-Cisnes-003-1-1-705x470.jpg 705w, https:\/\/radiorevelacionfm.cl\/wp-content\/uploads\/2022\/05\/Fiscalizacion-Puerto-Cisnes-003-1-1-600x400.jpg 600w\" sizes=\"(max-width: 900px) 100vw, 900px\" \/><\/div><\/div><\/div><\/div><div class=\"flex_column av_one_full  flex_column_div av-zero-column-padding first  avia-builder-el-2  el_after_av_one_full  el_before_av_one_full  column-top-margin\" style='border-radius:0px; '><section class=\"av_textblock_section \"  itemscope=\"itemscope\" itemtype=\"https:\/\/schema.org\/BlogPosting\" itemprop=\"blogPost\" ><div class='avia_textblock  '   itemprop=\"text\" ><p style=\"text-align: center;\"><span style=\"font-size: 18pt;\"><strong>Fiscalizaci\u00f3n de PDI y Aduanas en muelle de Puerto Cisnes culmina con persona detenida por microtr\u00e1fico<\/strong><\/span><\/p>\n<div id=\"gtx-trans\" style=\"position: absolute; left: -50px; top: 4.31534px;\">\n<div class=\"gtx-trans-icon\"><\/div>\n<\/div>\n<\/div><\/section><\/div><div class=\"flex_column av_one_full  flex_column_div av-zero-column-padding first  avia-builder-el-4  el_after_av_one_full  el_before_av_hr  column-top-margin\" style='border-radius:0px; '><section class=\"av_textblock_section \"  itemscope=\"itemscope\" itemtype=\"https:\/\/schema.org\/BlogPosting\" itemprop=\"blogPost\" ><div class='avia_textblock  '   itemprop=\"text\" ><p style=\"text-align: justify;\">Durante la madrugada del s\u00e1bado 14 de mayo, y tras un trabajo coordinado entre personal de la Polic\u00eda de Investigaciones de Chile, el Servicio Nacional de Aduanas y la Armada de Chile se realiz\u00f3 una fiscalizaci\u00f3n en el muelle de Puerto Cisnes para controlar el arribo de la barcaza Queulat, proveniente desde Quell\u00f3n en la Regi\u00f3n de Los Lagos, junto a detectives y funcionarios policiales de la Secci\u00f3n Migraciones y Polic\u00eda Internacional Ays\u00e9n y de la Brigada Antinarc\u00f3ticos y Contra el Crimen Organizado Coyhaique, junto a sus ejemplares caninas Tamar y Hade.<\/p>\n<p style=\"text-align: justify;\">Al respecto, el jefe del Departamento de Fiscalizaci\u00f3n Aduanas de Puerto Ays\u00e9n, Robert Anabal\u00f3n, se\u00f1al\u00f3 que \u201ceste es un trabajo conjunto con la PDI y el objetivo era trabajar de manera colaborativa con las facultades del Servicio Nacional de Aduanas en zona primaria, como resultado se obtuvo la intercepci\u00f3n de sustancias il\u00edcitas como marihuana y coca\u00edna\u201d.<\/p>\n<p style=\"text-align: justify;\">Por su parte, el jefe de la Secci\u00f3n Migraciones y Polic\u00eda Internacional Ays\u00e9n, subcomisario Hans Suazo, indic\u00f3 que \u201cdesde un tiempo a la fecha hemos estado trabajando de manera conjunta con personal de Aduanas y Armada de Chile en el muelle de Puerto Cisnes, principalmente, en lo que son las recaladas de las barcazas que provienen de la Isla de Chilo\u00e9\u201d.<\/p>\n<p style=\"text-align: justify;\">Gracias a un trabajo de an\u00e1lisis entre PDI y Aduanas se desarroll\u00f3 una revista de fondeo con facultades en la zona primaria. \u201cFue as\u00ed que nos trasladamos hasta Puerto Cisnes para controlar la barcaza Queulat, proveniente de Chilo\u00e9, en conjunto con personal de la Brigada Antinarc\u00f3ticos y Contra el Crimen Organizado Coyhaique y personal de la Secci\u00f3n Migraciones y Polic\u00eda Internacional Ays\u00e9n, apoyados por los ejemplares caninos de la BRIANCO\u201d, agreg\u00f3 el subcomisario Hans Suazo.<\/p>\n<p style=\"text-align: justify;\">Tras el exhaustivo control, \u201ccomo resultado se control\u00f3 a seis personas extranjeras, quienes ven\u00edan con su documentaci\u00f3n en regla para su permanencia en el territorio nacional. Del mismo modo, con la ayuda de los canes de la BRIANCO Coyhaique, se logr\u00f3 detectar clorhidrato de coca\u00edna, como as\u00ed tambi\u00e9n cannabis sativa\u201d, detall\u00f3 el jefe de Migraciones Ays\u00e9n, a\u00f1adiendo que se coordin\u00f3 con el Fiscal de Turno, logrando la detenci\u00f3n de una persona de sexo masculino -mayor de edad\u00ad- que fue puesta a disposici\u00f3n de los Tribunales correspondientes.<\/p>\n<p style=\"text-align: justify;\">En base al trabajo desarrollado, se logr\u00f3 la incautaci\u00f3n de 87,5 gramos de cannabis sativa, equivalente a 262.5 dosis, y 109 gramos de clorhidrato de coca\u00edna, lo que equivale a 436 dosis, sustancias il\u00edcitas avaluadas en un total de $3.492.500 por su venta al menudeo en la Regi\u00f3n de Ays\u00e9n.<\/p>\n<\/div><\/section><\/div><div  style='height:50px' class='hr hr-invisible   avia-builder-el-6  el_after_av_one_full  el_before_av_social_share '><span class='hr-inner ' ><span class='hr-inner-style'><\/span><\/span><\/div><\/p>\n<div  class='av-social-sharing-box  avia-builder-el-7  el_after_av_hr  el_before_av_hr  '><div class='av-share-box'><h5 class='av-share-link-description av-no-toc '>Compartir esta noticia<\/h5><ul class='av-share-box-list noLightbox'><li class='av-share-link av-social-link-facebook' ><a target=\"_blank\" aria-label=\"Compartir en Facebook\" href='https:\/\/www.facebook.com\/sharer.php?u=https:\/\/radiorevelacionfm.cl\/?p=16877&#038;t=Fiscalizaci%C3%B3n%20de%20PDI%20y%20Aduanas%20en%20muelle%20de%20Puerto%20Cisnes%20culmina%20con%20persona%20detenida%20por%20microtr%C3%A1fico' aria-hidden='false' data-av_icon='\ue8f3' data-av_iconfont='entypo-fontello' title='' data-avia-related-tooltip='Compartir en Facebook' rel=\"noopener\"><span class='avia_hidden_link_text'>Compartir en Facebook<\/span><\/a><\/li><li class='av-share-link av-social-link-twitter' ><a target=\"_blank\" aria-label=\"Compartir en Twitter\" href='https:\/\/twitter.com\/share?text=Fiscalizaci%C3%B3n%20de%20PDI%20y%20Aduanas%20en%20muelle%20de%20Puerto%20Cisnes%20culmina%20con%20persona%20detenida%20por%20microtr%C3%A1fico&#038;url=https:\/\/radiorevelacionfm.cl\/?p=16877' aria-hidden='false' data-av_icon='\ue8f1' data-av_iconfont='entypo-fontello' title='' data-avia-related-tooltip='Compartir en Twitter' rel=\"noopener\"><span class='avia_hidden_link_text'>Compartir en Twitter<\/span><\/a><\/li><li class='av-share-link av-social-link-whatsapp' ><a target=\"_blank\" aria-label=\"Compartir en Whatsapp\" href='https:\/\/api.whatsapp.com\/send?text=https:\/\/radiorevelacionfm.cl\/?p=16877' aria-hidden='false' data-av_icon='\uf232' data-av_iconfont='entypo-fontello' title='' data-avia-related-tooltip='Compartir en Whatsapp' rel=\"noopener\"><span class='avia_hidden_link_text'>Compartir en Whatsapp<\/span><\/a><\/li><li class='av-share-link av-social-link-linkedin' ><a target=\"_blank\" aria-label=\"Compartir en LinkedIn\" href='https:\/\/linkedin.com\/shareArticle?mini=true&#038;title=Fiscalizaci%C3%B3n%20de%20PDI%20y%20Aduanas%20en%20muelle%20de%20Puerto%20Cisnes%20culmina%20con%20persona%20detenida%20por%20microtr%C3%A1fico&#038;url=https:\/\/radiorevelacionfm.cl\/?p=16877' aria-hidden='false' data-av_icon='\ue8fc' data-av_iconfont='entypo-fontello' title='' data-avia-related-tooltip='Compartir en LinkedIn' rel=\"noopener\"><span class='avia_hidden_link_text'>Compartir en LinkedIn<\/span><\/a><\/li><li class='av-share-link av-social-link-mail' ><a  aria-label=\"Compartir por correo\" href='mailto:?subject=Fiscalizaci%C3%B3n%20de%20PDI%20y%20Aduanas%20en%20muelle%20de%20Puerto%20Cisnes%20culmina%20con%20persona%20detenida%20por%20microtr%C3%A1fico&#038;body=https:\/\/radiorevelacionfm.cl\/?p=16877' aria-hidden='false' data-av_icon='\ue805' data-av_iconfont='entypo-fontello' title='' data-avia-related-tooltip='Compartir por correo'><span class='avia_hidden_link_text'>Compartir por correo<\/span><\/a><\/li><\/ul><\/div><\/div>\n<div  style='height:50px' class='hr hr-invisible   avia-builder-el-8  el_after_av_social_share  el_before_av_comments_list '><span class='hr-inner ' ><span class='hr-inner-style'><\/span><\/span><\/div>\n<div  class='av-buildercomment  av-blog-meta-html-info-disabled av-blog-meta-tag-disabled  '><\/div>\n","protected":false},"excerpt":{"rendered":"","protected":false},"author":1,"featured_media":16878,"comment_status":"open","ping_status":"open","sticky":false,"template":"","format":"standard","meta":{"footnotes":""},"categories":[36],"tags":[],"class_list":["post-16877","post","type-post","status-publish","format-standard","has-post-thumbnail","hentry","category-policial"],"jetpack_featured_media_url":"https:\/\/radiorevelacionfm.cl\/wp-content\/uploads\/2022\/05\/Fiscalizacion-Puerto-Cisnes-003-1-1.jpg","_links":{"self":[{"href":"https:\/\/radiorevelacionfm.cl\/index.php?rest_route=\/wp\/v2\/posts\/16877","targetHints":{"allow":["GET"]}}],"collection":[{"href":"https:\/\/radiorevelacionfm.cl\/index.php?rest_route=\/wp\/v2\/posts"}],"about":[{"href":"https:\/\/radiorevelacionfm.cl\/index.php?rest_route=\/wp\/v2\/types\/post"}],"author":[{"embeddable":true,"href":"https:\/\/radiorevelacionfm.cl\/index.php?rest_route=\/wp\/v2\/users\/1"}],"replies":[{"embeddable":true,"href":"https:\/\/radiorevelacionfm.cl\/index.php?rest_route=%2Fwp%2Fv2%2Fcomments&post=16877"}],"version-history":[{"count":2,"href":"https:\/\/radiorevelacionfm.cl\/index.php?rest_route=\/wp\/v2\/posts\/16877\/revisions"}],"predecessor-version":[{"id":16880,"href":"https:\/\/radiorevelacionfm.cl\/index.php?rest_route=\/wp\/v2\/posts\/16877\/revisions\/16880"}],"wp:featuredmedia":[{"embeddable":true,"href":"https:\/\/radiorevelacionfm.cl\/index.php?rest_route=\/wp\/v2\/media\/16878"}],"wp:attachment":[{"href":"https:\/\/radiorevelacionfm.cl\/index.php?rest_route=%2Fwp%2Fv2%2Fmedia&parent=16877"}],"wp:term":[{"taxonomy":"category","embeddable":true,"href":"https:\/\/radiorevelacionfm.cl\/index.php?rest_route=%2Fwp%2Fv2%2Fcategories&post=16877"},{"taxonomy":"post_tag","embeddable":true,"href":"https:\/\/radiorevelacionfm.cl\/index.php?rest_route=%2Fwp%2Fv2%2Ftags&post=16877"}],"curies":[{"name":"wp","href":"https:\/\/api.w.org\/{rel}","templated":true}]}}