{"id":16869,"date":"2022-05-16T19:45:07","date_gmt":"2022-05-16T22:45:07","guid":{"rendered":"https:\/\/radiorevelacionfm.cl\/?p=16869"},"modified":"2022-05-16T19:45:07","modified_gmt":"2022-05-16T22:45:07","slug":"carolina-martinez-navarrete-jura-como-secretaria-titular-del-juzgado-de-puerto-cisnes","status":"publish","type":"post","link":"https:\/\/radiorevelacionfm.cl\/?p=16869","title":{"rendered":"Carolina  Mart\u00ednez Navarrete jura como secretar\u00eda titular del Juzgado de Puerto Cisnes"},"content":{"rendered":"<div class=\"flex_column av_one_full  flex_column_div av-zero-column-padding first  avia-builder-el-0  el_before_av_one_full  avia-builder-el-first  \" style='border-radius:0px; '><div  class='avia-image-container  av-styling-    avia-builder-el-1  avia-builder-el-no-sibling  avia-align-center '  itemprop=\"image\" itemscope=\"itemscope\" itemtype=\"https:\/\/schema.org\/ImageObject\"  ><div class='avia-image-container-inner'><div class='avia-image-overlay-wrap'><img decoding=\"async\" class='wp-image-16870 avia-img-lazy-loading-not-16870 avia_image' src=\"https:\/\/radiorevelacionfm.cl\/wp-content\/uploads\/2022\/05\/Foto-Carolina-Martinez-1-1.jpg\" alt='' title='Foto Carolina Mart\u00ednez (1) (1)' height=\"600\" width=\"906\"  itemprop=\"thumbnailUrl\" srcset=\"https:\/\/radiorevelacionfm.cl\/wp-content\/uploads\/2022\/05\/Foto-Carolina-Martinez-1-1.jpg 906w, https:\/\/radiorevelacionfm.cl\/wp-content\/uploads\/2022\/05\/Foto-Carolina-Martinez-1-1-300x199.jpg 300w, https:\/\/radiorevelacionfm.cl\/wp-content\/uploads\/2022\/05\/Foto-Carolina-Martinez-1-1-768x509.jpg 768w, https:\/\/radiorevelacionfm.cl\/wp-content\/uploads\/2022\/05\/Foto-Carolina-Martinez-1-1-705x467.jpg 705w, https:\/\/radiorevelacionfm.cl\/wp-content\/uploads\/2022\/05\/Foto-Carolina-Martinez-1-1-600x397.jpg 600w\" sizes=\"(max-width: 906px) 100vw, 906px\" \/><\/div><\/div><\/div><\/div><div class=\"flex_column av_one_full  flex_column_div av-zero-column-padding first  avia-builder-el-2  el_after_av_one_full  el_before_av_one_full  column-top-margin\" style='border-radius:0px; '><section class=\"av_textblock_section \"  itemscope=\"itemscope\" itemtype=\"https:\/\/schema.org\/BlogPosting\" itemprop=\"blogPost\" ><div class='avia_textblock  '   itemprop=\"text\" ><p style=\"text-align: center;\"><strong><span style=\"font-size: 18pt;\">Carolina Mart\u00ednez Navarrete jura como secretar\u00eda titular del Juzgado de Puerto Cisnes<\/span><\/strong><\/p>\n<div id=\"gtx-trans\" style=\"position: absolute; left: -50px; top: 4.31534px;\">\n<div class=\"gtx-trans-icon\"><\/div>\n<\/div>\n<\/div><\/section><\/div><div class=\"flex_column av_one_full  flex_column_div av-zero-column-padding first  avia-builder-el-4  el_after_av_one_full  el_before_av_hr  column-top-margin\" style='border-radius:0px; '><section class=\"av_textblock_section \"  itemscope=\"itemscope\" itemtype=\"https:\/\/schema.org\/BlogPosting\" itemprop=\"blogPost\" ><div class='avia_textblock  '   itemprop=\"text\" ><p class=\"v1MsoNormal\" style=\"text-align: justify;\">El\u00a0 presidente de la Corte de Apelaciones de Coyhaique, ministro Sergio Mora Vallejos, tom\u00f3 juramento hoy- lunes 16 de mayo- a Carolina Mart\u00ednez Navarrete como secretaria titular del Juzgado de Letras, Garant\u00eda y Familia de Puerto Cisnes, instancia desarrollada bajo la modalidad de videoconferencia.<\/p>\n<p class=\"v1MsoNormal\" style=\"text-align: justify;\">En la ceremonia estuvieron presentes los ministros Pedro Castro Espinoza, Jos\u00e9 Ignacio Mora Trujillo y Natalia Rencoret Oliva; funcionarios judiciales, familiares y amigos de la juramentada.<\/p>\n<p class=\"v1MsoNormal\" style=\"text-align: justify;\">Tras culminar la ceremonia, la abogada y asistente social de profesi\u00f3n sostuvo que \u00abel juramento de hoy viene a concretar una serie de suplencias y de interinatos en el escalaf\u00f3n\u00a0 primario del Poder Judicial, que se ven\u00eda produciendo desde hace cinco a\u00f1os. Entonces para m\u00ed este es el logro laboral m\u00e1s importante de mi carrera profesional\u00bb.<\/p>\n<p class=\"v1MsoNormal\" style=\"text-align: justify;\">Agreg\u00f3 que: \u00abEstoy muy agradecida de la Corte de Apelaciones de Coyhaique, que me consider\u00f3 para integrar la terna y finalmente llegar a este nombramiento. Tengo mucha vocaci\u00f3n de trabajo, abogo por el buen trato con todas las personas, en especial con los funcionarios y usuarios. Y finalmente, espero aportar con lo mejor de m\u00ed para la gran labor que significa administrar justicia en la comuna de Puerto Cisnes\u00bb.<\/p>\n<p class=\"v1MsoNormal\" style=\"text-align: justify;\"><b>Carrera profesional<\/b><\/p>\n<p class=\"v1MsoNormal\" style=\"text-align: justify;\">Tras titularse como abogada, en 2015, Carolina Mart\u00ednez efectu\u00f3 diversas suplencias como jueza en los juzgados mixtos de Quell\u00f3n, Cha\u00f1aral, Caldera, La Uni\u00f3n, San Jos\u00e9 de la Mariquina, Cabo de Hornos, Porvenir, Los Muermos, Quirihue, Cochrane y Puerto Ays\u00e9n. Asimismo, cumpli\u00f3 labores en los Tribunales de Juicio Oral en lo Penal de Los \u00c1ngeles y Ca\u00f1ete, y en los juzgados de Garant\u00eda de Lota y Rio Negro. Adem\u00e1s de interinatos en los tribunales de familia de Calama y Ancud, y en los juzgados de Letras de San Carlos y Rio Negro.<\/p>\n<p class=\"v1MsoNormal\" style=\"text-align: justify;\">Asimismo, ha desarrollado post\u00edtulos en tem\u00e1ticas de familia y diversos cursos referentes al \u00e1rea judicial. Actualmente, es alumna del M\u00e1ster en Derecho Penal y Garant\u00edas Constitucionales de la Universidad de Ja\u00e9n, Espa\u00f1a. Y en proceso de trabajo final del M\u00e1ster de Derecho Internacional de Infancia y Adolescencia de la Universidad de Granada del mismo pa\u00eds.<\/p>\n<p class=\"v1MsoNormal\" style=\"text-align: justify;\">En el a\u00f1o 2003, obtuvo su primer t\u00edtulo profesional como asistente social.<\/p>\n<\/div><\/section><\/div><div  style='height:50px' class='hr hr-invisible   avia-builder-el-6  el_after_av_one_full  el_before_av_social_share '><span class='hr-inner ' ><span class='hr-inner-style'><\/span><\/span><\/div><\/p>\n<div  class='av-social-sharing-box  avia-builder-el-7  el_after_av_hr  el_before_av_hr  '><div class='av-share-box'><h5 class='av-share-link-description av-no-toc '>Compartir esta noticia<\/h5><ul class='av-share-box-list noLightbox'><li class='av-share-link av-social-link-facebook' ><a target=\"_blank\" aria-label=\"Compartir en Facebook\" href='https:\/\/www.facebook.com\/sharer.php?u=https:\/\/radiorevelacionfm.cl\/?p=16869&#038;t=Carolina%20%20Mart%C3%ADnez%20Navarrete%20jura%20como%20secretar%C3%ADa%20titular%20del%20Juzgado%20de%20Puerto%20Cisnes' aria-hidden='false' data-av_icon='\ue8f3' data-av_iconfont='entypo-fontello' title='' data-avia-related-tooltip='Compartir en Facebook' rel=\"noopener\"><span class='avia_hidden_link_text'>Compartir en Facebook<\/span><\/a><\/li><li class='av-share-link av-social-link-twitter' ><a target=\"_blank\" aria-label=\"Compartir en Twitter\" href='https:\/\/twitter.com\/share?text=Carolina%20%20Mart%C3%ADnez%20Navarrete%20jura%20como%20secretar%C3%ADa%20titular%20del%20Juzgado%20de%20Puerto%20Cisnes&#038;url=https:\/\/radiorevelacionfm.cl\/?p=16869' aria-hidden='false' data-av_icon='\ue8f1' data-av_iconfont='entypo-fontello' title='' data-avia-related-tooltip='Compartir en Twitter' rel=\"noopener\"><span class='avia_hidden_link_text'>Compartir en Twitter<\/span><\/a><\/li><li class='av-share-link av-social-link-whatsapp' ><a target=\"_blank\" aria-label=\"Compartir en Whatsapp\" href='https:\/\/api.whatsapp.com\/send?text=https:\/\/radiorevelacionfm.cl\/?p=16869' aria-hidden='false' data-av_icon='\uf232' data-av_iconfont='entypo-fontello' title='' data-avia-related-tooltip='Compartir en Whatsapp' rel=\"noopener\"><span class='avia_hidden_link_text'>Compartir en Whatsapp<\/span><\/a><\/li><li class='av-share-link av-social-link-linkedin' ><a target=\"_blank\" aria-label=\"Compartir en LinkedIn\" href='https:\/\/linkedin.com\/shareArticle?mini=true&#038;title=Carolina%20%20Mart%C3%ADnez%20Navarrete%20jura%20como%20secretar%C3%ADa%20titular%20del%20Juzgado%20de%20Puerto%20Cisnes&#038;url=https:\/\/radiorevelacionfm.cl\/?p=16869' aria-hidden='false' data-av_icon='\ue8fc' data-av_iconfont='entypo-fontello' title='' data-avia-related-tooltip='Compartir en LinkedIn' rel=\"noopener\"><span class='avia_hidden_link_text'>Compartir en LinkedIn<\/span><\/a><\/li><li class='av-share-link av-social-link-mail' ><a  aria-label=\"Compartir por correo\" href='mailto:?subject=Carolina%20%20Mart%C3%ADnez%20Navarrete%20jura%20como%20secretar%C3%ADa%20titular%20del%20Juzgado%20de%20Puerto%20Cisnes&#038;body=https:\/\/radiorevelacionfm.cl\/?p=16869' aria-hidden='false' data-av_icon='\ue805' data-av_iconfont='entypo-fontello' title='' data-avia-related-tooltip='Compartir por correo'><span class='avia_hidden_link_text'>Compartir por correo<\/span><\/a><\/li><\/ul><\/div><\/div>\n<div  style='height:50px' class='hr hr-invisible   avia-builder-el-8  el_after_av_social_share  el_before_av_comments_list '><span class='hr-inner ' ><span class='hr-inner-style'><\/span><\/span><\/div>\n<div  class='av-buildercomment  av-blog-meta-html-info-disabled av-blog-meta-tag-disabled  '><\/div>\n","protected":false},"excerpt":{"rendered":"","protected":false},"author":1,"featured_media":16870,"comment_status":"open","ping_status":"open","sticky":false,"template":"","format":"standard","meta":{"footnotes":""},"categories":[55],"tags":[],"class_list":["post-16869","post","type-post","status-publish","format-standard","has-post-thumbnail","hentry","category-justicia"],"jetpack_featured_media_url":"https:\/\/radiorevelacionfm.cl\/wp-content\/uploads\/2022\/05\/Foto-Carolina-Martinez-1-1.jpg","_links":{"self":[{"href":"https:\/\/radiorevelacionfm.cl\/index.php?rest_route=\/wp\/v2\/posts\/16869","targetHints":{"allow":["GET"]}}],"collection":[{"href":"https:\/\/radiorevelacionfm.cl\/index.php?rest_route=\/wp\/v2\/posts"}],"about":[{"href":"https:\/\/radiorevelacionfm.cl\/index.php?rest_route=\/wp\/v2\/types\/post"}],"author":[{"embeddable":true,"href":"https:\/\/radiorevelacionfm.cl\/index.php?rest_route=\/wp\/v2\/users\/1"}],"replies":[{"embeddable":true,"href":"https:\/\/radiorevelacionfm.cl\/index.php?rest_route=%2Fwp%2Fv2%2Fcomments&post=16869"}],"version-history":[{"count":2,"href":"https:\/\/radiorevelacionfm.cl\/index.php?rest_route=\/wp\/v2\/posts\/16869\/revisions"}],"predecessor-version":[{"id":16872,"href":"https:\/\/radiorevelacionfm.cl\/index.php?rest_route=\/wp\/v2\/posts\/16869\/revisions\/16872"}],"wp:featuredmedia":[{"embeddable":true,"href":"https:\/\/radiorevelacionfm.cl\/index.php?rest_route=\/wp\/v2\/media\/16870"}],"wp:attachment":[{"href":"https:\/\/radiorevelacionfm.cl\/index.php?rest_route=%2Fwp%2Fv2%2Fmedia&parent=16869"}],"wp:term":[{"taxonomy":"category","embeddable":true,"href":"https:\/\/radiorevelacionfm.cl\/index.php?rest_route=%2Fwp%2Fv2%2Fcategories&post=16869"},{"taxonomy":"post_tag","embeddable":true,"href":"https:\/\/radiorevelacionfm.cl\/index.php?rest_route=%2Fwp%2Fv2%2Ftags&post=16869"}],"curies":[{"name":"wp","href":"https:\/\/api.w.org\/{rel}","templated":true}]}}