{"id":16866,"date":"2022-05-17T11:32:57","date_gmt":"2022-05-17T14:32:57","guid":{"rendered":"https:\/\/radiorevelacionfm.cl\/?p=16866"},"modified":"2022-05-17T11:32:57","modified_gmt":"2022-05-17T14:32:57","slug":"consultorio-alejandro-gutierrez-inicia-operativo-cardiovascular-en-junta-de-vecinos","status":"publish","type":"post","link":"https:\/\/radiorevelacionfm.cl\/?p=16866","title":{"rendered":"Consultorio Alejandro Guti\u00e9rrez inicia operativo cardiovascular en junta de vecinos"},"content":{"rendered":"<div class=\"flex_column av_one_full  flex_column_div av-zero-column-padding first  avia-builder-el-0  el_before_av_one_full  avia-builder-el-first  \" style='border-radius:0px; '><div  class='avia-image-container  av-styling-    avia-builder-el-1  avia-builder-el-no-sibling  avia-align-center '  itemprop=\"image\" itemscope=\"itemscope\" itemtype=\"https:\/\/schema.org\/ImageObject\"  ><div class='avia-image-container-inner'><div class='avia-image-overlay-wrap'><img decoding=\"async\" class='wp-image-16867 avia-img-lazy-loading-not-16867 avia_image' src=\"https:\/\/radiorevelacionfm.cl\/wp-content\/uploads\/2022\/05\/OPERATIVO-GRAL-MARCHANT-2-1-1.jpeg\" alt='' title='OPERATIVO GRAL MARCHANT (2) (1) (1)' height=\"600\" width=\"800\"  itemprop=\"thumbnailUrl\" srcset=\"https:\/\/radiorevelacionfm.cl\/wp-content\/uploads\/2022\/05\/OPERATIVO-GRAL-MARCHANT-2-1-1.jpeg 800w, https:\/\/radiorevelacionfm.cl\/wp-content\/uploads\/2022\/05\/OPERATIVO-GRAL-MARCHANT-2-1-1-300x225.jpeg 300w, https:\/\/radiorevelacionfm.cl\/wp-content\/uploads\/2022\/05\/OPERATIVO-GRAL-MARCHANT-2-1-1-768x576.jpeg 768w, https:\/\/radiorevelacionfm.cl\/wp-content\/uploads\/2022\/05\/OPERATIVO-GRAL-MARCHANT-2-1-1-705x529.jpeg 705w, https:\/\/radiorevelacionfm.cl\/wp-content\/uploads\/2022\/05\/OPERATIVO-GRAL-MARCHANT-2-1-1-600x450.jpeg 600w\" sizes=\"(max-width: 800px) 100vw, 800px\" \/><\/div><\/div><\/div><\/div><div class=\"flex_column av_one_full  flex_column_div av-zero-column-padding first  avia-builder-el-2  el_after_av_one_full  el_before_av_one_full  column-top-margin\" style='border-radius:0px; '><section class=\"av_textblock_section \"  itemscope=\"itemscope\" itemtype=\"https:\/\/schema.org\/BlogPosting\" itemprop=\"blogPost\" ><div class='avia_textblock  '   itemprop=\"text\" ><p style=\"text-align: center;\"><span style=\"font-size: 18pt;\"><b>Consultorio Alejandro Guti\u00e9rrez inicia operativo cardiovascular en junta de vecinos<\/b><\/span><\/p>\n<div id=\"gtx-trans\" style=\"position: absolute; left: -50px; top: 4.31534px;\">\n<div class=\"gtx-trans-icon\"><\/div>\n<\/div>\n<\/div><\/section><\/div><div class=\"flex_column av_one_full  flex_column_div av-zero-column-padding first  avia-builder-el-4  el_after_av_one_full  el_before_av_hr  column-top-margin\" style='border-radius:0px; '><section class=\"av_textblock_section \"  itemscope=\"itemscope\" itemtype=\"https:\/\/schema.org\/BlogPosting\" itemprop=\"blogPost\" ><div class='avia_textblock  '   itemprop=\"text\" ><p class=\"v1MsoNormal\" style=\"text-align: justify;\">Este lunes se inici\u00f3 la atenci\u00f3n m\u00e9dica comunitaria en la sede de la poblaci\u00f3n General Marchant, en Coyhaique, medida que busca reducir las listas de espera en el marco del programa cardiovascular.<\/p>\n<p class=\"v1MsoNormal\" style=\"text-align: justify;\">De esta manera los vecinos y vecinas del sector podr\u00e1n acudir a calle Per\u00fa 960 entre las 08:30 y 13:00 horas de lunes a viernes, previa citaci\u00f3n del SOME del consultorio Alejandro Guti\u00e9rrez. \u00abMuy bien, es lo mejor, un siete. Es una muy buena idea, porque cuesta mucho ir al consultorio, sobre todo con estas heladas\u00bb, enfatiz\u00f3 Elvira Bahamonde, una de las personas asistentes al operativo m\u00e9dico.<\/p>\n<p class=\"v1MsoNormal\" style=\"text-align: justify;\">\u00abEs un piloto que estamos comenzando y la idea es replicarlo, tenemos falta de espacio en ambos CESFAM y la idea es contar con una mayor infraestructura, por eso agradecemos a la junta de vecinos de poder prestar estos espacios y desarrollar lo que nosotros podemos realizar, que son los controles\u00bb, dijo Gabriel Burgos, Director del Servicio de Salud Ays\u00e9n (SSA).<\/p>\n<p class=\"v1MsoNormal\" style=\"text-align: justify;\">La idea es ir normalizando las atenciones m\u00e9dicas, sobre todo para personas en control con morbilidades. \u00abEstamos retomando los controles cardiovasculares, que faltaron en pandemia y la idea es acercarnos a las comunidades, al igual que lo hicimos con la vacunaci\u00f3n, es una estrategia en la que seguimos avanzando y a trav\u00e9s del CESFAM Alejandro Guti\u00e9rrez hemos podido cristalizar\u00bb, mencion\u00f3 Burgos.<\/p>\n<p class=\"v1MsoNormal\" style=\"text-align: justify;\">Cabe se\u00f1alar que la sede de la poblaci\u00f3n General Marchant es la \u00fanica que cuenta con un box especialmente habilitado para atenci\u00f3n m\u00e9dica. \u00abInvito a aprovechar la sede, es un modelo que hay que resaltar con atenciones comunitarias, con un m\u00e9dico que viene llegando a la regi\u00f3n, con todo el \u00e1mbito comunitario y eso queremos explotarlo ac\u00e1 en la poblaci\u00f3n y los sectores aleda\u00f1os\u00bb, a\u00f1adi\u00f3 Jos\u00e9 Luis Toledo, director del CESFAM Alejandro Guti\u00e9rrez, a cargo del operativo.<\/p>\n<p class=\"v1MsoNormal\" style=\"text-align: justify;\">En estos momentos a nivel del consultorio Alejandro Guti\u00e9rrez son unos 2800 pacientes bajo control cardiovascular, por lo que reducir las listas de espera es prioritario para los pr\u00f3ximos meses. \u00abEsperamos que se mantenga por los menos tres meses y si resulta bien extenderlo con otras prestaciones m\u00e9dicas\u00bb, remat\u00f3.<\/p>\n<p class=\"v1MsoNormal\" style=\"text-align: justify;\">El operativo es posible gracias a la llegada de un m\u00e9dico familiar que atender\u00e1 en la Junta de Vecinos y sectores colindantes a partir de este lunes 16 de mayo.<\/p>\n<\/div><\/section><\/div><div  style='height:50px' class='hr hr-invisible   avia-builder-el-6  el_after_av_one_full  el_before_av_social_share '><span class='hr-inner ' ><span class='hr-inner-style'><\/span><\/span><\/div><\/p>\n<div  class='av-social-sharing-box  avia-builder-el-7  el_after_av_hr  el_before_av_hr  '><div class='av-share-box'><h5 class='av-share-link-description av-no-toc '>Compartir esta noticia<\/h5><ul class='av-share-box-list noLightbox'><li class='av-share-link av-social-link-facebook' ><a target=\"_blank\" aria-label=\"Compartir en Facebook\" href='https:\/\/www.facebook.com\/sharer.php?u=https:\/\/radiorevelacionfm.cl\/?p=16866&#038;t=Consultorio%20Alejandro%20Guti%C3%A9rrez%20inicia%20operativo%20cardiovascular%20en%20junta%20de%20vecinos' aria-hidden='false' data-av_icon='\ue8f3' data-av_iconfont='entypo-fontello' title='' data-avia-related-tooltip='Compartir en Facebook' rel=\"noopener\"><span class='avia_hidden_link_text'>Compartir en Facebook<\/span><\/a><\/li><li class='av-share-link av-social-link-twitter' ><a target=\"_blank\" aria-label=\"Compartir en Twitter\" href='https:\/\/twitter.com\/share?text=Consultorio%20Alejandro%20Guti%C3%A9rrez%20inicia%20operativo%20cardiovascular%20en%20junta%20de%20vecinos&#038;url=https:\/\/radiorevelacionfm.cl\/?p=16866' aria-hidden='false' data-av_icon='\ue8f1' data-av_iconfont='entypo-fontello' title='' data-avia-related-tooltip='Compartir en Twitter' rel=\"noopener\"><span class='avia_hidden_link_text'>Compartir en Twitter<\/span><\/a><\/li><li class='av-share-link av-social-link-whatsapp' ><a target=\"_blank\" aria-label=\"Compartir en Whatsapp\" href='https:\/\/api.whatsapp.com\/send?text=https:\/\/radiorevelacionfm.cl\/?p=16866' aria-hidden='false' data-av_icon='\uf232' data-av_iconfont='entypo-fontello' title='' data-avia-related-tooltip='Compartir en Whatsapp' rel=\"noopener\"><span class='avia_hidden_link_text'>Compartir en Whatsapp<\/span><\/a><\/li><li class='av-share-link av-social-link-linkedin' ><a target=\"_blank\" aria-label=\"Compartir en LinkedIn\" href='https:\/\/linkedin.com\/shareArticle?mini=true&#038;title=Consultorio%20Alejandro%20Guti%C3%A9rrez%20inicia%20operativo%20cardiovascular%20en%20junta%20de%20vecinos&#038;url=https:\/\/radiorevelacionfm.cl\/?p=16866' aria-hidden='false' data-av_icon='\ue8fc' data-av_iconfont='entypo-fontello' title='' data-avia-related-tooltip='Compartir en LinkedIn' rel=\"noopener\"><span class='avia_hidden_link_text'>Compartir en LinkedIn<\/span><\/a><\/li><li class='av-share-link av-social-link-mail' ><a  aria-label=\"Compartir por correo\" href='mailto:?subject=Consultorio%20Alejandro%20Guti%C3%A9rrez%20inicia%20operativo%20cardiovascular%20en%20junta%20de%20vecinos&#038;body=https:\/\/radiorevelacionfm.cl\/?p=16866' aria-hidden='false' data-av_icon='\ue805' data-av_iconfont='entypo-fontello' title='' data-avia-related-tooltip='Compartir por correo'><span class='avia_hidden_link_text'>Compartir por correo<\/span><\/a><\/li><\/ul><\/div><\/div>\n<div  style='height:50px' class='hr hr-invisible   avia-builder-el-8  el_after_av_social_share  el_before_av_comments_list '><span class='hr-inner ' ><span class='hr-inner-style'><\/span><\/span><\/div>\n<div  class='av-buildercomment  av-blog-meta-html-info-disabled av-blog-meta-tag-disabled  '><\/div>\n","protected":false},"excerpt":{"rendered":"","protected":false},"author":1,"featured_media":16867,"comment_status":"open","ping_status":"open","sticky":false,"template":"","format":"standard","meta":{"footnotes":""},"categories":[46],"tags":[],"class_list":["post-16866","post","type-post","status-publish","format-standard","has-post-thumbnail","hentry","category-salud"],"jetpack_featured_media_url":"https:\/\/radiorevelacionfm.cl\/wp-content\/uploads\/2022\/05\/OPERATIVO-GRAL-MARCHANT-2-1-1.jpeg","_links":{"self":[{"href":"https:\/\/radiorevelacionfm.cl\/index.php?rest_route=\/wp\/v2\/posts\/16866","targetHints":{"allow":["GET"]}}],"collection":[{"href":"https:\/\/radiorevelacionfm.cl\/index.php?rest_route=\/wp\/v2\/posts"}],"about":[{"href":"https:\/\/radiorevelacionfm.cl\/index.php?rest_route=\/wp\/v2\/types\/post"}],"author":[{"embeddable":true,"href":"https:\/\/radiorevelacionfm.cl\/index.php?rest_route=\/wp\/v2\/users\/1"}],"replies":[{"embeddable":true,"href":"https:\/\/radiorevelacionfm.cl\/index.php?rest_route=%2Fwp%2Fv2%2Fcomments&post=16866"}],"version-history":[{"count":2,"href":"https:\/\/radiorevelacionfm.cl\/index.php?rest_route=\/wp\/v2\/posts\/16866\/revisions"}],"predecessor-version":[{"id":16881,"href":"https:\/\/radiorevelacionfm.cl\/index.php?rest_route=\/wp\/v2\/posts\/16866\/revisions\/16881"}],"wp:featuredmedia":[{"embeddable":true,"href":"https:\/\/radiorevelacionfm.cl\/index.php?rest_route=\/wp\/v2\/media\/16867"}],"wp:attachment":[{"href":"https:\/\/radiorevelacionfm.cl\/index.php?rest_route=%2Fwp%2Fv2%2Fmedia&parent=16866"}],"wp:term":[{"taxonomy":"category","embeddable":true,"href":"https:\/\/radiorevelacionfm.cl\/index.php?rest_route=%2Fwp%2Fv2%2Fcategories&post=16866"},{"taxonomy":"post_tag","embeddable":true,"href":"https:\/\/radiorevelacionfm.cl\/index.php?rest_route=%2Fwp%2Fv2%2Ftags&post=16866"}],"curies":[{"name":"wp","href":"https:\/\/api.w.org\/{rel}","templated":true}]}}