{"id":16852,"date":"2022-05-16T16:59:10","date_gmt":"2022-05-16T19:59:10","guid":{"rendered":"https:\/\/radiorevelacionfm.cl\/?p=16852"},"modified":"2022-05-16T16:59:10","modified_gmt":"2022-05-16T19:59:10","slug":"de-forma-mancomunada-buscan-avanzar-hacia-la-obtencion-del-rs-de-proyecto-de-reposicion-escuela-despertar","status":"publish","type":"post","link":"https:\/\/radiorevelacionfm.cl\/?p=16852","title":{"rendered":"De forma mancomunada buscan avanzar hacia la obtenci\u00f3n del RS de proyecto de Reposici\u00f3n Escuela Despertar"},"content":{"rendered":"<div class=\"flex_column av_one_full  flex_column_div av-zero-column-padding first  avia-builder-el-0  el_before_av_one_full  avia-builder-el-first  \" style='border-radius:0px; '><div  class='avia-image-container  av-styling-    avia-builder-el-1  avia-builder-el-no-sibling  avia-align-center '  itemprop=\"image\" itemscope=\"itemscope\" itemtype=\"https:\/\/schema.org\/ImageObject\"  ><div class='avia-image-container-inner'><div class='avia-image-overlay-wrap'><img decoding=\"async\" class='wp-image-16853 avia-img-lazy-loading-not-16853 avia_image' src=\"https:\/\/radiorevelacionfm.cl\/wp-content\/uploads\/2022\/05\/280135157_5033774436749510_7799640502556361782_n-1-1.jpg\" alt='' title='280135157_5033774436749510_7799640502556361782_n (1) (1)' height=\"600\" width=\"800\"  itemprop=\"thumbnailUrl\" srcset=\"https:\/\/radiorevelacionfm.cl\/wp-content\/uploads\/2022\/05\/280135157_5033774436749510_7799640502556361782_n-1-1.jpg 800w, https:\/\/radiorevelacionfm.cl\/wp-content\/uploads\/2022\/05\/280135157_5033774436749510_7799640502556361782_n-1-1-300x225.jpg 300w, https:\/\/radiorevelacionfm.cl\/wp-content\/uploads\/2022\/05\/280135157_5033774436749510_7799640502556361782_n-1-1-768x576.jpg 768w, https:\/\/radiorevelacionfm.cl\/wp-content\/uploads\/2022\/05\/280135157_5033774436749510_7799640502556361782_n-1-1-705x529.jpg 705w, https:\/\/radiorevelacionfm.cl\/wp-content\/uploads\/2022\/05\/280135157_5033774436749510_7799640502556361782_n-1-1-600x450.jpg 600w\" sizes=\"(max-width: 800px) 100vw, 800px\" \/><\/div><\/div><\/div><\/div><div class=\"flex_column av_one_full  flex_column_div av-zero-column-padding first  avia-builder-el-2  el_after_av_one_full  el_before_av_one_full  column-top-margin\" style='border-radius:0px; '><section class=\"av_textblock_section \"  itemscope=\"itemscope\" itemtype=\"https:\/\/schema.org\/BlogPosting\" itemprop=\"blogPost\" ><div class='avia_textblock  '   itemprop=\"text\" ><p style=\"text-align: center;\"><strong><span style=\"font-size: 18pt;\">De forma mancomunada buscan avanzar hacia la obtenci\u00f3n del RS de proyecto de Reposici\u00f3n Escuela Despertar <\/span><\/strong><\/p>\n<div id=\"gtx-trans\" style=\"position: absolute; left: -50px; top: 4.31534px;\">\n<div class=\"gtx-trans-icon\"><\/div>\n<\/div>\n<\/div><\/section><\/div><div class=\"flex_column av_one_full  flex_column_div av-zero-column-padding first  avia-builder-el-4  el_after_av_one_full  el_before_av_hr  column-top-margin\" style='border-radius:0px; '><section class=\"av_textblock_section \"  itemscope=\"itemscope\" itemtype=\"https:\/\/schema.org\/BlogPosting\" itemprop=\"blogPost\" ><div class='avia_textblock  '   itemprop=\"text\" ><p style=\"text-align: justify;\">\u201cLa gracia de venir a presentar este proyecto, que por mucho tiempo estuvo entrampado, es el poder conocer de primera fuente las inquietudes y aprehensiones por parte del Consejo Regional, y as\u00ed tener la claridad de cu\u00e1les son nuestras debilidades en esta tremenda iniciativa que de todas maneras vamos a continuar\u201d, manifest\u00f3 el alcalde de Ays\u00e9n, Julio Uribe, una vez desarrollada la presentaci\u00f3n ante la Comisi\u00f3n de Desarrollo Social, Cultural y Deportivo del Consejo Regional de Ays\u00e9n respecto al avance del proyecto de Reposici\u00f3n de la escuela Despertar en Puerto Ays\u00e9n.<\/p>\n<p style=\"text-align: justify;\">De esta manera, el edil arrib\u00f3 hasta la capital regional acompa\u00f1ado de la directora de la Secretar\u00eda Comunal de Planificaci\u00f3n, Roc\u00edo B\u00f3rquez; la directora de Educaci\u00f3n Municipal, Tamara Villegas; la directora de la escuela Despertar, Claudia Retamal, junto a apoderados del establecimiento educacional, entre los que destac\u00f3 el Delegado Presidencial Provincial, Jorge Salfate; y los concejales Gabriel Mu\u00f1oz y Jorge Figueroa.<\/p>\n<p style=\"text-align: justify;\">Instancia en la que dieron a conocer esta iniciativa, cuyo dise\u00f1o se encuentra aprobado por parte del ministerio de Educaci\u00f3n y en que se est\u00e1 a la espera de la Recomendaci\u00f3n Favorable por parte del ministerio de Desarrollo Social para, posteriormente, buscar los recursos necesarios para su financiamiento por el Fondo Nacional de Desarrollo Regional, FNDR.<\/p>\n<p style=\"text-align: justify;\">Al respecto, \u201cagradecer la presencia hoy de la seremi de MIDESO, Karina Acevedo, y su equipo de trabajo. Quedamos con la seremi para la pr\u00f3xima semana hacer una reuni\u00f3n de trabajo y avanzar as\u00ed en las \u00faltimas observaciones que nos quedan, las cuales pretendemos subsanar y poder lograr el RS en las pr\u00f3ximas semanas. No vamos a dejar pasar m\u00e1s all\u00e1 porque esta es una necesidad gigante que tienen nuestros ni\u00f1os, y vamos a hacer todos los esfuerzos necesarios para solucionar y avanzar a la brevedad\u201d, agreg\u00f3 Uribe Alvarado.<\/p>\n<p style=\"text-align: justify;\">Por su parte, Ver\u00f3nica Brito -apoderada del establecimiento educacional- se\u00f1al\u00f3 de forma enf\u00e1tica que \u201cdesde hace muchos a\u00f1os nosotros anhelamos tener un recinto nuevo porque siempre hemos sido los hermanos pobres de la educaci\u00f3n en la comuna de Ays\u00e9n. En este momento ya tenemos 56 alumnos en la escuela, y no podemos seguir esperando. Estamos desde el 2016 esperando la nueva construcci\u00f3n de la escuela, estamos en 2022. De las cosas t\u00e9cnicas no s\u00e9 mucho, pero lo importante son nuestros hijos e hijas, as\u00ed que esperamos de aqu\u00ed a un par de semanas, podamos tener humo blanco\u201d.<\/p>\n<p style=\"text-align: justify;\">Indicar que la iniciativa de reposici\u00f3n -gestionada por la Unidad de proyectos de la Direcci\u00f3n de Educaci\u00f3n Municipal, por un monto cercano a los M$5.000.000-, se emplazar\u00e1 en el mismo terreno donde la escuela Despertar se ubica actualmente en Puerto Ays\u00e9n y contar\u00e1 con una superficie estimada de 2.500 m2. El dise\u00f1o est\u00e1 conformado por una estructura mixta, de acero y hormig\u00f3n armado, en torno a un patio central de juegos. Entre los recintos destacan los talleres de especialidad; como lavander\u00eda y cocina, un invernadero adosado de policarbonato, sala de fisioterapia, hidroterapia, biblioteca interactiva, que ser\u00e1 el nuevo hogar de este establecimiento, \u00fanico en la comuna de Ays\u00e9n que atiende de manera exclusiva a alumnos con capacidades diferentes y cuyo objetivo central es otorgar una mejor calidad de vida a sus estudiantes, adem\u00e1s de entregar una arquitectura atractiva que aporte al urbanismo de la capital comunal.<\/p>\n<\/div><\/section><\/div><div  style='height:50px' class='hr hr-invisible   avia-builder-el-6  el_after_av_one_full  el_before_av_social_share '><span class='hr-inner ' ><span class='hr-inner-style'><\/span><\/span><\/div><\/p>\n<div  class='av-social-sharing-box  avia-builder-el-7  el_after_av_hr  el_before_av_hr  '><div class='av-share-box'><h5 class='av-share-link-description av-no-toc '>Compartir esta noticia<\/h5><ul class='av-share-box-list noLightbox'><li class='av-share-link av-social-link-facebook' ><a target=\"_blank\" aria-label=\"Compartir en Facebook\" href='https:\/\/www.facebook.com\/sharer.php?u=https:\/\/radiorevelacionfm.cl\/?p=16852&#038;t=De%20forma%20mancomunada%20buscan%20avanzar%20hacia%20la%20obtenci%C3%B3n%20del%20RS%20de%20proyecto%20de%20Reposici%C3%B3n%20Escuela%20Despertar' aria-hidden='false' data-av_icon='\ue8f3' data-av_iconfont='entypo-fontello' title='' data-avia-related-tooltip='Compartir en Facebook' rel=\"noopener\"><span class='avia_hidden_link_text'>Compartir en Facebook<\/span><\/a><\/li><li class='av-share-link av-social-link-twitter' ><a target=\"_blank\" aria-label=\"Compartir en Twitter\" href='https:\/\/twitter.com\/share?text=De%20forma%20mancomunada%20buscan%20avanzar%20hacia%20la%20obtenci%C3%B3n%20del%20RS%20de%20proyecto%20de%20Reposici%C3%B3n%20Escuela%20Despertar&#038;url=https:\/\/radiorevelacionfm.cl\/?p=16852' aria-hidden='false' data-av_icon='\ue8f1' data-av_iconfont='entypo-fontello' title='' data-avia-related-tooltip='Compartir en Twitter' rel=\"noopener\"><span class='avia_hidden_link_text'>Compartir en Twitter<\/span><\/a><\/li><li class='av-share-link av-social-link-whatsapp' ><a target=\"_blank\" aria-label=\"Compartir en Whatsapp\" href='https:\/\/api.whatsapp.com\/send?text=https:\/\/radiorevelacionfm.cl\/?p=16852' aria-hidden='false' data-av_icon='\uf232' data-av_iconfont='entypo-fontello' title='' data-avia-related-tooltip='Compartir en Whatsapp' rel=\"noopener\"><span class='avia_hidden_link_text'>Compartir en Whatsapp<\/span><\/a><\/li><li class='av-share-link av-social-link-linkedin' ><a target=\"_blank\" aria-label=\"Compartir en LinkedIn\" href='https:\/\/linkedin.com\/shareArticle?mini=true&#038;title=De%20forma%20mancomunada%20buscan%20avanzar%20hacia%20la%20obtenci%C3%B3n%20del%20RS%20de%20proyecto%20de%20Reposici%C3%B3n%20Escuela%20Despertar&#038;url=https:\/\/radiorevelacionfm.cl\/?p=16852' aria-hidden='false' data-av_icon='\ue8fc' data-av_iconfont='entypo-fontello' title='' data-avia-related-tooltip='Compartir en LinkedIn' rel=\"noopener\"><span class='avia_hidden_link_text'>Compartir en LinkedIn<\/span><\/a><\/li><li class='av-share-link av-social-link-mail' ><a  aria-label=\"Compartir por correo\" href='mailto:?subject=De%20forma%20mancomunada%20buscan%20avanzar%20hacia%20la%20obtenci%C3%B3n%20del%20RS%20de%20proyecto%20de%20Reposici%C3%B3n%20Escuela%20Despertar&#038;body=https:\/\/radiorevelacionfm.cl\/?p=16852' aria-hidden='false' data-av_icon='\ue805' data-av_iconfont='entypo-fontello' title='' data-avia-related-tooltip='Compartir por correo'><span class='avia_hidden_link_text'>Compartir por correo<\/span><\/a><\/li><\/ul><\/div><\/div>\n<div  style='height:50px' class='hr hr-invisible   avia-builder-el-8  el_after_av_social_share  el_before_av_comments_list '><span class='hr-inner ' ><span class='hr-inner-style'><\/span><\/span><\/div>\n<div  class='av-buildercomment  av-blog-meta-html-info-disabled av-blog-meta-tag-disabled  '><\/div>\n","protected":false},"excerpt":{"rendered":"","protected":false},"author":1,"featured_media":16853,"comment_status":"open","ping_status":"open","sticky":false,"template":"","format":"standard","meta":{"footnotes":""},"categories":[49,35,38],"tags":[],"class_list":["post-16852","post","type-post","status-publish","format-standard","has-post-thumbnail","hentry","category-educacion","category-politica","category-regional"],"jetpack_featured_media_url":"https:\/\/radiorevelacionfm.cl\/wp-content\/uploads\/2022\/05\/280135157_5033774436749510_7799640502556361782_n-1-1.jpg","_links":{"self":[{"href":"https:\/\/radiorevelacionfm.cl\/index.php?rest_route=\/wp\/v2\/posts\/16852","targetHints":{"allow":["GET"]}}],"collection":[{"href":"https:\/\/radiorevelacionfm.cl\/index.php?rest_route=\/wp\/v2\/posts"}],"about":[{"href":"https:\/\/radiorevelacionfm.cl\/index.php?rest_route=\/wp\/v2\/types\/post"}],"author":[{"embeddable":true,"href":"https:\/\/radiorevelacionfm.cl\/index.php?rest_route=\/wp\/v2\/users\/1"}],"replies":[{"embeddable":true,"href":"https:\/\/radiorevelacionfm.cl\/index.php?rest_route=%2Fwp%2Fv2%2Fcomments&post=16852"}],"version-history":[{"count":2,"href":"https:\/\/radiorevelacionfm.cl\/index.php?rest_route=\/wp\/v2\/posts\/16852\/revisions"}],"predecessor-version":[{"id":16863,"href":"https:\/\/radiorevelacionfm.cl\/index.php?rest_route=\/wp\/v2\/posts\/16852\/revisions\/16863"}],"wp:featuredmedia":[{"embeddable":true,"href":"https:\/\/radiorevelacionfm.cl\/index.php?rest_route=\/wp\/v2\/media\/16853"}],"wp:attachment":[{"href":"https:\/\/radiorevelacionfm.cl\/index.php?rest_route=%2Fwp%2Fv2%2Fmedia&parent=16852"}],"wp:term":[{"taxonomy":"category","embeddable":true,"href":"https:\/\/radiorevelacionfm.cl\/index.php?rest_route=%2Fwp%2Fv2%2Fcategories&post=16852"},{"taxonomy":"post_tag","embeddable":true,"href":"https:\/\/radiorevelacionfm.cl\/index.php?rest_route=%2Fwp%2Fv2%2Ftags&post=16852"}],"curies":[{"name":"wp","href":"https:\/\/api.w.org\/{rel}","templated":true}]}}