{"id":16844,"date":"2022-05-16T13:23:49","date_gmt":"2022-05-16T16:23:49","guid":{"rendered":"https:\/\/radiorevelacionfm.cl\/?p=16844"},"modified":"2022-05-16T13:23:49","modified_gmt":"2022-05-16T16:23:49","slug":"establecida-en-chile-chico-mesa-de-conectividad-de-la-provincia-general-carrera","status":"publish","type":"post","link":"https:\/\/radiorevelacionfm.cl\/?p=16844","title":{"rendered":"Establecida en Chile Chico Mesa de  Conectividad de la provincia General Carrera"},"content":{"rendered":"<div class=\"flex_column av_one_full  flex_column_div av-zero-column-padding first  avia-builder-el-0  el_before_av_one_full  avia-builder-el-first  \" style='border-radius:0px; '><div  class='avia-image-container  av-styling-    avia-builder-el-1  avia-builder-el-no-sibling  avia-align-center '  itemprop=\"image\" itemscope=\"itemscope\" itemtype=\"https:\/\/schema.org\/ImageObject\"  ><div class='avia-image-container-inner'><div class='avia-image-overlay-wrap'><img decoding=\"async\" class='wp-image-16845 avia-img-lazy-loading-not-16845 avia_image' src=\"https:\/\/radiorevelacionfm.cl\/wp-content\/uploads\/2022\/05\/20220512_182319-1-1.jpg\" alt='' title='20220512_182319 (1) (1)' height=\"600\" width=\"891\"  itemprop=\"thumbnailUrl\" srcset=\"https:\/\/radiorevelacionfm.cl\/wp-content\/uploads\/2022\/05\/20220512_182319-1-1.jpg 891w, https:\/\/radiorevelacionfm.cl\/wp-content\/uploads\/2022\/05\/20220512_182319-1-1-300x202.jpg 300w, https:\/\/radiorevelacionfm.cl\/wp-content\/uploads\/2022\/05\/20220512_182319-1-1-768x517.jpg 768w, https:\/\/radiorevelacionfm.cl\/wp-content\/uploads\/2022\/05\/20220512_182319-1-1-705x475.jpg 705w, https:\/\/radiorevelacionfm.cl\/wp-content\/uploads\/2022\/05\/20220512_182319-1-1-600x404.jpg 600w\" sizes=\"(max-width: 891px) 100vw, 891px\" \/><\/div><\/div><\/div><\/div><div class=\"flex_column av_one_full  flex_column_div av-zero-column-padding first  avia-builder-el-2  el_after_av_one_full  el_before_av_one_full  column-top-margin\" style='border-radius:0px; '><section class=\"av_textblock_section \"  itemscope=\"itemscope\" itemtype=\"https:\/\/schema.org\/BlogPosting\" itemprop=\"blogPost\" ><div class='avia_textblock  '   itemprop=\"text\" ><p style=\"font-weight: 400; text-align: center;\"><span style=\"font-size: 18pt;\"><strong>Establecida en Chile Chico Mesa de\u00a0<\/strong><strong>Conectividad de la provincia General Carrera<\/strong><\/span><\/p>\n<div id=\"gtx-trans\" style=\"position: absolute; left: -50px; top: 4.31534px;\">\n<div class=\"gtx-trans-icon\"><\/div>\n<\/div>\n<\/div><\/section><\/div><div class=\"flex_column av_one_full  flex_column_div av-zero-column-padding first  avia-builder-el-4  el_after_av_one_full  el_before_av_hr  column-top-margin\" style='border-radius:0px; '><section class=\"av_textblock_section \"  itemscope=\"itemscope\" itemtype=\"https:\/\/schema.org\/BlogPosting\" itemprop=\"blogPost\" ><div class='avia_textblock  '   itemprop=\"text\" ><p style=\"font-weight: 400; text-align: justify;\">La Mesa de Conectividad de la provincia General Carrera se constituy\u00f3 este jueves en Chile Chico, en el marco del trabajo conjunto entre instituciones p\u00fablicas y la comunidad para avanzar en alternativas de normalizaci\u00f3n del tr\u00e1nsito desde y hacia ese territorio lacustre.<\/p>\n<p style=\"font-weight: 400; text-align: justify;\">La instancia fue uno los compromisos adquiridos durante la visita del subsecretario de Transportes, Crist\u00f3bal Pineda, siendo encabezada por el Delegado Presidencial Regional, Rodrigo Araya, acompa\u00f1ado por el Delegado Presidencial Provincial, Daniel Fern\u00e1ndez, y los seremis de Transportes, Claudia Cantero, y MOP, Patricio Sanhueza.<\/p>\n<p style=\"font-weight: 400; text-align: justify;\">La jornada congreg\u00f3 a cerca de 30 personas, quienes trabajaron por m\u00e1s de cuatro horas en aspectos relacionados con la conectividad lacustre y terrestre, entre otros aspectos.<\/p>\n<p style=\"font-weight: 400; text-align: justify;\">\u201cPudimos presentar la informaci\u00f3n que est\u00e1 pidiendo la comunidad y la situaci\u00f3n actual de lo que est\u00e1 pasando en conectividad, tanto lacustre -con todo lo que ha pasado con las barcazas, el escenario en el que estamos, la proyecci\u00f3n a futuro- y la conectividad terrestre, en relaci\u00f3n a todo lo que se est\u00e1 avanzando con respecto a la ruta 265. Hay una serie de cosas que tenemos que seguir conversando y es fundamental para nosotros como gobierno que las personas participen, que la comunidad est\u00e9 representada\u201d, recalc\u00f3 Rodrigo Araya al t\u00e9rmino de la jornada.<\/p>\n<p style=\"font-weight: 400; text-align: justify;\">Entre los asistentes, Juan Mercegu\u00e9 se manifest\u00f3 conforme con el proceso. \u201cEs tremendamente positivo, es la primera reuni\u00f3n que se da con estas caracter\u00edsticas desde la venida y el compromiso asumido por el subsecretario de Transportes. Hoy d\u00eda ha sido encabezada por el Delegado Presidencial Regional y nos ha conducido a dejar un ambiente muy positivo y esperanzador ante los diversos problemas que hemos tenido de conectividad. Hoy se ha hablado de plazos, montos, compromisos y de tareas, por supuesto, que hay que trabajar\u201d, indic\u00f3.<\/p>\n<p style=\"font-weight: 400; text-align: justify;\">La seremi de Transportes, Claudia Cantero, indic\u00f3 que \u201cpudimos ahondar y dar a conocer a la comunidad, algunos aspectos relacionados con el servicio lacustre, para ir mejorando las condiciones de las personas que viajan, el subsidio a\u00e9reo y, la segunda semana de junio, trabajar en lo que ser\u00e1n las bases administrativas que ser\u00e1n licitadas en siete meses m\u00e1s, para contar con un operador que vuelva a gestionar las barcazas del Lago General Carrera. Esperamos que con la instalaci\u00f3n de esta mesa y con la generaci\u00f3n de estas bases participativas, puedan llegar m\u00e1s oferentes a trabajar a la zona lacustre\u201d.<\/p>\n<p style=\"font-weight: 400; text-align: justify;\">El seremi del MOP, Patricio Sanhueza sintetiz\u00f3 que \u201cvinimos a dar respuesta a una serie de demandas de la comunidad organizada. Tuvimos oportunidad de comunicar las acciones que se est\u00e1n tomando respecto de la nave La Tehuelche y de la Ruta 265 CH, todas las obras proyectadas y estamos trabajando arduamente por lograr tener un contrato 2023 de pavimentaci\u00f3n El Mait\u00e9n a Puerto Guadal y avanzar en el cobertizo en la zona de Paso Las Llaves\u201d, concluy\u00f3.<\/p>\n<p style=\"font-weight: 400; text-align: justify;\">Por razones sanitarias y de aforo, las reuniones considerar\u00e1n distintos grupos de trabajo para ir avanzando de manera conjunta y por etapas, a fin de informar y escuchar a todos los sectores de las comunidades.<\/p>\n<\/div><\/section><\/div><div  style='height:50px' class='hr hr-invisible   avia-builder-el-6  el_after_av_one_full  el_before_av_social_share '><span class='hr-inner ' ><span class='hr-inner-style'><\/span><\/span><\/div><\/p>\n<div  class='av-social-sharing-box  avia-builder-el-7  el_after_av_hr  el_before_av_hr  '><div class='av-share-box'><h5 class='av-share-link-description av-no-toc '>Compartir esta noticia<\/h5><ul class='av-share-box-list noLightbox'><li class='av-share-link av-social-link-facebook' ><a target=\"_blank\" aria-label=\"Compartir en Facebook\" href='https:\/\/www.facebook.com\/sharer.php?u=https:\/\/radiorevelacionfm.cl\/?p=16844&#038;t=Establecida%20en%20Chile%20Chico%20Mesa%20de%20%20Conectividad%20de%20la%20provincia%20General%20Carrera' aria-hidden='false' data-av_icon='\ue8f3' data-av_iconfont='entypo-fontello' title='' data-avia-related-tooltip='Compartir en Facebook' rel=\"noopener\"><span class='avia_hidden_link_text'>Compartir en Facebook<\/span><\/a><\/li><li class='av-share-link av-social-link-twitter' ><a target=\"_blank\" aria-label=\"Compartir en Twitter\" href='https:\/\/twitter.com\/share?text=Establecida%20en%20Chile%20Chico%20Mesa%20de%20%20Conectividad%20de%20la%20provincia%20General%20Carrera&#038;url=https:\/\/radiorevelacionfm.cl\/?p=16844' aria-hidden='false' data-av_icon='\ue8f1' data-av_iconfont='entypo-fontello' title='' data-avia-related-tooltip='Compartir en Twitter' rel=\"noopener\"><span class='avia_hidden_link_text'>Compartir en Twitter<\/span><\/a><\/li><li class='av-share-link av-social-link-whatsapp' ><a target=\"_blank\" aria-label=\"Compartir en Whatsapp\" href='https:\/\/api.whatsapp.com\/send?text=https:\/\/radiorevelacionfm.cl\/?p=16844' aria-hidden='false' data-av_icon='\uf232' data-av_iconfont='entypo-fontello' title='' data-avia-related-tooltip='Compartir en Whatsapp' rel=\"noopener\"><span class='avia_hidden_link_text'>Compartir en Whatsapp<\/span><\/a><\/li><li class='av-share-link av-social-link-linkedin' ><a target=\"_blank\" aria-label=\"Compartir en LinkedIn\" href='https:\/\/linkedin.com\/shareArticle?mini=true&#038;title=Establecida%20en%20Chile%20Chico%20Mesa%20de%20%20Conectividad%20de%20la%20provincia%20General%20Carrera&#038;url=https:\/\/radiorevelacionfm.cl\/?p=16844' aria-hidden='false' data-av_icon='\ue8fc' data-av_iconfont='entypo-fontello' title='' data-avia-related-tooltip='Compartir en LinkedIn' rel=\"noopener\"><span class='avia_hidden_link_text'>Compartir en LinkedIn<\/span><\/a><\/li><li class='av-share-link av-social-link-mail' ><a  aria-label=\"Compartir por correo\" href='mailto:?subject=Establecida%20en%20Chile%20Chico%20Mesa%20de%20%20Conectividad%20de%20la%20provincia%20General%20Carrera&#038;body=https:\/\/radiorevelacionfm.cl\/?p=16844' aria-hidden='false' data-av_icon='\ue805' data-av_iconfont='entypo-fontello' title='' data-avia-related-tooltip='Compartir por correo'><span class='avia_hidden_link_text'>Compartir por correo<\/span><\/a><\/li><\/ul><\/div><\/div>\n<div  style='height:50px' class='hr hr-invisible   avia-builder-el-8  el_after_av_social_share  el_before_av_comments_list '><span class='hr-inner ' ><span class='hr-inner-style'><\/span><\/span><\/div>\n<div  class='av-buildercomment  av-blog-meta-html-info-disabled av-blog-meta-tag-disabled  '><\/div>\n","protected":false},"excerpt":{"rendered":"","protected":false},"author":1,"featured_media":16845,"comment_status":"open","ping_status":"open","sticky":false,"template":"","format":"standard","meta":{"footnotes":""},"categories":[38],"tags":[],"class_list":["post-16844","post","type-post","status-publish","format-standard","has-post-thumbnail","hentry","category-regional"],"jetpack_featured_media_url":"https:\/\/radiorevelacionfm.cl\/wp-content\/uploads\/2022\/05\/20220512_182319-1-1.jpg","_links":{"self":[{"href":"https:\/\/radiorevelacionfm.cl\/index.php?rest_route=\/wp\/v2\/posts\/16844","targetHints":{"allow":["GET"]}}],"collection":[{"href":"https:\/\/radiorevelacionfm.cl\/index.php?rest_route=\/wp\/v2\/posts"}],"about":[{"href":"https:\/\/radiorevelacionfm.cl\/index.php?rest_route=\/wp\/v2\/types\/post"}],"author":[{"embeddable":true,"href":"https:\/\/radiorevelacionfm.cl\/index.php?rest_route=\/wp\/v2\/users\/1"}],"replies":[{"embeddable":true,"href":"https:\/\/radiorevelacionfm.cl\/index.php?rest_route=%2Fwp%2Fv2%2Fcomments&post=16844"}],"version-history":[{"count":2,"href":"https:\/\/radiorevelacionfm.cl\/index.php?rest_route=\/wp\/v2\/posts\/16844\/revisions"}],"predecessor-version":[{"id":16847,"href":"https:\/\/radiorevelacionfm.cl\/index.php?rest_route=\/wp\/v2\/posts\/16844\/revisions\/16847"}],"wp:featuredmedia":[{"embeddable":true,"href":"https:\/\/radiorevelacionfm.cl\/index.php?rest_route=\/wp\/v2\/media\/16845"}],"wp:attachment":[{"href":"https:\/\/radiorevelacionfm.cl\/index.php?rest_route=%2Fwp%2Fv2%2Fmedia&parent=16844"}],"wp:term":[{"taxonomy":"category","embeddable":true,"href":"https:\/\/radiorevelacionfm.cl\/index.php?rest_route=%2Fwp%2Fv2%2Fcategories&post=16844"},{"taxonomy":"post_tag","embeddable":true,"href":"https:\/\/radiorevelacionfm.cl\/index.php?rest_route=%2Fwp%2Fv2%2Ftags&post=16844"}],"curies":[{"name":"wp","href":"https:\/\/api.w.org\/{rel}","templated":true}]}}