{"id":16840,"date":"2022-05-16T16:25:44","date_gmt":"2022-05-16T19:25:44","guid":{"rendered":"https:\/\/radiorevelacionfm.cl\/?p=16840"},"modified":"2022-05-16T16:25:44","modified_gmt":"2022-05-16T19:25:44","slug":"seremi-y-equipo-tecnico-de-educacion-realizaron-jornada-de-trabajo-en-terreno-en-la-comuna-de-aysen-sobre-convivencia-escolar","status":"publish","type":"post","link":"https:\/\/radiorevelacionfm.cl\/?p=16840","title":{"rendered":"Seremi y equipo t\u00e9cnico de Educaci\u00f3n realizaron jornada de trabajo en terreno en la comuna de Ays\u00e9n sobre Convivencia Escolar"},"content":{"rendered":"<div class=\"flex_column av_one_full  flex_column_div av-zero-column-padding first  avia-builder-el-0  el_before_av_one_full  avia-builder-el-first  \" style='border-radius:0px; '><div  class='avia-image-container  av-styling-    avia-builder-el-1  avia-builder-el-no-sibling  avia-align-center '  itemprop=\"image\" itemscope=\"itemscope\" itemtype=\"https:\/\/schema.org\/ImageObject\"  ><div class='avia-image-container-inner'><div class='avia-image-overlay-wrap'><img decoding=\"async\" class='wp-image-16841 avia-img-lazy-loading-not-16841 avia_image' src=\"https:\/\/radiorevelacionfm.cl\/wp-content\/uploads\/2022\/05\/Visita-en-terreno-Esc-Chacabuco-1-1.jpeg\" alt='' title='Visita en terreno Esc Chacabuco (1) (1)' height=\"600\" width=\"800\"  itemprop=\"thumbnailUrl\" srcset=\"https:\/\/radiorevelacionfm.cl\/wp-content\/uploads\/2022\/05\/Visita-en-terreno-Esc-Chacabuco-1-1.jpeg 800w, https:\/\/radiorevelacionfm.cl\/wp-content\/uploads\/2022\/05\/Visita-en-terreno-Esc-Chacabuco-1-1-300x225.jpeg 300w, https:\/\/radiorevelacionfm.cl\/wp-content\/uploads\/2022\/05\/Visita-en-terreno-Esc-Chacabuco-1-1-768x576.jpeg 768w, https:\/\/radiorevelacionfm.cl\/wp-content\/uploads\/2022\/05\/Visita-en-terreno-Esc-Chacabuco-1-1-705x529.jpeg 705w, https:\/\/radiorevelacionfm.cl\/wp-content\/uploads\/2022\/05\/Visita-en-terreno-Esc-Chacabuco-1-1-600x450.jpeg 600w\" sizes=\"(max-width: 800px) 100vw, 800px\" \/><\/div><\/div><\/div><\/div><div class=\"flex_column av_one_full  flex_column_div av-zero-column-padding first  avia-builder-el-2  el_after_av_one_full  el_before_av_one_full  column-top-margin\" style='border-radius:0px; '><section class=\"av_textblock_section \"  itemscope=\"itemscope\" itemtype=\"https:\/\/schema.org\/BlogPosting\" itemprop=\"blogPost\" ><div class='avia_textblock  '   itemprop=\"text\" ><p style=\"text-align: center;\"><span style=\"font-size: 18pt;\"><b>Seremi y equipo t\u00e9cnico de Educaci\u00f3n realizaron jornada de trabajo en terreno en la comuna de Ays\u00e9n sobre Convivencia Escolar<\/b><\/span><\/p>\n<div id=\"gtx-trans\" style=\"position: absolute; left: -50px; top: 4.31534px;\">\n<div class=\"gtx-trans-icon\"><\/div>\n<\/div>\n<\/div><\/section><\/div><div class=\"flex_column av_one_full  flex_column_div av-zero-column-padding first  avia-builder-el-4  el_after_av_one_full  el_before_av_hr  column-top-margin\" style='border-radius:0px; '><section class=\"av_textblock_section \"  itemscope=\"itemscope\" itemtype=\"https:\/\/schema.org\/BlogPosting\" itemprop=\"blogPost\" ><div class='avia_textblock  '   itemprop=\"text\" ><p class=\"v1MsoNormal\" style=\"text-align: justify;\">La Seremi Isabel Garrido Casassa y un equipo t\u00e9cnico de la SECREDUC y Departamento Provincial de Educaci\u00f3n Coyhaique se desplegaron en una jornada de terreno en la comuna de Ays\u00e9n, en el marco de la estrategia de acompa\u00f1amiento a los establecimientos educacionales de la regi\u00f3n.<\/p>\n<p class=\"v1MsoNormal\" style=\"text-align: justify;\">Junto a la Seremi concurrieron el Jefe del Departamento Provincial de Educaci\u00f3n Coyhaique Yoal D\u00edaz Reyes, la Jefa Regional de Educaci\u00f3n Carmen Ortega y la Jefa de Gabinete SECREDUC Katherine Miqueles..<\/p>\n<p class=\"v1MsoNormal\" style=\"text-align: justify;\">El periplo del equipo SECREDUC- DEPROV se inici\u00f3 visitando la Escuela Almirante Simpson de Puerto Chacabuco para trabajar sobre el reencuentro educativo, convivencia y recuperaci\u00f3n de aprendizajes. All\u00ed fueron recibidos por el Director de la Escuela Almirante Simpson Alejandro Gallardo y la Jefa de la Unidad T\u00e9cnico Pedag\u00f3gica (UTP ) del plantel Camila Redlich Alvarado. En ese plantel conocieron el trabajo pedag\u00f3gico que se desarrolla en torno a la Biblioteca Escolar CRA.<\/p>\n<p class=\"v1MsoNormal\" style=\"text-align: justify;\">Ya en Puerto Ays\u00e9n, la Seremi Isabel Garrido Casassa y el Jefe Deprov Coyhaique Yoal D\u00edaz Reyes sostuvieron una reuni\u00f3n de trabajo con el equipo de Educaci\u00f3n de la municipalidad de Ays\u00e9n liderado por Tamara Villegas. Tambi\u00e9n sostuvieron una audiencia con el Alcalde Julio Uribe con quien abordaron los \u00faltimos hechos de violencia escolar que afectaron al Liceo Municipal Ra\u00fal Broussain Campino.<\/p>\n<p class=\"v1MsoNormal\" style=\"text-align: justify;\">En el Liceo Polit\u00e9cnico A 1 la Seremi Isabel Garrido lider\u00f3 la reuni\u00f3n del Gabinete Regional del Sistema de Aseguramiento de la Calidad (SAC), que integran la Agencia de la Calidad de Educaci\u00f3n, la Superintendencia Educaci\u00f3n Escolar. El tema fue la convivencia escolar y el acompa\u00f1amiento cercano y oportuno de las comunidades educativas en el reencuentro escolar que no ha estado exento de dificultades. Tambi\u00e9n se planific\u00f3 una agenda de despliegue territorial para visitar los colegios de la regi\u00f3n que presentan mayores desaf\u00edos de convivencia escolar.<\/p>\n<p class=\"v1MsoNormal\" style=\"text-align: justify;\">Durante la tarde, el equipo de supervisi\u00f3n del Deprov Coyhaique se sum\u00f3 a una jornada de reflexi\u00f3n del equipo docente y de asistentes de la educaci\u00f3n del Liceo Ra\u00fal Broussain Campino sobre convivencia escolar y contenci\u00f3n socioemocional. La\u00a0 seremi en tanto se reuni\u00f3 con el equipo directivo del colegio municipal.<\/p>\n<p class=\"v1MsoNormal\" style=\"text-align: justify;\">En una pausa en la agenda de trabajo t\u00e9cnico la seremi fue entrevistada por los estudiantes Celeste Garc\u00e9s y Ernesto Meli\u00e1n del Liceo Bicentenario San Jos\u00e9 UR de Puerto Ays\u00e9n en un distendido di\u00e1logo.<\/p>\n<p class=\"v1MsoNormal\" style=\"text-align: justify;\">Al hacer una evaluaci\u00f3n de la jornada en terreno, Isabel Garrido se\u00f1al\u00f3 que \u201cEs indispensable conocer c\u00f3mo las decisiones de pol\u00edtica educativa se implementan realmente en el terreno, y para eso seguiremos escuchando de primera fuente a las comunidades educativas. Pudimos ver que los equipos directivos han hecho uso de las herramientas que se han puesto a disposici\u00f3n por el Ministerio para abordar los desaf\u00edos en convivencia, como la flexibilidad de la Jornada Escolar Completa y espacios reflexivos; tambi\u00e9n que hace falta apoyo en materias especializadas, que buscaremos hacer llegar de manera oportuna a las comunidades que lo requieran\u00bb.<\/p>\n<p class=\"v1MsoNormal\" style=\"text-align: justify;\"><b>Presentaci\u00f3n Pol\u00edtica de Reactivaci\u00f3n Educativa Seamos Comunidad<\/b><\/p>\n<p class=\"v1MsoNormal\" style=\"text-align: justify;\">El\u00a0 ministro de Educaci\u00f3n, Marco Antonio \u00c1vila, present\u00f3 la Pol\u00edtica de Reactivaci\u00f3n Educativa Integral \u201cSeamos Comunidad\u201d, instancia en la que detall\u00f3 los objetivos de esta pol\u00edtica que se desplegar\u00e1 en distintas etapas para hacer frente a las consecuencias de la pandemia y dos a\u00f1os de\u00a0 no presencialidad.<\/p>\n<p class=\"v1MsoNormal\" style=\"text-align: justify;\">\u201cLa\u00a0Pol\u00edtica\u00a0\u201cSeamos Comunidad\u201d, busca aportar a enfrentar los efectos que la pandemia provoc\u00f3 en las comunidades educativas y sus integrantes, en factores tan prioritarios como la\u00a0convivencia escolar y\u00a0salud mental, la\u00a0recuperaci\u00f3n de integral de aprendizajes, la mejora en las condiciones de\u00a0infraestructura, la\u00a0conectividad y transformaci\u00f3n digital,\u00a0y\u00a0 la\u00a0retenci\u00f3n\u00a0de las y los estudiantes en el sistema educativo\u201d, adelant\u00f3 Isabel Garrido sobre esta estrategia ministerial que ser\u00e1 presentada oficialmente en la regi\u00f3n de Ays\u00e9n esta semana.<\/p>\n<\/div><\/section><\/div><div  style='height:50px' class='hr hr-invisible   avia-builder-el-6  el_after_av_one_full  el_before_av_social_share '><span class='hr-inner ' ><span class='hr-inner-style'><\/span><\/span><\/div><\/p>\n<div  class='av-social-sharing-box  avia-builder-el-7  el_after_av_hr  el_before_av_hr  '><div class='av-share-box'><h5 class='av-share-link-description av-no-toc '>Compartir esta noticia<\/h5><ul class='av-share-box-list noLightbox'><li class='av-share-link av-social-link-facebook' ><a target=\"_blank\" aria-label=\"Compartir en Facebook\" href='https:\/\/www.facebook.com\/sharer.php?u=https:\/\/radiorevelacionfm.cl\/?p=16840&#038;t=Seremi%20y%20equipo%20t%C3%A9cnico%20de%20Educaci%C3%B3n%20realizaron%20jornada%20de%20trabajo%20en%20terreno%20en%20la%20comuna%20de%20Ays%C3%A9n%20sobre%20Convivencia%20Escolar' aria-hidden='false' data-av_icon='\ue8f3' data-av_iconfont='entypo-fontello' title='' data-avia-related-tooltip='Compartir en Facebook' rel=\"noopener\"><span class='avia_hidden_link_text'>Compartir en Facebook<\/span><\/a><\/li><li class='av-share-link av-social-link-twitter' ><a target=\"_blank\" aria-label=\"Compartir en Twitter\" href='https:\/\/twitter.com\/share?text=Seremi%20y%20equipo%20t%C3%A9cnico%20de%20Educaci%C3%B3n%20realizaron%20jornada%20de%20trabajo%20en%20terreno%20en%20la%20comuna%20de%20Ays%C3%A9n%20sobre%20Convivencia%20Escolar&#038;url=https:\/\/radiorevelacionfm.cl\/?p=16840' aria-hidden='false' data-av_icon='\ue8f1' data-av_iconfont='entypo-fontello' title='' data-avia-related-tooltip='Compartir en Twitter' rel=\"noopener\"><span class='avia_hidden_link_text'>Compartir en Twitter<\/span><\/a><\/li><li class='av-share-link av-social-link-whatsapp' ><a target=\"_blank\" aria-label=\"Compartir en Whatsapp\" href='https:\/\/api.whatsapp.com\/send?text=https:\/\/radiorevelacionfm.cl\/?p=16840' aria-hidden='false' data-av_icon='\uf232' data-av_iconfont='entypo-fontello' title='' data-avia-related-tooltip='Compartir en Whatsapp' rel=\"noopener\"><span class='avia_hidden_link_text'>Compartir en Whatsapp<\/span><\/a><\/li><li class='av-share-link av-social-link-linkedin' ><a target=\"_blank\" aria-label=\"Compartir en LinkedIn\" href='https:\/\/linkedin.com\/shareArticle?mini=true&#038;title=Seremi%20y%20equipo%20t%C3%A9cnico%20de%20Educaci%C3%B3n%20realizaron%20jornada%20de%20trabajo%20en%20terreno%20en%20la%20comuna%20de%20Ays%C3%A9n%20sobre%20Convivencia%20Escolar&#038;url=https:\/\/radiorevelacionfm.cl\/?p=16840' aria-hidden='false' data-av_icon='\ue8fc' data-av_iconfont='entypo-fontello' title='' data-avia-related-tooltip='Compartir en LinkedIn' rel=\"noopener\"><span class='avia_hidden_link_text'>Compartir en LinkedIn<\/span><\/a><\/li><li class='av-share-link av-social-link-mail' ><a  aria-label=\"Compartir por correo\" href='mailto:?subject=Seremi%20y%20equipo%20t%C3%A9cnico%20de%20Educaci%C3%B3n%20realizaron%20jornada%20de%20trabajo%20en%20terreno%20en%20la%20comuna%20de%20Ays%C3%A9n%20sobre%20Convivencia%20Escolar&#038;body=https:\/\/radiorevelacionfm.cl\/?p=16840' aria-hidden='false' data-av_icon='\ue805' data-av_iconfont='entypo-fontello' title='' data-avia-related-tooltip='Compartir por correo'><span class='avia_hidden_link_text'>Compartir por correo<\/span><\/a><\/li><\/ul><\/div><\/div>\n<div  style='height:50px' class='hr hr-invisible   avia-builder-el-8  el_after_av_social_share  el_before_av_comments_list '><span class='hr-inner ' ><span class='hr-inner-style'><\/span><\/span><\/div>\n<div  class='av-buildercomment  av-blog-meta-html-info-disabled av-blog-meta-tag-disabled  '><\/div>\n","protected":false},"excerpt":{"rendered":"","protected":false},"author":1,"featured_media":16841,"comment_status":"open","ping_status":"open","sticky":false,"template":"","format":"standard","meta":{"footnotes":""},"categories":[49],"tags":[],"class_list":["post-16840","post","type-post","status-publish","format-standard","has-post-thumbnail","hentry","category-educacion"],"jetpack_featured_media_url":"https:\/\/radiorevelacionfm.cl\/wp-content\/uploads\/2022\/05\/Visita-en-terreno-Esc-Chacabuco-1-1.jpeg","_links":{"self":[{"href":"https:\/\/radiorevelacionfm.cl\/index.php?rest_route=\/wp\/v2\/posts\/16840","targetHints":{"allow":["GET"]}}],"collection":[{"href":"https:\/\/radiorevelacionfm.cl\/index.php?rest_route=\/wp\/v2\/posts"}],"about":[{"href":"https:\/\/radiorevelacionfm.cl\/index.php?rest_route=\/wp\/v2\/types\/post"}],"author":[{"embeddable":true,"href":"https:\/\/radiorevelacionfm.cl\/index.php?rest_route=\/wp\/v2\/users\/1"}],"replies":[{"embeddable":true,"href":"https:\/\/radiorevelacionfm.cl\/index.php?rest_route=%2Fwp%2Fv2%2Fcomments&post=16840"}],"version-history":[{"count":2,"href":"https:\/\/radiorevelacionfm.cl\/index.php?rest_route=\/wp\/v2\/posts\/16840\/revisions"}],"predecessor-version":[{"id":16862,"href":"https:\/\/radiorevelacionfm.cl\/index.php?rest_route=\/wp\/v2\/posts\/16840\/revisions\/16862"}],"wp:featuredmedia":[{"embeddable":true,"href":"https:\/\/radiorevelacionfm.cl\/index.php?rest_route=\/wp\/v2\/media\/16841"}],"wp:attachment":[{"href":"https:\/\/radiorevelacionfm.cl\/index.php?rest_route=%2Fwp%2Fv2%2Fmedia&parent=16840"}],"wp:term":[{"taxonomy":"category","embeddable":true,"href":"https:\/\/radiorevelacionfm.cl\/index.php?rest_route=%2Fwp%2Fv2%2Fcategories&post=16840"},{"taxonomy":"post_tag","embeddable":true,"href":"https:\/\/radiorevelacionfm.cl\/index.php?rest_route=%2Fwp%2Fv2%2Ftags&post=16840"}],"curies":[{"name":"wp","href":"https:\/\/api.w.org\/{rel}","templated":true}]}}