{"id":16837,"date":"2022-05-16T16:08:03","date_gmt":"2022-05-16T19:08:03","guid":{"rendered":"https:\/\/radiorevelacionfm.cl\/?p=16837"},"modified":"2022-05-16T16:08:03","modified_gmt":"2022-05-16T19:08:03","slug":"destacan-a-entes-publicos-y-privados-que-se-suman-a-la-capacitacion-de-organizaciones-de-mujeres-campesinas-de-puerto-aysen","status":"publish","type":"post","link":"https:\/\/radiorevelacionfm.cl\/?p=16837","title":{"rendered":"Destacan a entes p\u00fablicos y privados que se suman a la capacitaci\u00f3n de organizaciones de mujeres campesinas de Puerto Ays\u00e9n"},"content":{"rendered":"<div class=\"flex_column av_one_full  flex_column_div av-zero-column-padding first  avia-builder-el-0  el_before_av_one_full  avia-builder-el-first  \" style='border-radius:0px; '><div  class='avia-image-container  av-styling-    avia-builder-el-1  avia-builder-el-no-sibling  avia-align-center '  itemprop=\"image\" itemscope=\"itemscope\" itemtype=\"https:\/\/schema.org\/ImageObject\"  ><div class='avia-image-container-inner'><div class='avia-image-overlay-wrap'><img decoding=\"async\" class='wp-image-16838 avia-img-lazy-loading-not-16838 avia_image' src=\"https:\/\/radiorevelacionfm.cl\/wp-content\/uploads\/2022\/05\/las-maravillas-1-trabajo-coordinado-1_optimized.jpg\" alt='' title='las-maravillas-1-trabajo-coordinado-(1)_optimized' height=\"600\" width=\"1067\"  itemprop=\"thumbnailUrl\" srcset=\"https:\/\/radiorevelacionfm.cl\/wp-content\/uploads\/2022\/05\/las-maravillas-1-trabajo-coordinado-1_optimized.jpg 1067w, https:\/\/radiorevelacionfm.cl\/wp-content\/uploads\/2022\/05\/las-maravillas-1-trabajo-coordinado-1_optimized-300x169.jpg 300w, https:\/\/radiorevelacionfm.cl\/wp-content\/uploads\/2022\/05\/las-maravillas-1-trabajo-coordinado-1_optimized-1030x579.jpg 1030w, https:\/\/radiorevelacionfm.cl\/wp-content\/uploads\/2022\/05\/las-maravillas-1-trabajo-coordinado-1_optimized-768x432.jpg 768w, https:\/\/radiorevelacionfm.cl\/wp-content\/uploads\/2022\/05\/las-maravillas-1-trabajo-coordinado-1_optimized-705x396.jpg 705w, https:\/\/radiorevelacionfm.cl\/wp-content\/uploads\/2022\/05\/las-maravillas-1-trabajo-coordinado-1_optimized-600x337.jpg 600w\" sizes=\"(max-width: 1067px) 100vw, 1067px\" \/><\/div><\/div><\/div><\/div><div class=\"flex_column av_one_full  flex_column_div av-zero-column-padding first  avia-builder-el-2  el_after_av_one_full  el_before_av_one_full  column-top-margin\" style='border-radius:0px; '><section class=\"av_textblock_section \"  itemscope=\"itemscope\" itemtype=\"https:\/\/schema.org\/BlogPosting\" itemprop=\"blogPost\" ><div class='avia_textblock  '   itemprop=\"text\" ><p style=\"text-align: center;\"><span style=\"font-size: 18pt;\"><strong>Destacan a entes p\u00fablicos y privados que se suman a la capacitaci\u00f3n de organizaciones de mujeres campesinas de Puerto Ays\u00e9n <\/strong><\/span><\/p>\n<div id=\"gtx-trans\" style=\"position: absolute; left: -50px; top: 4.31534px;\">\n<div class=\"gtx-trans-icon\"><\/div>\n<\/div>\n<\/div><\/section><\/div><div class=\"flex_column av_one_full  flex_column_div av-zero-column-padding first  avia-builder-el-4  el_after_av_one_full  el_before_av_hr  column-top-margin\" style='border-radius:0px; '><section class=\"av_textblock_section \"  itemscope=\"itemscope\" itemtype=\"https:\/\/schema.org\/BlogPosting\" itemprop=\"blogPost\" ><div class='avia_textblock  '   itemprop=\"text\" ><p style=\"text-align: justify;\">La agrupaci\u00f3n de mujeres campesinas de Puerto Ays\u00e9n \u201cLas Maravillas\u201d, hace pocos d\u00edas cerraron su proyecto \u201cHuerto Piloto de Producci\u00f3n de Alm\u00e1cigos y hortalizas, con sistema de captaci\u00f3n de agua lluvia, riego por aspersi\u00f3n y compostera\u201d, una iniciativa que lograron financiar y desarrollar gracias al Fondo de Protecci\u00f3n Ambiental FPA, del Ministerio del Medio Ambiente.<\/p>\n<p style=\"text-align: justify;\">Esta fue una instancia que signific\u00f3 la ejecuci\u00f3n de actividades te\u00f3ricas y pr\u00e1cticas, donde junto con interactuar con entidades p\u00fablicas tambi\u00e9n trabajaron de la mano con organismos privados, como el caso de empresas Bahamonde. Lo que deja de manifiesto que, el trabajo coordinado entre las organizaciones, el \u00e1rea publica y las empresas, demuestra sin lugar a dudas, una preocupaci\u00f3n por contribuir a \u201cun mejor lugar para habitar\u201d, se\u00f1al\u00f3 Daniela Leal, coordinadora del proyecto e integrante de la agrupaci\u00f3n \u201cLas Maravillas\u201d.<\/p>\n<p style=\"text-align: justify;\">\u201cHay lazos que son permanentes, como los que se dan con la Asociaci\u00f3n Gremial de Peque\u00f1os Campesinos y Ganaderos, tambi\u00e9n en esta oportunidad con las empresas. Con la empresa Bahamonde, la organizaci\u00f3n tiene un v\u00ednculo de colaboraci\u00f3n desde hace bastante tiempo, de hecho, vamos a participar de una actividad de capacitaci\u00f3n que ellos van a realizar prontamente y destacar igualmente en este caso la participaci\u00f3n de la empresa Finlez. Empresas Finlez y Bahamonde, que por la naturaleza de sus actividades generan impactos medioambientales, pero, a trav\u00e9s del apoyo a estas iniciativas y a trav\u00e9s del mejoramiento de sus pol\u00edticas internas, sin lugar a dudas que, contribuimos todos a tener un mejor lugar para habitar\u201d.<\/p>\n<p style=\"text-align: justify;\">En tanto, el Seremi de Medio Ambiente, Juli\u00e1n C\u00e1rdenas, puso en valor la uni\u00f3n de voluntades entre lo p\u00fablico y lo privado, en bien de iniciativas que derivan en acciones educativas para mejorar el trabajo de las organizaciones, en este caso, del mundo campesino.<\/p>\n<p style=\"text-align: justify;\">\u201cLos entes privados son socios estrat\u00e9gicos que siempre tienen que participar de este tipo de actividades, este tipo de emprendimientos, ellos finalmente son los motores con los cuales nosotros podemos desarrollar estas iniciativas y es fundamental contar con su participaci\u00f3n y su ayuda. Es muy importante la participaci\u00f3n que ha tenido la agrupaci\u00f3n Las Maravillas y esta es una gran instancia donde finalmente podemos apelar al rol educativo y al modelo de gesti\u00f3n de participaci\u00f3n, al modelo de gesti\u00f3n de educaci\u00f3n ambiental, al rol de l\u00edderes en la comunidad para poder impulsar pr\u00e1cticas que son sustentables y as\u00ed transmitirlas al resto de la comunidad y la sociedad toda\u201d, concluy\u00f3.<\/p>\n<\/div><\/section><\/div><div  style='height:50px' class='hr hr-invisible   avia-builder-el-6  el_after_av_one_full  el_before_av_social_share '><span class='hr-inner ' ><span class='hr-inner-style'><\/span><\/span><\/div><\/p>\n<div  class='av-social-sharing-box  avia-builder-el-7  el_after_av_hr  el_before_av_hr  '><div class='av-share-box'><h5 class='av-share-link-description av-no-toc '>Compartir esta noticia<\/h5><ul class='av-share-box-list noLightbox'><li class='av-share-link av-social-link-facebook' ><a target=\"_blank\" aria-label=\"Compartir en Facebook\" href='https:\/\/www.facebook.com\/sharer.php?u=https:\/\/radiorevelacionfm.cl\/?p=16837&#038;t=Destacan%20a%20entes%20p%C3%BAblicos%20y%20privados%20que%20se%20suman%20a%20la%20capacitaci%C3%B3n%20de%20organizaciones%20de%20mujeres%20campesinas%20de%20Puerto%20Ays%C3%A9n' aria-hidden='false' data-av_icon='\ue8f3' data-av_iconfont='entypo-fontello' title='' data-avia-related-tooltip='Compartir en Facebook' rel=\"noopener\"><span class='avia_hidden_link_text'>Compartir en Facebook<\/span><\/a><\/li><li class='av-share-link av-social-link-twitter' ><a target=\"_blank\" aria-label=\"Compartir en Twitter\" href='https:\/\/twitter.com\/share?text=Destacan%20a%20entes%20p%C3%BAblicos%20y%20privados%20que%20se%20suman%20a%20la%20capacitaci%C3%B3n%20de%20organizaciones%20de%20mujeres%20campesinas%20de%20Puerto%20Ays%C3%A9n&#038;url=https:\/\/radiorevelacionfm.cl\/?p=16837' aria-hidden='false' data-av_icon='\ue8f1' data-av_iconfont='entypo-fontello' title='' data-avia-related-tooltip='Compartir en Twitter' rel=\"noopener\"><span class='avia_hidden_link_text'>Compartir en Twitter<\/span><\/a><\/li><li class='av-share-link av-social-link-whatsapp' ><a target=\"_blank\" aria-label=\"Compartir en Whatsapp\" href='https:\/\/api.whatsapp.com\/send?text=https:\/\/radiorevelacionfm.cl\/?p=16837' aria-hidden='false' data-av_icon='\uf232' data-av_iconfont='entypo-fontello' title='' data-avia-related-tooltip='Compartir en Whatsapp' rel=\"noopener\"><span class='avia_hidden_link_text'>Compartir en Whatsapp<\/span><\/a><\/li><li class='av-share-link av-social-link-linkedin' ><a target=\"_blank\" aria-label=\"Compartir en LinkedIn\" href='https:\/\/linkedin.com\/shareArticle?mini=true&#038;title=Destacan%20a%20entes%20p%C3%BAblicos%20y%20privados%20que%20se%20suman%20a%20la%20capacitaci%C3%B3n%20de%20organizaciones%20de%20mujeres%20campesinas%20de%20Puerto%20Ays%C3%A9n&#038;url=https:\/\/radiorevelacionfm.cl\/?p=16837' aria-hidden='false' data-av_icon='\ue8fc' data-av_iconfont='entypo-fontello' title='' data-avia-related-tooltip='Compartir en LinkedIn' rel=\"noopener\"><span class='avia_hidden_link_text'>Compartir en LinkedIn<\/span><\/a><\/li><li class='av-share-link av-social-link-mail' ><a  aria-label=\"Compartir por correo\" href='mailto:?subject=Destacan%20a%20entes%20p%C3%BAblicos%20y%20privados%20que%20se%20suman%20a%20la%20capacitaci%C3%B3n%20de%20organizaciones%20de%20mujeres%20campesinas%20de%20Puerto%20Ays%C3%A9n&#038;body=https:\/\/radiorevelacionfm.cl\/?p=16837' aria-hidden='false' data-av_icon='\ue805' data-av_iconfont='entypo-fontello' title='' data-avia-related-tooltip='Compartir por correo'><span class='avia_hidden_link_text'>Compartir por correo<\/span><\/a><\/li><\/ul><\/div><\/div>\n<div  style='height:50px' class='hr hr-invisible   avia-builder-el-8  el_after_av_social_share  el_before_av_comments_list '><span class='hr-inner ' ><span class='hr-inner-style'><\/span><\/span><\/div>\n<div  class='av-buildercomment  av-blog-meta-html-info-disabled av-blog-meta-tag-disabled  '><\/div>\n","protected":false},"excerpt":{"rendered":"","protected":false},"author":1,"featured_media":16838,"comment_status":"open","ping_status":"open","sticky":false,"template":"","format":"standard","meta":{"footnotes":""},"categories":[45,37,38],"tags":[],"class_list":["post-16837","post","type-post","status-publish","format-standard","has-post-thumbnail","hentry","category-comercio","category-economia","category-regional"],"jetpack_featured_media_url":"https:\/\/radiorevelacionfm.cl\/wp-content\/uploads\/2022\/05\/las-maravillas-1-trabajo-coordinado-1_optimized.jpg","_links":{"self":[{"href":"https:\/\/radiorevelacionfm.cl\/index.php?rest_route=\/wp\/v2\/posts\/16837","targetHints":{"allow":["GET"]}}],"collection":[{"href":"https:\/\/radiorevelacionfm.cl\/index.php?rest_route=\/wp\/v2\/posts"}],"about":[{"href":"https:\/\/radiorevelacionfm.cl\/index.php?rest_route=\/wp\/v2\/types\/post"}],"author":[{"embeddable":true,"href":"https:\/\/radiorevelacionfm.cl\/index.php?rest_route=\/wp\/v2\/users\/1"}],"replies":[{"embeddable":true,"href":"https:\/\/radiorevelacionfm.cl\/index.php?rest_route=%2Fwp%2Fv2%2Fcomments&post=16837"}],"version-history":[{"count":2,"href":"https:\/\/radiorevelacionfm.cl\/index.php?rest_route=\/wp\/v2\/posts\/16837\/revisions"}],"predecessor-version":[{"id":16855,"href":"https:\/\/radiorevelacionfm.cl\/index.php?rest_route=\/wp\/v2\/posts\/16837\/revisions\/16855"}],"wp:featuredmedia":[{"embeddable":true,"href":"https:\/\/radiorevelacionfm.cl\/index.php?rest_route=\/wp\/v2\/media\/16838"}],"wp:attachment":[{"href":"https:\/\/radiorevelacionfm.cl\/index.php?rest_route=%2Fwp%2Fv2%2Fmedia&parent=16837"}],"wp:term":[{"taxonomy":"category","embeddable":true,"href":"https:\/\/radiorevelacionfm.cl\/index.php?rest_route=%2Fwp%2Fv2%2Fcategories&post=16837"},{"taxonomy":"post_tag","embeddable":true,"href":"https:\/\/radiorevelacionfm.cl\/index.php?rest_route=%2Fwp%2Fv2%2Ftags&post=16837"}],"curies":[{"name":"wp","href":"https:\/\/api.w.org\/{rel}","templated":true}]}}