{"id":16831,"date":"2022-05-16T15:28:48","date_gmt":"2022-05-16T18:28:48","guid":{"rendered":"https:\/\/radiorevelacionfm.cl\/?p=16831"},"modified":"2022-05-16T15:28:48","modified_gmt":"2022-05-16T18:28:48","slug":"dan-la-bienvenida-a-nueva-experiencia-de-ecoturismo-con-lupa-en-la-region-de-aysen","status":"publish","type":"post","link":"https:\/\/radiorevelacionfm.cl\/?p=16831","title":{"rendered":"Dan la bienvenida a nueva experiencia de Ecoturismo con Lupa en la regi\u00f3n de Ays\u00e9n"},"content":{"rendered":"<div class=\"flex_column av_one_full  flex_column_div av-zero-column-padding first  avia-builder-el-0  el_before_av_one_full  avia-builder-el-first  \" style='border-radius:0px; '><div  class='avia-image-container  av-styling-    avia-builder-el-1  avia-builder-el-no-sibling  avia-align-center '  itemprop=\"image\" itemscope=\"itemscope\" itemtype=\"https:\/\/schema.org\/ImageObject\"  ><div class='avia-image-container-inner'><div class='avia-image-overlay-wrap'><img decoding=\"async\" class='wp-image-16832 avia-img-lazy-loading-not-16832 avia_image' src=\"https:\/\/radiorevelacionfm.cl\/wp-content\/uploads\/2022\/05\/DSC00823-1-1.jpg\" alt='' title='DSC00823 (1) (1)' height=\"600\" width=\"900\"  itemprop=\"thumbnailUrl\" srcset=\"https:\/\/radiorevelacionfm.cl\/wp-content\/uploads\/2022\/05\/DSC00823-1-1.jpg 900w, https:\/\/radiorevelacionfm.cl\/wp-content\/uploads\/2022\/05\/DSC00823-1-1-300x200.jpg 300w, https:\/\/radiorevelacionfm.cl\/wp-content\/uploads\/2022\/05\/DSC00823-1-1-768x512.jpg 768w, https:\/\/radiorevelacionfm.cl\/wp-content\/uploads\/2022\/05\/DSC00823-1-1-705x470.jpg 705w, https:\/\/radiorevelacionfm.cl\/wp-content\/uploads\/2022\/05\/DSC00823-1-1-600x400.jpg 600w\" sizes=\"(max-width: 900px) 100vw, 900px\" \/><\/div><\/div><\/div><\/div><div class=\"flex_column av_one_full  flex_column_div av-zero-column-padding first  avia-builder-el-2  el_after_av_one_full  el_before_av_one_full  column-top-margin\" style='border-radius:0px; '><section class=\"av_textblock_section \"  itemscope=\"itemscope\" itemtype=\"https:\/\/schema.org\/BlogPosting\" itemprop=\"blogPost\" ><div class='avia_textblock  '   itemprop=\"text\" ><p style=\"text-align: center;\"><strong><span style=\"font-size: 18pt;\">Dan la bienvenida a nueva experiencia de Ecoturismo con Lupa en la regi\u00f3n de Ays\u00e9n<\/span><\/strong><\/p>\n<div id=\"gtx-trans\" style=\"position: absolute; left: -50px; top: 4.31534px;\">\n<div class=\"gtx-trans-icon\"><\/div>\n<\/div>\n<\/div><\/section><\/div><div class=\"flex_column av_one_full  flex_column_div av-zero-column-padding first  avia-builder-el-4  el_after_av_one_full  el_before_av_hr  column-top-margin\" style='border-radius:0px; '><section class=\"av_textblock_section \"  itemscope=\"itemscope\" itemtype=\"https:\/\/schema.org\/BlogPosting\" itemprop=\"blogPost\" ><div class='avia_textblock  '   itemprop=\"text\" ><p style=\"text-align: justify;\">En el marco de la ceremonia de cierre del Proyecto \u201cEcoturismo con lupa en \u00c1reas Silvestres Protegidas de Ays\u00e9n\u201d -Bosque con lupa-, se presentaron los resultados alcanzados por el Proyecto que es impulsado por el Campus Patagonia de la Universidad Austral de Chile y financiado por el Fondo de Innovaci\u00f3n para la Competitividad del Gobierno Regional de Ays\u00e9n.<\/p>\n<p style=\"text-align: justify;\">Durante sus tres a\u00f1os de gesti\u00f3n, el Proyecto Bosque con lupa tuvo como objetivo desarrollar un producto tur\u00edstico innovador, basado en el conocimiento, exploraci\u00f3n y cuidado de peque\u00f1os ecosistemas conformados por bri\u00f3fitas (musgos y hep\u00e1ticas), l\u00edquenes y macroinvertebrados de agua dulce presentes en la regi\u00f3n, buscando as\u00ed diversificar la oferta de turismo de intereses especiales y aumentar la competitividad de este rubro en Ays\u00e9n.<\/p>\n<p style=\"text-align: justify;\">Para cumplir su objetivo, el Proyecto desarroll\u00f3 diversas iniciativas, como por ejemplo: la identificaci\u00f3n de especies presentes en el Sendero \u201cEl paso de los colonos\u201d situado en el sector Angostura del Parque Nacional Queulat; la habilitaci\u00f3n del sendero para la realizaci\u00f3n del ecoturismo con lupa; la capacitaci\u00f3n de gu\u00edas de turismo, guardaparques y estudiantes de turismo para realizar guiados de ecoturismo con lupa, y la creaci\u00f3n de una Gu\u00eda de Campo.<\/p>\n<p style=\"text-align: justify;\"><strong>Ecoturismo con lupa: un viaje a menos de 1 cent\u00edmetro de altura<\/strong><\/p>\n<p style=\"text-align: justify;\">El ecoturismo con lupa es un tipo de turismo cient\u00edfico y de bajo impacto, implementado por primera vez por el bi\u00f3logo y fil\u00f3sofo Ricardo Rozzi y su equipo en el Parque Etnobot\u00e1nico Omora, que busca explorar y dar a conocer peque\u00f1os ecosistemas conformados por especies que en gran parte no superan el cent\u00edmetro de altura, por lo que es necesario una lupa para verlas en detalle.<\/p>\n<p style=\"text-align: justify;\">Inspirado en el trabajo de Rozzi y su equipo, Bosque con lupa decidi\u00f3 impulsar la creaci\u00f3n de un producto tur\u00edstico que pudieran aplicar gu\u00edas de turismo y guardaparques de la regi\u00f3n, por lo que fue implementada una capacitaci\u00f3n que incluy\u00f3 m\u00f3dulos sobre biolog\u00eda y diversidad de especies de bri\u00f3fitas, l\u00edquenes y macroinvertebrados de agua dulce; educaci\u00f3n y \u00e9tica ambiental, y marketing.<\/p>\n<p style=\"text-align: justify;\">Sobre la iniciativa, la Directora Regional de CONAF Ays\u00e9n, Claudia Reyes se\u00f1al\u00f3: \u201cEn el marco de ejecuci\u00f3n de un Proyecto de Ecoturismo con lupa, presentado por la Universidad Austral y que se llev\u00f3 a cabo en el Parque Nacional Queulat, mencionar la importancia que tiene para CONAF las alianzas y los trabajos mancomunados con la ciudadan\u00eda, de la mano de la educaci\u00f3n ambiental y tambi\u00e9n fortalecer los lazos con la academia y con los ciudadanos en general. As\u00ed que muchas gracias a la Universidad Austral por realizar este trabajo y por trabajar en conjunto con nuestros guadaparques d\u00e1ndoles mayores herramientas para que as\u00ed ellos puedan entregarlas a la comunidad\u201d.<\/p>\n<p style=\"text-align: justify;\"><strong>Conocimiento cient\u00edfico al servicio del desarrollo local<\/strong><\/p>\n<p style=\"text-align: justify;\">Durante la ceremonia de cierre, el Proyecto tambi\u00e9n present\u00f3 la Gu\u00eda de Campo \u201cEcoturismo con lupa: bri\u00f3fitas, l\u00edquenes y macroinvertebrados de agua dulce. Parque Nacional Queulat, Regi\u00f3n de Ays\u00e9n\u201d, la cual busca ser un recurso para gu\u00edas de turismo y guardaparques que quieran dar a conocer los peque\u00f1os ecosistemas presentes en las profundidades de los bosques siempreverdes del Parque Nacional Queulat.<\/p>\n<p style=\"text-align: justify;\">La Gobernadora de la Regi\u00f3n de Ays\u00e9n, Andrea Mac\u00edas destac\u00f3 la importancia del Proyecto para la regi\u00f3n: \u201cAcudimos al cierre de este Proyecto Ecoturismo con lupa, ejecutado por la UACh Campus Patagonia y financiado por el Gobierno Regional de Ays\u00e9n a trav\u00e9s de Fondo de Innovaci\u00f3n para la Competitividad, con cerca de 150 millones de pesos que se ejecutaron desde el a\u00f1o 2019 a la fecha, y que permiten hoy d\u00eda tener productos espec\u00edficos que sin duda se transforman en un apoyo para el sector turismo, para los gu\u00edas, y para las personas que se dedican a visitar \u00c1reas Silvestres Protegidas y que ponen en valor, no solo aquellos paisajes o monumentos hist\u00f3ricos, sino que tambi\u00e9n diversifican la oferta que hay al interior de las \u00c1reas Silvestres Protegidas. As\u00ed que muy contenta, aqu\u00ed vemos c\u00f3mo el conocimiento que se genera se puede transferir y este puede transformarse en una oportunidad de desarrollo para las personas\u201d.<\/p>\n<p style=\"text-align: justify;\">De esta manera, Bosque con lupa busca proyectar las posibilidades de ampliar y diversificar la oferta tur\u00edstica en la Regi\u00f3n, presentando una alternativa de turismo cient\u00edfico y de bajo impacto.<\/p>\n<p style=\"text-align: justify;\">Respecto a esto, el Director de SERNATUR Ays\u00e9n, Patricio Bast\u00edas indic\u00f3: \u201cMuy contento de haber podido participar en el lanzamiento de esta gu\u00eda. Es sumamente importante ir incorporando mayor conocimiento y sobre todo para el sector turismo, que estamos convencidos que van a venir tiempos muy buenos y, en ese sentido, todo lo que contribuya a mejorar la oferta, tanto en conocimiento como en el desarrollo de producto, claramente contribuye a que la actividad se vaya normalizando. As\u00ed que felicitar a la Universidad, a los profesores y por supuesto, al Gobierno Regional por invertir en este tipo de acciones\u201d.<\/p>\n<p style=\"text-align: justify;\">Sobre el rol que cumple el desarrollo del Proyecto Bosque con lupa en la Regi\u00f3n de Ays\u00e9n, su directora Viviana Pizarro concluye: \u201cTransformar el conocimiento cient\u00edfico en un producto tur\u00edstico, es una estrategia que por un lado benefici\u00f3 a gu\u00edas, guardaparques y estudiantes pero tambi\u00e9n aporta a la socializaci\u00f3n del conocimiento, hemos puesto en valor especies que sustentan la vida en el planeta y que debemos proteger y conservar, en este sentido gu\u00edas, guardaparques y estudiantes ser\u00e1n los embajadores de este conocimiento y esperamos que puedan asombrar a los visitantes de la regi\u00f3n de Ays\u00e9n con la belleza y diversidad que l\u00edquenes, bri\u00f3fitas y macroinvertebrados de agua dulce, nos presentan\u201d.<\/p>\n<\/div><\/section><\/div><div  style='height:50px' class='hr hr-invisible   avia-builder-el-6  el_after_av_one_full  el_before_av_social_share '><span class='hr-inner ' ><span class='hr-inner-style'><\/span><\/span><\/div><\/p>\n<div  class='av-social-sharing-box  avia-builder-el-7  el_after_av_hr  el_before_av_hr  '><div class='av-share-box'><h5 class='av-share-link-description av-no-toc '>Compartir esta noticia<\/h5><ul class='av-share-box-list noLightbox'><li class='av-share-link av-social-link-facebook' ><a target=\"_blank\" aria-label=\"Compartir en Facebook\" href='https:\/\/www.facebook.com\/sharer.php?u=https:\/\/radiorevelacionfm.cl\/?p=16831&#038;t=Dan%20la%20bienvenida%20a%20nueva%20experiencia%20de%20Ecoturismo%20con%20Lupa%20en%20la%20regi%C3%B3n%20de%20Ays%C3%A9n' aria-hidden='false' data-av_icon='\ue8f3' data-av_iconfont='entypo-fontello' title='' data-avia-related-tooltip='Compartir en Facebook' rel=\"noopener\"><span class='avia_hidden_link_text'>Compartir en Facebook<\/span><\/a><\/li><li class='av-share-link av-social-link-twitter' ><a target=\"_blank\" aria-label=\"Compartir en Twitter\" href='https:\/\/twitter.com\/share?text=Dan%20la%20bienvenida%20a%20nueva%20experiencia%20de%20Ecoturismo%20con%20Lupa%20en%20la%20regi%C3%B3n%20de%20Ays%C3%A9n&#038;url=https:\/\/radiorevelacionfm.cl\/?p=16831' aria-hidden='false' data-av_icon='\ue8f1' data-av_iconfont='entypo-fontello' title='' data-avia-related-tooltip='Compartir en Twitter' rel=\"noopener\"><span class='avia_hidden_link_text'>Compartir en Twitter<\/span><\/a><\/li><li class='av-share-link av-social-link-whatsapp' ><a target=\"_blank\" aria-label=\"Compartir en Whatsapp\" href='https:\/\/api.whatsapp.com\/send?text=https:\/\/radiorevelacionfm.cl\/?p=16831' aria-hidden='false' data-av_icon='\uf232' data-av_iconfont='entypo-fontello' title='' data-avia-related-tooltip='Compartir en Whatsapp' rel=\"noopener\"><span class='avia_hidden_link_text'>Compartir en Whatsapp<\/span><\/a><\/li><li class='av-share-link av-social-link-linkedin' ><a target=\"_blank\" aria-label=\"Compartir en LinkedIn\" href='https:\/\/linkedin.com\/shareArticle?mini=true&#038;title=Dan%20la%20bienvenida%20a%20nueva%20experiencia%20de%20Ecoturismo%20con%20Lupa%20en%20la%20regi%C3%B3n%20de%20Ays%C3%A9n&#038;url=https:\/\/radiorevelacionfm.cl\/?p=16831' aria-hidden='false' data-av_icon='\ue8fc' data-av_iconfont='entypo-fontello' title='' data-avia-related-tooltip='Compartir en LinkedIn' rel=\"noopener\"><span class='avia_hidden_link_text'>Compartir en LinkedIn<\/span><\/a><\/li><li class='av-share-link av-social-link-mail' ><a  aria-label=\"Compartir por correo\" href='mailto:?subject=Dan%20la%20bienvenida%20a%20nueva%20experiencia%20de%20Ecoturismo%20con%20Lupa%20en%20la%20regi%C3%B3n%20de%20Ays%C3%A9n&#038;body=https:\/\/radiorevelacionfm.cl\/?p=16831' aria-hidden='false' data-av_icon='\ue805' data-av_iconfont='entypo-fontello' title='' data-avia-related-tooltip='Compartir por correo'><span class='avia_hidden_link_text'>Compartir por correo<\/span><\/a><\/li><\/ul><\/div><\/div>\n<div  style='height:50px' class='hr hr-invisible   avia-builder-el-8  el_after_av_social_share  el_before_av_comments_list '><span class='hr-inner ' ><span class='hr-inner-style'><\/span><\/span><\/div>\n<div  class='av-buildercomment  av-blog-meta-html-info-disabled av-blog-meta-tag-disabled  '><\/div>\n","protected":false},"excerpt":{"rendered":"","protected":false},"author":1,"featured_media":16832,"comment_status":"open","ping_status":"open","sticky":false,"template":"","format":"standard","meta":{"footnotes":""},"categories":[53,52,38],"tags":[],"class_list":["post-16831","post","type-post","status-publish","format-standard","has-post-thumbnail","hentry","category-ciencia","category-cultura","category-regional"],"jetpack_featured_media_url":"https:\/\/radiorevelacionfm.cl\/wp-content\/uploads\/2022\/05\/DSC00823-1-1.jpg","_links":{"self":[{"href":"https:\/\/radiorevelacionfm.cl\/index.php?rest_route=\/wp\/v2\/posts\/16831","targetHints":{"allow":["GET"]}}],"collection":[{"href":"https:\/\/radiorevelacionfm.cl\/index.php?rest_route=\/wp\/v2\/posts"}],"about":[{"href":"https:\/\/radiorevelacionfm.cl\/index.php?rest_route=\/wp\/v2\/types\/post"}],"author":[{"embeddable":true,"href":"https:\/\/radiorevelacionfm.cl\/index.php?rest_route=\/wp\/v2\/users\/1"}],"replies":[{"embeddable":true,"href":"https:\/\/radiorevelacionfm.cl\/index.php?rest_route=%2Fwp%2Fv2%2Fcomments&post=16831"}],"version-history":[{"count":2,"href":"https:\/\/radiorevelacionfm.cl\/index.php?rest_route=\/wp\/v2\/posts\/16831\/revisions"}],"predecessor-version":[{"id":16848,"href":"https:\/\/radiorevelacionfm.cl\/index.php?rest_route=\/wp\/v2\/posts\/16831\/revisions\/16848"}],"wp:featuredmedia":[{"embeddable":true,"href":"https:\/\/radiorevelacionfm.cl\/index.php?rest_route=\/wp\/v2\/media\/16832"}],"wp:attachment":[{"href":"https:\/\/radiorevelacionfm.cl\/index.php?rest_route=%2Fwp%2Fv2%2Fmedia&parent=16831"}],"wp:term":[{"taxonomy":"category","embeddable":true,"href":"https:\/\/radiorevelacionfm.cl\/index.php?rest_route=%2Fwp%2Fv2%2Fcategories&post=16831"},{"taxonomy":"post_tag","embeddable":true,"href":"https:\/\/radiorevelacionfm.cl\/index.php?rest_route=%2Fwp%2Fv2%2Ftags&post=16831"}],"curies":[{"name":"wp","href":"https:\/\/api.w.org\/{rel}","templated":true}]}}